{"id":56285,"date":"2024-11-08T16:53:30","date_gmt":"2024-11-08T16:53:30","guid":{"rendered":"https:\/\/tvbrazilusa.com\/2024\/11\/08\/em-entrevista-lula-critica-empresarios-vivem-de-subsidios\/"},"modified":"2024-11-08T16:53:31","modified_gmt":"2024-11-08T16:53:31","slug":"em-entrevista-lula-critica-empresarios-vivem-de-subsidios","status":"publish","type":"post","link":"https:\/\/tvbrazilusa.com\/pt\/2024\/11\/08\/em-entrevista-lula-critica-empresarios-vivem-de-subsidios\/","title":{"rendered":"Em entrevista, Lula critica empres\u00e1rios: &#8216;Vivem de subs\u00eddios&#8217;"},"content":{"rendered":"<p> <script async src=\"https:\/\/pagead2.googlesyndication.com\/pagead\/js\/adsbygoogle.js?client=ca-pub-8864793242727901\"\r\n     crossorigin=\"anonymous\"><\/script><br \/>\n<\/p>\n<div id=\"taboola-read-more\" style=\"display:block; width:100%\">\n<p>O presidente Luiz In\u00e1cio Lula da Silva (PT) voltou a criticar o setor produtivo e o mercado financeiro pelo desequil\u00edbrio das contas p\u00fablicas. As declara\u00e7\u00f5es foram feitas durante uma entrevista \u00e0 RedeTV conduzida pelos senadores Jorge Kajuru (PSB-GO) e Leila Barros (PDT-DF).\n<\/p>\n<p>No programa, Lula tamb\u00e9m expressou descontentamento com o Congresso Nacional e enfatizou a necessidade de reduzir o valor de emendas ao Or\u00e7amento propostas por deputados e senadores.<\/p>\n<p>Em momento algum, por\u00e9m, o petista admitiu que o governo gasta de forma excessiva e que j\u00e1 acumula um deficit fiscal equivalente ao do per\u00edodo da pandemia \u2014 s\u00f3 que sem nenhum tipo de crise sanit\u00e1ria.\n<\/p>\n<p>Perguntado sobre como fazer o ajuste fiscal necess\u00e1rio para equilibrar as contas p\u00fablicas, Lula criticou o Poder Legislativo, embora tenha contado com a colabora\u00e7\u00e3o de deputados e senadores antes mesmo de tomar posse, em 2022, quando foi aprovada a Proposta de Emenda \u00e0 Constitui\u00e7\u00e3o (PEC) fura-teto, que deu R$ 170 bilh\u00f5es de verbas a mais ao governo petista em 2023.\n<\/p>\n<p>\u201cN\u00f3s n\u00e3o podemos mais jogar, toda vez que voc\u00ea tem que cortar alguma coisa, em cima do ombro das pessoas mais necessitadas\u201d, disse Lula. \u201cSe eu fizer o corte de gastos para diminuir a capacidade de investimentos do Or\u00e7amento, o Congresso vai aceitar as emendas de deputados e senadores para contribuir com o ajuste fiscal que eu vou fazer?\u201d\n<\/p>\n<p>Em trecho de entrevista, Lula omite or\u00e7amento para \u00e1reas sociais<br \/>No trecho da entrevista, que vai ao ar na \u00edntegra neste domingo, 10, Lula n\u00e3o disse que o Brasil tem um or\u00e7amento anual para as \u00e1reas sociais de aproximadamente R$ 397 bilh\u00f5es por ano, conforme levantado pelo Poder360.\n<\/p>\n<p>Segundo o portal, nunca foi realizado um estudo nos governos de Bolsonaro e de Lula para comprovar por que seria necess\u00e1rio aumentar o valor m\u00e9dio dos pagamentos do Bolsa Fam\u00edlia de cerca de R$ 200 para perto de R$ 600 por m\u00eas.\n<\/p>\n<p>Quando assumiu o Planalto, Lula n\u00e3o apenas manteve os R$ 600, como aumentou esse montante para R$ 700.\n<\/p>\n<p>\u201cOs empres\u00e1rios que vivem de subs\u00eddios do governo v\u00e3o aceitar abrir m\u00e3o de um pouco de subs\u00eddios para a gente poder equilibrar a economia brasileira?\u201d, perguntou Lula em outro trecho da entrevista.\n<\/p>\n<p>\u201cEu estou num processo de discuss\u00e3o muito, muito s\u00e9rio com o governo, porque conhe\u00e7o bem o discurso do mercado, conhe\u00e7o a gana especulativa do mercado\u201d, acrescentou. \u201cE, \u00e0s vezes, acho que o mercado age com certa hipocrisia, com uma contribui\u00e7\u00e3o muito grande da imprensa brasileira, para tentar criar confus\u00e3o na cabe\u00e7a da sociedade.\u201d<\/p>\n<p>Fonte: Revista Oeste\n<\/p>\n<h2 class=\"wp-block-heading\">\u00a0<\/h2>\n<\/p><\/div>\n<p><br \/>\n<br \/><a href=\"https:\/\/diariodobrasilnoticias.com.br\/noticia\/em-entrevista-lula-critica-empresarios-vivem-de-subsidios-672e216525f3c\">Source link <\/a><\/p>","protected":false},"excerpt":{"rendered":"<p>O presidente Luiz In\u00e1cio Lula da Silva (PT) voltou a criticar o setor produtivo e o mercado financeiro pelo desequil\u00edbrio das contas p\u00fablicas. As declara\u00e7\u00f5es foram feitas durante uma entrevista&hellip;<\/p>","protected":false},"author":1,"featured_media":56286,"comment_status":"closed","ping_status":"open","sticky":false,"template":"","format":"standard","meta":{"content-type":"","footnotes":""},"categories":[16],"tags":[123,2448,5313,1267],"class_list":["post-56285","post","type-post","status-publish","format-standard","has-post-thumbnail","hentry","category-noticias","tag-brasil","tag-diario","tag-noticia","tag-noticias"],"_links":{"self":[{"href":"https:\/\/tvbrazilusa.com\/pt\/wp-json\/wp\/v2\/posts\/56285","targetHints":{"allow":["GET"]}}],"collection":[{"href":"https:\/\/tvbrazilusa.com\/pt\/wp-json\/wp\/v2\/posts"}],"about":[{"href":"https:\/\/tvbrazilusa.com\/pt\/wp-json\/wp\/v2\/types\/post"}],"author":[{"embeddable":true,"href":"https:\/\/tvbrazilusa.com\/pt\/wp-json\/wp\/v2\/users\/1"}],"replies":[{"embeddable":true,"href":"https:\/\/tvbrazilusa.com\/pt\/wp-json\/wp\/v2\/comments?post=56285"}],"version-history":[{"count":1,"href":"https:\/\/tvbrazilusa.com\/pt\/wp-json\/wp\/v2\/posts\/56285\/revisions"}],"predecessor-version":[{"id":56287,"href":"https:\/\/tvbrazilusa.com\/pt\/wp-json\/wp\/v2\/posts\/56285\/revisions\/56287"}],"wp:featuredmedia":[{"embeddable":true,"href":"https:\/\/tvbrazilusa.com\/pt\/wp-json\/wp\/v2\/media\/56286"}],"wp:attachment":[{"href":"https:\/\/tvbrazilusa.com\/pt\/wp-json\/wp\/v2\/media?parent=56285"}],"wp:term":[{"taxonomy":"category","embeddable":true,"href":"https:\/\/tvbrazilusa.com\/pt\/wp-json\/wp\/v2\/categories?post=56285"},{"taxonomy":"post_tag","embeddable":true,"href":"https:\/\/tvbrazilusa.com\/pt\/wp-json\/wp\/v2\/tags?post=56285"}],"curies":[{"name":"wp","href":"https:\/\/api.w.org\/{rel}","templated":true}]}}