{"id":56297,"date":"2024-11-08T17:08:21","date_gmt":"2024-11-08T17:08:21","guid":{"rendered":"https:\/\/tvbrazilusa.com\/2024\/11\/08\/meirelles-diz-que-trump-e-risco-menor-perto-de-avanco-da-divida-publica\/"},"modified":"2024-11-08T17:08:22","modified_gmt":"2024-11-08T17:08:22","slug":"meirelles-diz-que-trump-e-risco-menor-perto-de-avanco-da-divida-publica","status":"publish","type":"post","link":"https:\/\/tvbrazilusa.com\/pt\/2024\/11\/08\/meirelles-diz-que-trump-e-risco-menor-perto-de-avanco-da-divida-publica\/","title":{"rendered":"Meirelles diz que Trump \u00e9 risco menor perto de avan\u00e7o da d\u00edvida p\u00fablica"},"content":{"rendered":"<p> <script async src=\"https:\/\/pagead2.googlesyndication.com\/pagead\/js\/adsbygoogle.js?client=ca-pub-8864793242727901\"\r\n     crossorigin=\"anonymous\"><\/script><br \/>\n<\/p>\n<div id=\"taboola-read-more\" style=\"display:block; width:100%\">\n<p>A vit\u00f3ria de Donald Trump nos EUA n\u00e3o preocupa mais do que o ajuste fiscal necess\u00e1rio para conter o avan\u00e7o da d\u00edvida p\u00fablica brasileira. Para Henrique Meirelles, ex-ministro da Fazenda de Michel Temer e ex-presidente do Banco Central no governo Lula (2003-2011), a turbul\u00eancia no c\u00e2mbio gerada pelo retorno de Trump n\u00e3o preocupa tanto quanto a proje\u00e7\u00e3o do aumento da d\u00edvida.\n<\/p>\n<p>Nos \u00faltimos dez anos, a d\u00edvida p\u00fablica saltou de R$ 2,7 trilh\u00f5es, 53,7% do PIB, para R$ 8 trilh\u00f5es, o 74,4%. C\u00e1lculos da IFI (Institui\u00e7\u00e3o Fiscal Independente) do Senado indicam que ela pode romper a barreira de 80% do PIB neste ano.<\/p>\n<p>&#8220;O pa\u00eds n\u00e3o vai conseguir conviver com esse d\u00e9ficit sem ter problema econ\u00f4mico l\u00e1 na frente&#8221;, disse Meirelles em entrevista ao Painel S.A..\n<\/p>\n<p>IMPORTADOS\n<\/p>\n<p>O ex-ministro da Fazenda considera que haver\u00e1 barreiras tarif\u00e1rias erguidas por Trump a importados como forma de reverter a desindustrializa\u00e7\u00e3o. Nesse processo, acha dif\u00edcil que o Brasil seja prejudicado. &#8220;No caso da desindustrializa\u00e7\u00e3o americana, ele quer arrebentar. Isso afeta mais os pa\u00edses da \u00c1sia. O alvo maior dele \u00e9 a China. Agora, o Brasil exporta preferencialmente commodities. At\u00e9 que ponto vai querer produzir caf\u00e9 nos EUA? Na soja, eles s\u00e3o produtores. Mas o aumento da capacidade de produ\u00e7\u00e3o l\u00e1 pode gerar press\u00e3o inflacion\u00e1ria. \u00c9 dif\u00edcil&#8221;, disse.\n<\/p>\n<p>D\u00d3LAR\n<\/p>\n<p>Para Meirelles, a valoriza\u00e7\u00e3o do d\u00f3lar logo ap\u00f3s a vit\u00f3ria \u00e9 esperada e reflete ainda uma aposta de investidores de que ser\u00e1 mais seguro investir em t\u00edtulos dos EUA do que de emergentes, uma situa\u00e7\u00e3o que tende a se acomodar \u00e0 medida que seu governo tiver in\u00edcio. &#8220;O d\u00f3lar subiu contra alguns pa\u00edses e foi s\u00f3 isso. \u00c9 uma press\u00e3o de curto prazo. Temos de ver como isso se acomoda.&#8221;\n<\/p>\n<p>D\u00cdVIDA P\u00daBLICA\n<\/p>\n<p>A alta do d\u00f3lar \u00e9 um problema menor perto do avan\u00e7o da d\u00edvida p\u00fablica. &#8220;O problema \u00e9 a d\u00edvida p\u00fablica continuar subindo com esse tipo de d\u00e9ficit [fiscal]. Vai chegar num momento que ficar\u00e1 insustent\u00e1vel. O primeiro [problema, a alta do d\u00f3lar no curto prazo], coloca uma press\u00e3o de percep\u00e7\u00e3o de curto prazo, de impacto na infla\u00e7\u00e3o, taxa de juros, etc. Agora, o mais importante, e tem que resolver, \u00e9 a trajet\u00f3ria da d\u00edvida. O pa\u00eds n\u00e3o vai conseguir conviver com esse d\u00e9ficit sem ter problema econ\u00f4mico l\u00e1 na frente.&#8221;\n<\/p>\n<p>AJUSTE\n<\/p>\n<p>Para ele, a condu\u00e7\u00e3o da economia pela equipe de Fernando Haddad (ministro da Fazenda) &#8220;n\u00e3o \u00e9 excepcional, nem ruim&#8221;, mas conseguem equilibrar a press\u00e3o do PT, de um lado, e, de outro lado, com o que precisa ser feito. &#8220;N\u00e3o d\u00e1. Tem que enfrentar [corte de gastos]. Acho que Haddad e Simone Tebet [ministra do Planejamento] est\u00e3o certos. Tem que ser logo [o an\u00fancio do pacote].&#8221;\n<\/p>\n<p>Raio-X | Henrique Meirelles, 79\n<\/p>\n<p>Formado em engenharia civil pela USP, com MBA em Administra\u00e7\u00e3o na UFRJ e Advanced Management Program na Harvard Business School, al\u00e9m de doutor (t\u00edtulo honor\u00e1rio) pelo Bryant College. Atuou no BankBoston durante 28 anos, onde chegou \u00e0 presid\u00eancia global nos EUA; eleito deputado federal por Goi\u00e1s em 2002; presidente do Banco Central do Brasil (2003-2011); presidente da Autoridade P\u00fablica Ol\u00edmpica (2011-2015); ministro da Fazenda (2016-2018) e secret\u00e1rio de Fazenda e Planejamento de S\u00e3o Paulo (2019-2022).<\/p>\n<p>Fonte: Folha de S. Paulo              <\/p>\n<\/div>\n<p><br \/>\n<br \/><a href=\"https:\/\/diariodobrasilnoticias.com.br\/noticia\/meirelles-diz-que-trump-e-risco-menor-perto-de-avanco-da-divida-publica-672e332d06f5e\">Source link <\/a><\/p>","protected":false},"excerpt":{"rendered":"<p>A vit\u00f3ria de Donald Trump nos EUA n\u00e3o preocupa mais do que o ajuste fiscal necess\u00e1rio para conter o avan\u00e7o da d\u00edvida p\u00fablica brasileira. Para Henrique Meirelles, ex-ministro da Fazenda&hellip;<\/p>","protected":false},"author":1,"featured_media":56298,"comment_status":"closed","ping_status":"open","sticky":false,"template":"","format":"standard","meta":{"content-type":"","footnotes":""},"categories":[16],"tags":[123,2448,5313,1267],"class_list":["post-56297","post","type-post","status-publish","format-standard","has-post-thumbnail","hentry","category-noticias","tag-brasil","tag-diario","tag-noticia","tag-noticias"],"_links":{"self":[{"href":"https:\/\/tvbrazilusa.com\/pt\/wp-json\/wp\/v2\/posts\/56297","targetHints":{"allow":["GET"]}}],"collection":[{"href":"https:\/\/tvbrazilusa.com\/pt\/wp-json\/wp\/v2\/posts"}],"about":[{"href":"https:\/\/tvbrazilusa.com\/pt\/wp-json\/wp\/v2\/types\/post"}],"author":[{"embeddable":true,"href":"https:\/\/tvbrazilusa.com\/pt\/wp-json\/wp\/v2\/users\/1"}],"replies":[{"embeddable":true,"href":"https:\/\/tvbrazilusa.com\/pt\/wp-json\/wp\/v2\/comments?post=56297"}],"version-history":[{"count":1,"href":"https:\/\/tvbrazilusa.com\/pt\/wp-json\/wp\/v2\/posts\/56297\/revisions"}],"predecessor-version":[{"id":56299,"href":"https:\/\/tvbrazilusa.com\/pt\/wp-json\/wp\/v2\/posts\/56297\/revisions\/56299"}],"wp:featuredmedia":[{"embeddable":true,"href":"https:\/\/tvbrazilusa.com\/pt\/wp-json\/wp\/v2\/media\/56298"}],"wp:attachment":[{"href":"https:\/\/tvbrazilusa.com\/pt\/wp-json\/wp\/v2\/media?parent=56297"}],"wp:term":[{"taxonomy":"category","embeddable":true,"href":"https:\/\/tvbrazilusa.com\/pt\/wp-json\/wp\/v2\/categories?post=56297"},{"taxonomy":"post_tag","embeddable":true,"href":"https:\/\/tvbrazilusa.com\/pt\/wp-json\/wp\/v2\/tags?post=56297"}],"curies":[{"name":"wp","href":"https:\/\/api.w.org\/{rel}","templated":true}]}}