{"id":56309,"date":"2024-11-08T17:33:59","date_gmt":"2024-11-08T17:33:59","guid":{"rendered":"https:\/\/tvbrazilusa.com\/2024\/11\/08\/a-tentativa-frustrada-da-danone-de-boicotar-o-brasil-e-seus-bastidores\/"},"modified":"2024-11-08T17:34:01","modified_gmt":"2024-11-08T17:34:01","slug":"a-tentativa-frustrada-da-danone-de-boicotar-o-brasil-e-seus-bastidores","status":"publish","type":"post","link":"https:\/\/tvbrazilusa.com\/pt\/2024\/11\/08\/a-tentativa-frustrada-da-danone-de-boicotar-o-brasil-e-seus-bastidores\/","title":{"rendered":"A tentativa frustrada da Danone de boicotar o Brasil e seus bastidores"},"content":{"rendered":"<p> <script async src=\"https:\/\/pagead2.googlesyndication.com\/pagead\/js\/adsbygoogle.js?client=ca-pub-8864793242727901\"\r\n     crossorigin=\"anonymous\"><\/script><br \/>\n<\/p>\n<div id=\"taboola-read-more\" style=\"display:block; width:100%\">\n<p>No dia 25 de outubro, a multinacional francesa de latic\u00ednios, Danone, anunciou que parou de comprar soja do Brasil e que passaria a comprar apenas de pa\u00edses asi\u00e1ticos.\n<\/p>\n<p>A justificativa foi que no Brasil n\u00e3o h\u00e1 produ\u00e7\u00e3o sustent\u00e1vel. O setor produtivo reagiu imediatamente, at\u00e9 consumidores iniciaram uma campanha contra a empresa.<\/p>\n<p>Com a rea\u00e7\u00e3o brasileira, logo em seguida, a empresa recuou e desmentiu o comunicado anterior. A companhia enfatizou que continuar\u00e1 a comprar soja brasileira em conformidade com as regulamenta\u00e7\u00f5es locais e internacionais.\n<\/p>\n<p>Em A For\u00e7a do Agro desta quinta-feira, 7, o espectador conferiu como o Brasil enfrenta press\u00f5es globais por ser um grande exportador de commodities.\n<\/p>\n<p><strong>Danone, soja e a import\u00e2ncia do agro brasileiro<\/strong><br \/>No Brasil, o agroneg\u00f3cio desempenha um papel fundamental como um dos principais motores que movimentam a economia.\n<\/p>\n<p>Al\u00e9m de ser respons\u00e1vel por cerca de 30% do Produto Interno Bruto do pa\u00eds, o agroneg\u00f3cio gera empregos, alimento, sustenta fam\u00edlias, entre outros.\n<\/p>\n<p>Em A For\u00e7a do Agro, s\u00e3o debatidos os principais fatores que afetam o agro nacional. Desde os principais desafios \u00e0 oportunidades.\n<\/p>\n<p>De segunda a sexta-feira, o programa leva informa\u00e7\u00e3o e conhecimento ao internauta e tem o papel de conectar o campo \u00e0 cidade, de uma maneira leve e descontra\u00edda.<\/p>\n<p>Fonte: Revista Oeste              <\/p>\n<\/div>\n<p><br \/>\n<br \/><a href=\"https:\/\/diariodobrasilnoticias.com.br\/noticia\/a-tentativa-frustrada-da-danone-de-boicotar-o-brasil-e-seus-bastidores-672e26097a3d2\">Source link <\/a><\/p>","protected":false},"excerpt":{"rendered":"<p>No dia 25 de outubro, a multinacional francesa de latic\u00ednios, Danone, anunciou que parou de comprar soja do Brasil e que passaria a comprar apenas de pa\u00edses asi\u00e1ticos. A justificativa&hellip;<\/p>","protected":false},"author":1,"featured_media":56310,"comment_status":"closed","ping_status":"open","sticky":false,"template":"","format":"standard","meta":{"content-type":"","footnotes":""},"categories":[16],"tags":[123,2448,5313,1267],"class_list":["post-56309","post","type-post","status-publish","format-standard","has-post-thumbnail","hentry","category-noticias","tag-brasil","tag-diario","tag-noticia","tag-noticias"],"_links":{"self":[{"href":"https:\/\/tvbrazilusa.com\/pt\/wp-json\/wp\/v2\/posts\/56309","targetHints":{"allow":["GET"]}}],"collection":[{"href":"https:\/\/tvbrazilusa.com\/pt\/wp-json\/wp\/v2\/posts"}],"about":[{"href":"https:\/\/tvbrazilusa.com\/pt\/wp-json\/wp\/v2\/types\/post"}],"author":[{"embeddable":true,"href":"https:\/\/tvbrazilusa.com\/pt\/wp-json\/wp\/v2\/users\/1"}],"replies":[{"embeddable":true,"href":"https:\/\/tvbrazilusa.com\/pt\/wp-json\/wp\/v2\/comments?post=56309"}],"version-history":[{"count":1,"href":"https:\/\/tvbrazilusa.com\/pt\/wp-json\/wp\/v2\/posts\/56309\/revisions"}],"predecessor-version":[{"id":56311,"href":"https:\/\/tvbrazilusa.com\/pt\/wp-json\/wp\/v2\/posts\/56309\/revisions\/56311"}],"wp:featuredmedia":[{"embeddable":true,"href":"https:\/\/tvbrazilusa.com\/pt\/wp-json\/wp\/v2\/media\/56310"}],"wp:attachment":[{"href":"https:\/\/tvbrazilusa.com\/pt\/wp-json\/wp\/v2\/media?parent=56309"}],"wp:term":[{"taxonomy":"category","embeddable":true,"href":"https:\/\/tvbrazilusa.com\/pt\/wp-json\/wp\/v2\/categories?post=56309"},{"taxonomy":"post_tag","embeddable":true,"href":"https:\/\/tvbrazilusa.com\/pt\/wp-json\/wp\/v2\/tags?post=56309"}],"curies":[{"name":"wp","href":"https:\/\/api.w.org\/{rel}","templated":true}]}}