{"id":56318,"date":"2024-11-08T17:45:14","date_gmt":"2024-11-08T17:45:14","guid":{"rendered":"https:\/\/tvbrazilusa.com\/2024\/11\/08\/departamento-de-justica-apresenta-acusacoes-criminais-no-plano-iraniano-de-assassinato-de-aluguel-contra-donald-trump-wsvn-7news-noticias-de-miami-clima-esportes-fort-lauderdale\/"},"modified":"2024-11-08T17:50:28","modified_gmt":"2024-11-08T17:50:28","slug":"departamento-de-justica-apresenta-acusacoes-criminais-no-plano-iraniano-de-assassinato-de-aluguel-contra-donald-trump-wsvn-7news-noticias-de-miami-clima-esportes-fort-lauderdale","status":"publish","type":"post","link":"https:\/\/tvbrazilusa.com\/pt\/2024\/11\/08\/departamento-de-justica-apresenta-acusacoes-criminais-no-plano-iraniano-de-assassinato-de-aluguel-contra-donald-trump-wsvn-7news-noticias-de-miami-clima-esportes-fort-lauderdale\/","title":{"rendered":"Departamento de Justi\u00e7a apresenta acusa\u00e7\u00f5es criminais no plano iraniano de assassinato de aluguel contra Donald Trump &#8211; WSVN 7News | Not\u00edcias de Miami, clima, esportes | Fort Lauderdale"},"content":{"rendered":"<p> <script async src=\"https:\/\/pagead2.googlesyndication.com\/pagead\/js\/adsbygoogle.js?client=ca-pub-8864793242727901\"\r\n     crossorigin=\"anonymous\"><\/script><br \/>\n<\/p>\n<div itemprop=\"articleBody\">\n<p>WASHINGTON (AP) \u2013 O Departamento de Justi\u00e7a divulgou na sexta-feira uma conspira\u00e7\u00e3o iraniana de assassinato de aluguel para matar Donald Trump, acusando um homem que disse ter sido encarregado por um funcion\u00e1rio do governo antes das elei\u00e7\u00f5es desta semana de assassinar o presidente eleito republicano.<\/p>\n<p>Os investigadores souberam da conspira\u00e7\u00e3o para matar Trump enquanto entrevistavam Farhad Shakeri, um cidad\u00e3o afeg\u00e3o identificado pelas autoridades como um ativo do governo iraniano que foi deportado dos EUA ap\u00f3s ser preso sob a acusa\u00e7\u00e3o de roubo.<\/p>\n<p>Ele disse aos investigadores que um contato da Guarda Revolucion\u00e1ria paramilitar do Ir\u00e3 o instruiu em setembro passado a elaborar um plano dentro de sete dias para vigiar e, finalmente, matar Trump, de acordo com uma queixa criminal aberta no tribunal federal de Manhattan. Dois outros homens que, segundo as autoridades, foram recrutados para participar noutros assassinatos, incluindo um proeminente jornalista iraniano-americano, tamb\u00e9m foram presos na sexta-feira. Shakeri permanece no Ir\u00e3.<\/p>\n<p>\u201cExistem poucos atores no mundo que representam uma amea\u00e7a t\u00e3o grave \u00e0 seguran\u00e7a nacional dos Estados Unidos como o Ir\u00e3o\u201d, disse o procurador-geral Merrick B. Garland num comunicado.<\/p>\n<p>A conspira\u00e7\u00e3o, cujas acusa\u00e7\u00f5es foram reveladas poucos dias depois da derrota de Trump sobre a democrata Kamala Harris, reflecte o que as autoridades federais descreveram como esfor\u00e7os cont\u00ednuos do Ir\u00e3o para atingir funcion\u00e1rios do governo dos EUA, incluindo Trump, em solo americano. No ver\u00e3o passado, o Departamento de Justi\u00e7a acusou um homem paquistan\u00eas de ter liga\u00e7\u00f5es com o Ir\u00e3o num plano de homic\u00eddio de aluguer.<\/p>\n<p><em>Direitos autorais 2024 da Associated Press. Todos os direitos reservados. Este material n\u00e3o pode ser publicado, transmitido, reescrito ou redistribu\u00eddo.<\/em><\/p>\n<div class=\"wp-block-newsletter\">\n\t<strong class=\"wp-block-newsletter__title\">Cadastre-se em nosso boletim informativo para receber as \u00faltimas not\u00edcias diretamente na sua caixa de entrada<\/strong><\/p>\n<\/div><\/div>\n<p><br \/>\n<br \/><a href=\"https:\/\/wsvn.com\/news\/politics\/justice-department-brings-criminal-charges-in-iranian-murder-for-hire-plan-targeting-donald-trump\/\">Source link <\/a><\/p>","protected":false},"excerpt":{"rendered":"<p>WASHINGTON (AP) \u2013 O Departamento de Justi\u00e7a divulgou na sexta-feira uma conspira\u00e7\u00e3o iraniana de assassinato de aluguel para matar Donald Trump, acusando um homem que disse ter sido encarregado por&hellip;<\/p>","protected":false},"author":1,"featured_media":56319,"comment_status":"closed","ping_status":"open","sticky":false,"template":"","format":"standard","meta":{"content-type":"","footnotes":""},"categories":[1],"tags":[],"class_list":["post-56318","post","type-post","status-publish","format-standard","has-post-thumbnail","hentry","category-uncategorized"],"_links":{"self":[{"href":"https:\/\/tvbrazilusa.com\/pt\/wp-json\/wp\/v2\/posts\/56318","targetHints":{"allow":["GET"]}}],"collection":[{"href":"https:\/\/tvbrazilusa.com\/pt\/wp-json\/wp\/v2\/posts"}],"about":[{"href":"https:\/\/tvbrazilusa.com\/pt\/wp-json\/wp\/v2\/types\/post"}],"author":[{"embeddable":true,"href":"https:\/\/tvbrazilusa.com\/pt\/wp-json\/wp\/v2\/users\/1"}],"replies":[{"embeddable":true,"href":"https:\/\/tvbrazilusa.com\/pt\/wp-json\/wp\/v2\/comments?post=56318"}],"version-history":[{"count":1,"href":"https:\/\/tvbrazilusa.com\/pt\/wp-json\/wp\/v2\/posts\/56318\/revisions"}],"predecessor-version":[{"id":56320,"href":"https:\/\/tvbrazilusa.com\/pt\/wp-json\/wp\/v2\/posts\/56318\/revisions\/56320"}],"wp:featuredmedia":[{"embeddable":true,"href":"https:\/\/tvbrazilusa.com\/pt\/wp-json\/wp\/v2\/media\/56319"}],"wp:attachment":[{"href":"https:\/\/tvbrazilusa.com\/pt\/wp-json\/wp\/v2\/media?parent=56318"}],"wp:term":[{"taxonomy":"category","embeddable":true,"href":"https:\/\/tvbrazilusa.com\/pt\/wp-json\/wp\/v2\/categories?post=56318"},{"taxonomy":"post_tag","embeddable":true,"href":"https:\/\/tvbrazilusa.com\/pt\/wp-json\/wp\/v2\/tags?post=56318"}],"curies":[{"name":"wp","href":"https:\/\/api.w.org\/{rel}","templated":true}]}}