{"id":56324,"date":"2024-11-08T18:01:21","date_gmt":"2024-11-08T18:01:21","guid":{"rendered":"https:\/\/tvbrazilusa.com\/2024\/11\/08\/esse-feminismo-nao-me-acolheu-afirma-esposa-de-almeida-acusado-de-assedio\/"},"modified":"2024-11-08T18:01:22","modified_gmt":"2024-11-08T18:01:22","slug":"esse-feminismo-nao-me-acolheu-afirma-esposa-de-almeida-acusado-de-assedio","status":"publish","type":"post","link":"https:\/\/tvbrazilusa.com\/pt\/2024\/11\/08\/esse-feminismo-nao-me-acolheu-afirma-esposa-de-almeida-acusado-de-assedio\/","title":{"rendered":"&#8216;Esse feminismo n\u00e3o me acolheu&#8217;, afirma esposa de Almeida, acusado de ass\u00e9dio"},"content":{"rendered":"<p> <script async src=\"https:\/\/pagead2.googlesyndication.com\/pagead\/js\/adsbygoogle.js?client=ca-pub-8864793242727901\"\r\n     crossorigin=\"anonymous\"><\/script><br \/>\n<\/p>\n<div id=\"taboola-read-more\" style=\"display:block; width:100%\">\n<p>Em um desabafo no Instagram, a modista Edn\u00e9ia Carvalho, esposa do ex-ministro dos Direitos Humanos Silvio Almeida, disse que n\u00e3o tem sido f\u00e1cil &#8220;conviver com a injusti\u00e7a&#8221; nos dois \u00faltimos meses. Seu marido foi demitido pelo presidente Lula em setembro, ap\u00f3s den\u00fancias de ass\u00e9dio moral e sexual, e \u00e9 alvo de um inqu\u00e9rito, autorizado pelo STF.\n<\/p>\n<p>O que aconteceu<br \/>&#8220;Esses \u00faltimos dois meses n\u00e3o t\u00eam sido f\u00e1ceis, conviver com a injusti\u00e7a, tirarem a sua paz \u00e9 algo que nem sei explicar&#8221;, escreveu Edn\u00e9ia. A modista postou uma foto em que aparecem ela, Silvio Almeida e a filha do casal, Anesu. &#8220;Faz 1 ano e 3 meses que vivo a maternidade e a sensa\u00e7\u00e3o \u00e9 que o puerp\u00e9rio n\u00e3o acabou.&#8221;<\/p>\n<p>&#8220;Fala-se tanto em pautas feministas, mas esse mesmo feminismo n\u00e3o me acolheu&#8221;, comentou. &#8220;Nunca vou esquecer das vezes que tive que amamentar a minha filha em meio a uma tristeza profunda.&#8221;\n<\/p>\n<p>Edn\u00e9ia afirmou que sua fam\u00edlia foi acolhida por muitos amigos e abandonada por outros. &#8220;Estou feliz por estar na minha casa (SP), BSB [Bras\u00edlia] n\u00e3o me fez bem, sentirei falta das boas amizades que l\u00e1 fizemos, mais nada, mas essas mesmas amizades levaremos para a vida toda&#8221;, disse ela. &#8220;No meio desse furac\u00e3o tivemos a certeza que temos amigos, os melhores, os mais companheiros, os mais fi\u00e9is.&#8221;\n<\/p>\n<p>Teve quem pulou do barco, teve quem soltou a nossa m\u00e3o, mas uma minoria que chega a ser irrelevante tamanha foi a rede de apoio que recebemos, inclusive aqui mesmo nessa mesma rede que massacrou minha fam\u00edlia.\n<\/p>\n<p>Ela concluiu endere\u00e7ando uma mensagem ao marido. &#8220;Seguimos ansiosos por justi\u00e7a, meu amor, conte comigo sempre, amo vc demais!&#8221;, concluiu.<\/p>\n<p>Fonte UOL              <\/p>\n<\/div>\n<p><br \/>\n<br \/><a href=\"https:\/\/diariodobrasilnoticias.com.br\/noticia\/-esse-feminismo-nao-me-acolheu-afirma-esposa-de-almeida-acusado-de-assedio-672e2861331d6\">Source link <\/a><\/p>","protected":false},"excerpt":{"rendered":"<p>Em um desabafo no Instagram, a modista Edn\u00e9ia Carvalho, esposa do ex-ministro dos Direitos Humanos Silvio Almeida, disse que n\u00e3o tem sido f\u00e1cil &#8220;conviver com a injusti\u00e7a&#8221; nos dois \u00faltimos&hellip;<\/p>","protected":false},"author":1,"featured_media":56325,"comment_status":"closed","ping_status":"open","sticky":false,"template":"","format":"standard","meta":{"content-type":"","footnotes":""},"categories":[16],"tags":[123,2448,5313,1267],"class_list":["post-56324","post","type-post","status-publish","format-standard","has-post-thumbnail","hentry","category-noticias","tag-brasil","tag-diario","tag-noticia","tag-noticias"],"_links":{"self":[{"href":"https:\/\/tvbrazilusa.com\/pt\/wp-json\/wp\/v2\/posts\/56324","targetHints":{"allow":["GET"]}}],"collection":[{"href":"https:\/\/tvbrazilusa.com\/pt\/wp-json\/wp\/v2\/posts"}],"about":[{"href":"https:\/\/tvbrazilusa.com\/pt\/wp-json\/wp\/v2\/types\/post"}],"author":[{"embeddable":true,"href":"https:\/\/tvbrazilusa.com\/pt\/wp-json\/wp\/v2\/users\/1"}],"replies":[{"embeddable":true,"href":"https:\/\/tvbrazilusa.com\/pt\/wp-json\/wp\/v2\/comments?post=56324"}],"version-history":[{"count":1,"href":"https:\/\/tvbrazilusa.com\/pt\/wp-json\/wp\/v2\/posts\/56324\/revisions"}],"predecessor-version":[{"id":56326,"href":"https:\/\/tvbrazilusa.com\/pt\/wp-json\/wp\/v2\/posts\/56324\/revisions\/56326"}],"wp:featuredmedia":[{"embeddable":true,"href":"https:\/\/tvbrazilusa.com\/pt\/wp-json\/wp\/v2\/media\/56325"}],"wp:attachment":[{"href":"https:\/\/tvbrazilusa.com\/pt\/wp-json\/wp\/v2\/media?parent=56324"}],"wp:term":[{"taxonomy":"category","embeddable":true,"href":"https:\/\/tvbrazilusa.com\/pt\/wp-json\/wp\/v2\/categories?post=56324"},{"taxonomy":"post_tag","embeddable":true,"href":"https:\/\/tvbrazilusa.com\/pt\/wp-json\/wp\/v2\/tags?post=56324"}],"curies":[{"name":"wp","href":"https:\/\/api.w.org\/{rel}","templated":true}]}}