{"id":56339,"date":"2024-11-08T18:28:05","date_gmt":"2024-11-08T18:28:05","guid":{"rendered":"https:\/\/tvbrazilusa.com\/2024\/11\/08\/oceano-descoberto-sob-a-crosta-terrestre-possui-mais-agua-do-que-toda-a-superficie-do-planeta\/"},"modified":"2024-11-08T18:28:06","modified_gmt":"2024-11-08T18:28:06","slug":"oceano-descoberto-sob-a-crosta-terrestre-possui-mais-agua-do-que-toda-a-superficie-do-planeta","status":"publish","type":"post","link":"https:\/\/tvbrazilusa.com\/pt\/2024\/11\/08\/oceano-descoberto-sob-a-crosta-terrestre-possui-mais-agua-do-que-toda-a-superficie-do-planeta\/","title":{"rendered":"Oceano descoberto sob a crosta terrestre possui mais \u00e1gua do que toda a superf\u00edcie do planeta"},"content":{"rendered":"<p> <script async src=\"https:\/\/pagead2.googlesyndication.com\/pagead\/js\/adsbygoogle.js?client=ca-pub-8864793242727901\"\r\n     crossorigin=\"anonymous\"><\/script><br \/>\n<\/p>\n<div>\n<figure class=\"post-image\">\n<\/figure>\n<p>            <span style=\"font-size: 12px\">Oceano (Foto: Freepik)<\/span><\/p>\n<p>            <!-- end metas --><br \/>\n            <!-- ADS --><\/p>\n<div id=\"taboola-read-more\" style=\"display:block; width:100%\">\n<p>Um\u00a0<a href=\"https:\/\/www.science.org\/doi\/abs\/10.1126\/science.1253358\" target=\"_blank\" rel=\"nofollow noopener noreferrer\">artigo cient\u00edfico<\/a>, intitulado \u2018Desidrata\u00e7\u00e3o derretendo no topo do manto inferior\u2019, foi publicado em 2014 na \u201cRevista Science\u201d, e descreve o achado de um enorme reservat\u00f3rio de \u00e1gua localizado a 640 quil\u00f4metros de profundidade em uma rocha \u2013 nomeada \u2018ringwoodita\u2019. O \u201coceano escondido\u201d estaria sob a crosta terrestre e sua reserva de \u00e1gua \u00e9 armazenada dentro da rocha, no manto, em um estado semelhante a uma esponja \u2013 um quarto estado sem ser l\u00edquido, s\u00f3lido ou gasoso.\n<\/p>\n<p>\u201cH\u00e1 algo muito especial na estrutura cristalina da ringwoodite que lhe permite atrair hidrog\u00eanio e reter \u00e1gua. Este mineral pode conter muita \u00e1gua sob as condi\u00e7\u00f5es do manto profundo\u201d, explicou o geof\u00edsico Steve Jacobsen na \u00e9poca do lan\u00e7amento.<\/p>\n<p>No estudo, os autores ressaltam que se a rocha contivesse somente 1% de \u00e1gua, isso ainda significaria que h\u00e1 tr\u00eas vezes mais subst\u00e2ncia sob a superf\u00edcie do planeta do que nos oceanos. A pesquisa partiu da an\u00e1lise de terremotos que levaram a aten\u00e7\u00e3o para os sism\u00f4metros os quais estavam captando ondas de choque na superf\u00edcie da Terra \u2013 a principal indica\u00e7\u00e3o de que a \u00e1gua estava retida na rocha.\n<\/p>\n<p>\u201cAcho que finalmente estamos vendo evid\u00eancias de um ciclo de \u00e1gua para toda a Terra, o que pode ajudar a explicar a vasta quantidade de \u00e1gua l\u00edquida na superf\u00edcie do nosso planeta habit\u00e1vel. Os cientistas t\u00eam procurado por essa \u00e1gua profunda perdida por d\u00e9cadas\u201d, completou Jacobsen.<\/p>\n<p>Fonte: Planeta              <\/p>\n<\/div>\n<p>                        <!-- Scripts para conteudo --><\/p>\n<p>            <!-- .\/Scripts para conteudo --><br \/>\n            <!-- .\/Mat\u00e9ria --><\/p>\n<div class=\"row mt-3\">\n<div class=\"col-sm-6\">\n                <!-- Whatsapp channel 3--><br \/>\n                <a href=\"https:\/\/chat.whatsapp.com\/J6hwSKYns5B0XFowx2wZ0P\" target=\"_blank\" rel=\"noopener\"><br \/>\n                  <img decoding=\"async\" src=\"https:\/\/diariodobrasilnoticias.com.br\/assets-site\/images\/bot_whatsapp.png\"\/><\/a>\n              <\/div>\n<div class=\"col-sm-6\">\n                <a href=\"https:\/\/t.me\/+_4gTmi5LKo03OTM5\" target=\"_blank\" rel=\"noopener\"><br \/>\n                  <img decoding=\"async\" src=\"https:\/\/diariodobrasilnoticias.com.br\/assets-site\/images\/bot_telegram.png\"\/><\/a>\n              <\/div>\n<\/p><\/div>\n<p>            <!-- end post-navigation --><\/p>\n<p>              <!-- end row --><\/p>\n<p>              <!-- end col-12-->\n                      <\/div>\n<p><br \/>\n<br \/><a href=\"https:\/\/diariodobrasilnoticias.com.br\/noticia\/oceano-descoberto-sob-a-crosta-terrestre-possui-mais-agua-do-que-toda-a-superficie-do-planeta-672e2cf2750b3\">Source link <\/a><\/p>","protected":false},"excerpt":{"rendered":"<p>Oceano (Foto: Freepik) Um\u00a0artigo cient\u00edfico, intitulado \u2018Desidrata\u00e7\u00e3o derretendo no topo do manto inferior\u2019, foi publicado em 2014 na \u201cRevista Science\u201d, e descreve o achado de um enorme reservat\u00f3rio de \u00e1gua&hellip;<\/p>","protected":false},"author":1,"featured_media":56340,"comment_status":"closed","ping_status":"open","sticky":false,"template":"","format":"standard","meta":{"content-type":"","footnotes":""},"categories":[16],"tags":[123,2448,5313,1267],"class_list":["post-56339","post","type-post","status-publish","format-standard","has-post-thumbnail","hentry","category-noticias","tag-brasil","tag-diario","tag-noticia","tag-noticias"],"_links":{"self":[{"href":"https:\/\/tvbrazilusa.com\/pt\/wp-json\/wp\/v2\/posts\/56339","targetHints":{"allow":["GET"]}}],"collection":[{"href":"https:\/\/tvbrazilusa.com\/pt\/wp-json\/wp\/v2\/posts"}],"about":[{"href":"https:\/\/tvbrazilusa.com\/pt\/wp-json\/wp\/v2\/types\/post"}],"author":[{"embeddable":true,"href":"https:\/\/tvbrazilusa.com\/pt\/wp-json\/wp\/v2\/users\/1"}],"replies":[{"embeddable":true,"href":"https:\/\/tvbrazilusa.com\/pt\/wp-json\/wp\/v2\/comments?post=56339"}],"version-history":[{"count":1,"href":"https:\/\/tvbrazilusa.com\/pt\/wp-json\/wp\/v2\/posts\/56339\/revisions"}],"predecessor-version":[{"id":56341,"href":"https:\/\/tvbrazilusa.com\/pt\/wp-json\/wp\/v2\/posts\/56339\/revisions\/56341"}],"wp:featuredmedia":[{"embeddable":true,"href":"https:\/\/tvbrazilusa.com\/pt\/wp-json\/wp\/v2\/media\/56340"}],"wp:attachment":[{"href":"https:\/\/tvbrazilusa.com\/pt\/wp-json\/wp\/v2\/media?parent=56339"}],"wp:term":[{"taxonomy":"category","embeddable":true,"href":"https:\/\/tvbrazilusa.com\/pt\/wp-json\/wp\/v2\/categories?post=56339"},{"taxonomy":"post_tag","embeddable":true,"href":"https:\/\/tvbrazilusa.com\/pt\/wp-json\/wp\/v2\/tags?post=56339"}],"curies":[{"name":"wp","href":"https:\/\/api.w.org\/{rel}","templated":true}]}}