{"id":56345,"date":"2024-11-08T18:30:39","date_gmt":"2024-11-08T18:30:39","guid":{"rendered":"https:\/\/tvbrazilusa.com\/2024\/11\/08\/veja-como-as-novas-politicas-propostas-por-trump-podem-afetar-mass\/"},"modified":"2024-11-08T18:33:57","modified_gmt":"2024-11-08T18:33:57","slug":"veja-como-as-novas-politicas-propostas-por-trump-podem-afetar-mass","status":"publish","type":"post","link":"https:\/\/tvbrazilusa.com\/pt\/2024\/11\/08\/veja-como-as-novas-politicas-propostas-por-trump-podem-afetar-mass\/","title":{"rendered":"Veja como as novas pol\u00edticas propostas por Trump podem afetar Mass."},"content":{"rendered":"<p> <script async src=\"https:\/\/pagead2.googlesyndication.com\/pagead\/js\/adsbygoogle.js?client=ca-pub-8864793242727901\"\r\n     crossorigin=\"anonymous\"><\/script><br \/>\n<\/p>\n<div id=\"\">\n<header class=\"m-article-header m-article-header--standard\">\n\t\t\t\t\t\t\t\t\t\t\t\t<span id=\"article-header-primary-term\"><br \/>\n\t\t\t\t\t\t\t\t<a class=\"a-term a-term--primary\" href=\"https:\/\/www.boston.com\/tag\/politics\/\"><\/p>\n<p>\t\t\t\t\t\t\t\tPol\u00edtica\t\t\t\t\t\t\t\t<\/a><br \/>\n\t\t\t\t\t\t\t<\/span><\/p>\n<h2 class=\"m-article-header__sub-headline\">As promessas de campanha de Trump e o pr\u00f3ximo regresso \u00e0 Casa Branca poder\u00e3o impactar as ind\u00fastrias em todo o Massachusetts.<\/h2>\n<figure class=\"a-photo m-article-header__photo\"><figcaption class=\"a-photo__caption\">\n<p>\tO ex-presidente Donald Trump sobe ao palco para um com\u00edcio de campanha em Coachella, Calif\u00f3rnia, no s\u00e1bado, 12 de outubro de 2024.<em> Jordan Gale\/The New York Times<\/em>\t<\/figcaption><\/figure>\n<\/header>\n<p>Donald Trump est\u00e1 voltando para a Casa Branca ap\u00f3s sua <a href=\"https:\/\/www.boston.com\/news\/politics\/2024\/11\/06\/election-takeaways-trump-decisive-victory\/\" target=\"_blank\" rel=\"noreferrer noopener\">vit\u00f3ria decisiva<\/a> Ter\u00e7a-feira, e suas amplas promessas de campanha podem produzir grandes impactos em Massachusetts.<\/p>\n<p>Por um lado, n\u00e3o h\u00e1 amor perdido entre <a href=\"https:\/\/www.boston.com\/news\/politics\/2017\/01\/31\/maura-healey-follows-viral-trump-tweet-with-federal-lawsuit-over-immigration-order\/\" target=\"_blank\" rel=\"noreferrer noopener\">Trump e a governadora Maura Healey<\/a>que levou a primeira administra\u00e7\u00e3o Trump a tribunal 96 vezes durante o seu mandato como procuradora-geral do estado (e venceu em 77% desses casos, por <a href=\"https:\/\/www.bostonglobe.com\/2022\/08\/14\/metro\/under-maura-healey-attorney-generals-office-sued-trump-administration-nearly-100-times-most-time-she-prevailed\/\" target=\"_blank\" rel=\"noreferrer noopener\"><em>O Globo de Boston<\/em><\/a>). Da mesma forma, a actual Procuradora-Geral Andrea Campbell disse que o seu gabinete \u00e9 <a href=\"https:\/\/www.boston.com\/news\/politics\/2024\/11\/06\/be-ready-for-the-challenges-ahead-mass-ag-issues-statement-on-trump-win\/\" target=\"_blank\" rel=\"noreferrer noopener\">pronto para atacar<\/a>. <\/p>\n<p>As promessas de Trump de <a href=\"https:\/\/www.edweek.org\/policy-politics\/how-trumps-second-term-will-affect-education-4-things-to-know\/2024\/11\" target=\"_blank\" rel=\"noreferrer noopener\">revis\u00e3o da educa\u00e7\u00e3o<\/a> e <a href=\"https:\/\/www.statnews.com\/2024\/11\/06\/presidential-election-trump-health-care-abortion-medicare-rfk\/\" target=\"_blank\" rel=\"noreferrer noopener\">remodelar os cuidados de sa\u00fade<\/a> acertou em cheio para Massachusetts, que se orgulha de ser um l\u00edder nacional em ambos os setores. Dele <a href=\"https:\/\/www.reuters.com\/world\/us\/inside-trumps-plan-mass-deportations-who-wants-stop-him-2024-11-06\/\" target=\"_blank\" rel=\"noreferrer noopener\">deporta\u00e7\u00e3o em massa<\/a> planos podem devastar algumas comunidades no Bay State, onde <a href=\"https:\/\/map.americanimmigrationcouncil.org\/locations\/massachusetts\/\" target=\"_blank\" rel=\"noreferrer noopener\">18,1% dos residentes<\/a> nasceram em outro pa\u00eds. <\/p>\n<p>Aqui est\u00e1 um resumo (n\u00e3o exaustivo) de cinco \u00e1reas onde as pol\u00edticas de Trump poderiam impactar Massachusetts.<\/p>\n<h2 class=\"wp-block-heading\" id=\"h-immigration\">Imigra\u00e7\u00e3o<\/h2>\n<p>Trump tem <a href=\"https:\/\/www.donaldjtrump.com\/platform\" target=\"_blank\" rel=\"noreferrer noopener\">prometido<\/a> para \u201crealizar a maior opera\u00e7\u00e3o de deporta\u00e7\u00e3o da hist\u00f3ria americana\u201d. A sua abordagem linha-dura centra-se principalmente na fronteira EUA-M\u00e9xico, com promessas de refor\u00e7ar a Imigra\u00e7\u00e3o e Fiscaliza\u00e7\u00e3o Aduaneira dos EUA e aumentar as penas para passagens ilegais de fronteira e vistos ultrapassados. E isso poderia ter s\u00e9rios impactos em Massachusetts, que teve cerca de <a href=\"https:\/\/www.pewresearch.org\/short-reads\/2024\/07\/22\/what-we-know-about-unauthorized-immigrants-living-in-the-us\/#:~:text=The%20six%20states%20with%20the,Florida%20(1.2%20million)\" target=\"_blank\" rel=\"noreferrer noopener\">325.000 imigrantes n\u00e3o autorizados<\/a> a partir de 2022, de acordo com dados do Pew Research Center. <\/p>\n<p>A atual crise migrat\u00f3ria tornou-se um <a href=\"https:\/\/www.boston.com\/news\/local-news\/2024\/03\/22\/live-updates-tracking-the-migrant-crisis-in-massachusetts\/\" target=\"_blank\" rel=\"noreferrer noopener\">quest\u00e3o pol\u00eamica em Massachusetts<\/a> nos \u00faltimos anos, com batalhas frequentes por abrigos e outras formas de ajuda estatal. As pol\u00edticas de imigra\u00e7\u00e3o tamb\u00e9m foram um <a href=\"https:\/\/www.boston.com\/news\/politics\/2017\/01\/31\/maura-healey-follows-viral-trump-tweet-with-federal-lawsuit-over-immigration-order\/\" target=\"_blank\" rel=\"noreferrer noopener\">quest\u00e3o chave<\/a> nas a\u00e7\u00f5es judiciais que Healey moveu ou ingressou contra o governo federal como AG. <\/p>\n<p>\u00c9 prov\u00e1vel que Trump enfrente mais desafios legais desta vez, e a Coliga\u00e7\u00e3o de Defesa dos Imigrantes e Refugiados de Massachusetts prometeu \u201clutar contra as pol\u00edticas e a ret\u00f3rica xen\u00f3fobas\u201d.<\/p>\n<p>\u201cPol\u00edticas como a realiza\u00e7\u00e3o de deporta\u00e7\u00f5es em massa, a revoga\u00e7\u00e3o de programas de liberdade condicional humanit\u00e1ria e o fim do estatuto de prote\u00e7\u00e3o tempor\u00e1ria s\u00e3o injustas e antiamericanas\u201d, disse a Diretora Executiva Elizabeth Sweet num comunicado. <a href=\"https:\/\/www.miracoalition.org\/news\/statement-in-response-to-the-election-of-donald-trump-an-j-d-vance-as-president-and-vice-president-of-the-united-states\/\" target=\"_blank\" rel=\"noreferrer noopener\">declara\u00e7\u00e3o<\/a> Quarta-feira. \u201cA MIRA n\u00e3o ficar\u00e1 quieta enquanto as nossas comunidades de imigrantes estiverem sob ataque. Trabalharemos incansavelmente para proteger a nossa popula\u00e7\u00e3o imigrante e o seu direito ao devido processo aqui em Massachusetts e em todo o pa\u00eds.\u201d<\/p>\n<p>Tamb\u00e9m preparado est\u00e1 o Lawyers for Civil Rights, com sede em Boston, que <a href=\"https:\/\/www.boston.com\/news\/local-news\/2022\/09\/20\/ron-desantis-florida-officials-sued-migrants-marthas-vineyard\/\" target=\"_blank\" rel=\"noreferrer noopener\">entrou com uma a\u00e7\u00e3o coletiva<\/a> contra o governador da Fl\u00f3rida, Ron DeSantis e outros, em nome de um grupo de migrantes levados para Martha&#8217;s Vineyard em 2022.<\/p>\n<p>\u201cNa Lawyers for Civil Rights, j\u00e1 percorremos esse caminho antes\u201d, disse o Diretor Executivo da LCR, Iv\u00e1n Espinoza-Madrigal, em um comunicado. <a href=\"https:\/\/lawyersforcivilrights.org\/our-impact\/education\/the-path-forward\/?fbclid=IwY2xjawGYsOZleHRuA2FlbQIxMQABHf74rcFOoBG4Gc7LBKSuxLxbKFN5cc-fpTIPX2llvTteu8QeqE_j7VeO2A_aem_NSDnR2WJOFkRz3wa9EhLYQ\" target=\"_blank\" rel=\"noreferrer noopener\">declara\u00e7\u00e3o<\/a>. \u201cRepetidas vezes, entramos com a\u00e7\u00f5es judiciais contra a administra\u00e7\u00e3o Trump \u2013 como far\u00edamos contra qualquer funcion\u00e1rio, azul ou vermelho, que pisoteie a Constitui\u00e7\u00e3o.\u201d <\/p>\n<figure class=\"wp-block-image size-full\"><img loading=\"lazy\" decoding=\"async\" width=\"2560\" height=\"1707\" src=\"https:\/\/bdc2020.o0bc.com\/wp-content\/uploads\/2022\/09\/Immigration_DeSantis_Flights_89275-6329ab2595246-scaled.jpg\" alt=\"\" class=\"wp-image-25967446\" srcset=\"https:\/\/bdc2020.o0bc.com\/wp-content\/uploads\/2022\/09\/Immigration_DeSantis_Flights_89275-6329ab2595246-scaled.jpg?width=200 200w, https:\/\/bdc2020.o0bc.com\/wp-content\/uploads\/2022\/09\/Immigration_DeSantis_Flights_89275-6329ab2595246-scaled.jpg?width=300 300w, https:\/\/bdc2020.o0bc.com\/wp-content\/uploads\/2022\/09\/Immigration_DeSantis_Flights_89275-6329ab2595246-scaled.jpg?width=400 400w, https:\/\/bdc2020.o0bc.com\/wp-content\/uploads\/2022\/09\/Immigration_DeSantis_Flights_89275-6329ab2595246-scaled.jpg?width=500 500w, https:\/\/bdc2020.o0bc.com\/wp-content\/uploads\/2022\/09\/Immigration_DeSantis_Flights_89275-6329ab2595246-scaled.jpg?width=600 600w, https:\/\/bdc2020.o0bc.com\/wp-content\/uploads\/2022\/09\/Immigration_DeSantis_Flights_89275-6329ab2595246-scaled.jpg?width=700 700w, https:\/\/bdc2020.o0bc.com\/wp-content\/uploads\/2022\/09\/Immigration_DeSantis_Flights_89275-6329ab2595246-scaled.jpg?width=800 800w, https:\/\/bdc2020.o0bc.com\/wp-content\/uploads\/2022\/09\/Immigration_DeSantis_Flights_89275-6329ab2595246-scaled.jpg?width=900 900w\" sizes=\"auto, (max-width: 2560px) 100vw, 2560px\"\/><figcaption class=\"wp-element-caption\">Imigrantes se re\u00fanem com seus pertences do lado de fora da Igreja Episcopal de St. Andrews, quarta-feira, 14 de setembro de 2022, em Edgartown, Massachusetts, em Martha&#8217;s Vineyard.<i> \u2013 Ray Ewing\/Vineyard Gazette via AP<\/i><\/figcaption><\/figure>\n<h2 class=\"wp-block-heading\" id=\"h-transit\">Tr\u00e2nsito<\/h2>\n<p>A MBTA tem <a href=\"https:\/\/www.mass.gov\/news\/massachusetts-wins-472-million-in-federal-funding-for-north-station-draw-one-bridge-replacement\" target=\"_blank\" rel=\"noreferrer noopener\">beneficiou substancialmente<\/a> do financiamento federal durante o mandato do presidente Joe Biden, e o gerente geral Phil Eng disse que ir\u00e1 <a href=\"https:\/\/www.bostonglobe.com\/2024\/09\/26\/metro\/globe-summit-mbta-phillip-eng-fare-increases\/\" target=\"_blank\" rel=\"noreferrer noopener\">buscar subs\u00eddios e assist\u00eancia federais<\/a> enquanto o T tenta evitar um \u201cabismo fiscal\u201d projectado para o pr\u00f3ximo ano.  <\/p>\n<p>No entanto, o <a href=\"https:\/\/www.mass.gov\/info-details\/bipartisan-infrastructure-law\" target=\"_blank\" rel=\"noreferrer noopener\">Lei Bipartid\u00e1ria de Infraestrutura<\/a>que forneceu milh\u00f5es de d\u00f3lares em financiamento para os projetos de transporte da MBTA e de Massachusetts, expira em 2026. O futuro da lei al\u00e9m dessa data n\u00e3o est\u00e1 claro, e o Projeto 2025 &#8211; um poss\u00edvel <a href=\"https:\/\/www.boston.com\/news\/politics\/2024\/10\/22\/project-2025-rightward-vision-flashpoint-election\/\" target=\"_blank\" rel=\"noreferrer noopener\">plano para o segundo mandato de Trump<\/a> escrito por seus aliados \u2013 prop\u00f5e novos ataques ao financiamento federal do tr\u00e2nsito.<\/p>\n<p>De acordo com o <a href=\"https:\/\/www.americanprogress.org\/article\/project-2025-would-increase-costs-for-commuters-defund-transit-maintenance-and-undermine-economic-growth\/\" target=\"_blank\" rel=\"noreferrer noopener\">Centro para o Progresso Americano<\/a>uma organiza\u00e7\u00e3o de pesquisa de pol\u00edticas p\u00fablicas de tend\u00eancia liberal, o Projeto 2025 desfinanciaria a manuten\u00e7\u00e3o do tr\u00e2nsito e aumentaria os custos para os passageiros, em parte, eliminando o financiamento cr\u00edtico da Administra\u00e7\u00e3o Federal de Tr\u00e2nsito. A MBTA precisa urgentemente desses fundos; no ano passado, a ag\u00eancia disse que custaria <a href=\"https:\/\/www.boston.com\/news\/local-news\/2023\/11\/16\/repairing-the-mbta-will-cost-25-billion-according-to-new-analysis\/\" target=\"_blank\" rel=\"noreferrer noopener\">cerca de US$ 24,5 bilh\u00f5es<\/a> para colocar a infra-estrutura do T em bom estado de conserva\u00e7\u00e3o, gra\u00e7as a anos de subinvestimento. <\/p>\n<h2 class=\"wp-block-heading\" id=\"h-health-care\">Assist\u00eancia m\u00e9dica<\/h2>\n<p>H\u00e1 muito que Trump visa o Affordable Care Act, coloquialmente conhecido como Obamacare, e no debate presidencial de Setembro disse que a sua equipa est\u00e1 \u201ca analisar planos diferentes\u201d para possivelmente substitu\u00ed-lo. Se ele conseguir o que quer com as mudan\u00e7as propostas na pol\u00edtica de sa\u00fade, isso poder\u00e1 significar custos mais elevados para os americanos, incluindo <a href=\"https:\/\/www.masslive.com\/news\/2024\/11\/how-trumps-reelection-may-result-in-americans-spending-more-on-health-care-experts-say.html\" target=\"_blank\" rel=\"noreferrer noopener\">alguns em Massachusetts<\/a>. <\/p>\n<p>Falando com <a href=\"https:\/\/www.bostonglobe.com\/2024\/11\/06\/business\/trump-health-care-aca\/\" target=\"_blank\" rel=\"noreferrer noopener\"><em>O Globo de Boston<\/em><\/a>A diretora executiva da Associa\u00e7\u00e3o de Enfermeiras de Massachusetts, Julie Pinkham, tamb\u00e9m levantou preocupa\u00e7\u00f5es de que uma crise crescente no sistema de sa\u00fade do estado pudesse piorar ou piorar durante o segundo mandato de Trump. Ela tamb\u00e9m destacou que a for\u00e7a de trabalho da \u00e1rea de sa\u00fade aqui est\u00e1 sobrecarregada h\u00e1 muito tempo e precisa de reembolsos federais maiores para programas de seguro para muitos pacientes, de acordo com o <em>Globo. <\/em><\/p>\n<p>\u201cDo ponto de vista das pessoas que prestam cuidados, isto n\u00e3o \u00e9 bom\u201d, disse Pinkham ao jornal. Ela tamb\u00e9m teria expressado temor de que a nova administra\u00e7\u00e3o pudesse comprometer as reformas de sa\u00fade do estado e a capacidade de tratar pacientes de baixa renda. <\/p>\n<p>Trump deu a entender que Robert F. Kennedy Jr., um cr\u00edtico de vacinas que n\u00e3o possui forma\u00e7\u00e3o m\u00e9dica ou de sa\u00fade p\u00fablica, poderia ter um <a href=\"https:\/\/www.nytimes.com\/2024\/11\/03\/us\/politics\/trump-rfk-jr-vaccines-fluoride.html\" target=\"_blank\" rel=\"noreferrer noopener\">\u201cgrande papel\u201d<\/a> em sua segunda administra\u00e7\u00e3o. RFK Jr. disse que \u201cdepartamentos inteiros\u201d da Food and Drug Administration \u201ct\u00eam que desaparecer\u201d, e seus coment\u00e1rios alimentaram medo e incerteza entre especialistas em sa\u00fade p\u00fablica e o <a href=\"https:\/\/www.statnews.com\/2024\/11\/06\/trump-teva-bausch-lomb-novo-nordisk-gsk-bristol-myers\/\" target=\"_blank\" rel=\"noreferrer noopener\">ind\u00fastrias farmac\u00eauticas e de biotecnologia<\/a>que t\u00eam uma grande presen\u00e7a na Grande Boston.  <\/p>\n<figure class=\"wp-block-image size-full\"><img loading=\"lazy\" decoding=\"async\" width=\"2560\" height=\"1707\" src=\"https:\/\/bdc2020.o0bc.com\/wp-content\/uploads\/2023\/04\/s3___bgmp-arc_arc-feeds_generic-photos_to-arc_greenhouse11mifepristone1-6434794269415-scaled.jpg\" alt=\"A governadora Maura Healey est\u00e1 em um estrado, vestindo um terno azul claro e diante de uma multid\u00e3o animada, onde uma pessoa pode ser vista segurando uma placa que diz \" bans=\"\" off=\"\" our=\"\" bodies.=\"\" class=\"wp-image-27327945\" srcset=\"https:\/\/bdc2020.o0bc.com\/wp-content\/uploads\/2023\/04\/s3___bgmp-arc_arc-feeds_generic-photos_to-arc_greenhouse11mifepristone1-6434794269415-scaled.jpg?width=200 200w, https:\/\/bdc2020.o0bc.com\/wp-content\/uploads\/2023\/04\/s3___bgmp-arc_arc-feeds_generic-photos_to-arc_greenhouse11mifepristone1-6434794269415-scaled.jpg?width=300 300w, https:\/\/bdc2020.o0bc.com\/wp-content\/uploads\/2023\/04\/s3___bgmp-arc_arc-feeds_generic-photos_to-arc_greenhouse11mifepristone1-6434794269415-scaled.jpg?width=400 400w, https:\/\/bdc2020.o0bc.com\/wp-content\/uploads\/2023\/04\/s3___bgmp-arc_arc-feeds_generic-photos_to-arc_greenhouse11mifepristone1-6434794269415-scaled.jpg?width=500 500w, https:\/\/bdc2020.o0bc.com\/wp-content\/uploads\/2023\/04\/s3___bgmp-arc_arc-feeds_generic-photos_to-arc_greenhouse11mifepristone1-6434794269415-scaled.jpg?width=600 600w, https:\/\/bdc2020.o0bc.com\/wp-content\/uploads\/2023\/04\/s3___bgmp-arc_arc-feeds_generic-photos_to-arc_greenhouse11mifepristone1-6434794269415-scaled.jpg?width=700 700w, https:\/\/bdc2020.o0bc.com\/wp-content\/uploads\/2023\/04\/s3___bgmp-arc_arc-feeds_generic-photos_to-arc_greenhouse11mifepristone1-6434794269415-scaled.jpg?width=800 800w, https:\/\/bdc2020.o0bc.com\/wp-content\/uploads\/2023\/04\/s3___bgmp-arc_arc-feeds_generic-photos_to-arc_greenhouse11mifepristone1-6434794269415-scaled.jpg?width=900 900w\" sizes=\"auto, (max-width: 2560px) 100vw, 2560px\"\/><figcaption class=\"wp-element-caption\">A governadora Maura Healey e outros reuniram-se em frente \u00e0 C\u00e2mara do Estado para anunciar v\u00e1rias medidas que Massachusetts est\u00e1 tomando para garantir a disponibilidade cont\u00ednua de mifepristona.<i> \u2013 Equipe de Pat Greenhouse\/Boston Globe, Arquivo<\/i><\/figcaption><\/figure>\n<p>Os especialistas tamb\u00e9m alertaram que o segundo mandato de Trump provavelmente significar\u00e1 mais amea\u00e7as aos direitos reprodutivos. O aborto continua legal e protegido pela lei estadual em Massachusetts, e Healey <a href=\"https:\/\/www.boston.com\/news\/local-news\/2024\/06\/18\/mass-will-hold-on-to-abortion-medication-stockpile-pointing-to-continued-attacks-on-reproductive-care\/\" target=\"_blank\" rel=\"noreferrer noopener\">tomou medidas para armazenar<\/a> o medicamento para aborto mifepristona em meio \u00e0 turbul\u00eancia federal. Mas os especialistas disseram ao <em>Globo <\/em>alguns provedores de aborto da Nova Inglaterra provavelmente <a href=\"https:\/\/www.bostonglobe.com\/2024\/11\/06\/metro\/trumps-triumph-is-likely-have-broad-implications-reproductive-rights\/\" target=\"_blank\" rel=\"noreferrer noopener\">perder financiamento federal significativo<\/a> sob a nova administra\u00e7\u00e3o Trump e pode precisar de l\u00edderes estaduais para cobrir o d\u00e9fice. <\/p>\n<p>Lora Pellegrini, presidente do Comit\u00ea Pol\u00edtico Feminino de Massachusetts, disse <a href=\"https:\/\/www.wgbh.org\/news\/local\/2024-11-06\/massachusetts-womens-groups-ready-to-mobilize-under-second-trump-presidency\" target=\"_blank\" rel=\"noreferrer noopener\">GBH<\/a> A elei\u00e7\u00e3o de Trump alimenta outros receios relativos aos cuidados reprodutivos.<\/p>\n<p>\u201cPoder\u00edamos ver uma proibi\u00e7\u00e3o federal completa do aborto, da contracep\u00e7\u00e3o e da fertiliza\u00e7\u00e3o in vitro, o que afetaria todos os estados, incluindo Massachusetts, o que \u00e9 bastante chocante e n\u00e3o tenho certeza se todos entendem isso completamente\u201d, disse Pellegrini ao meio de comunica\u00e7\u00e3o.<\/p>\n<p>Trump tamb\u00e9m fez dos ataques aos americanos transg\u00e9nero um elemento central da sua campanha, muitas vezes visando cuidados de afirma\u00e7\u00e3o de g\u00e9nero. <\/p>\n<h2 class=\"wp-block-heading\" id=\"h-environment\">Ambiente<\/h2>\n<p>Trump amea\u00e7ou emitir uma ordem executiva <a href=\"https:\/\/www.bostonglobe.com\/2024\/05\/12\/business\/trump-vows-day-one-executive-order-targeting-offshore-wind\/\" target=\"_blank\" rel=\"noreferrer noopener\">visando o desenvolvimento e\u00f3lico offshore<\/a>uma pedra angular da energia limpa de Massachusetts e <a href=\"https:\/\/www.mass.gov\/info-details\/offshore-wind\" target=\"_blank\" rel=\"noreferrer noopener\">metas clim\u00e1ticas<\/a>.<\/p>\n<p>\u201cEle vai encerrar a energia e\u00f3lica offshore\u201d, disse Healey em agosto, de acordo com <a href=\"https:\/\/commonwealthbeacon.org\/energy\/healey-all-in-on-offshore-wind-but-what-about-trump\/\" target=\"_blank\" rel=\"noreferrer noopener\">Comunidade<\/a>. \u201cEle vai encerrar toda a tecnologia de energia limpa. Ele vai acabar com o movimento em dire\u00e7\u00e3o \u00e0s energias renov\u00e1veis. E se isso acontecesse, ter\u00edamos uma popula\u00e7\u00e3o mais doente e menos saud\u00e1vel. As consequ\u00eancias na nossa economia seriam devastadoras.\u201d<\/p>\n<p>A elei\u00e7\u00e3o de Trump levanta preocupa\u00e7\u00f5es sobre a prov\u00e1vel perda do estado no governo federal <a href=\"https:\/\/www.bostonglobe.com\/2024\/09\/02\/science\/mass-got-billions-in-federal-clean-energy-dollars-what-if-trump-is-elected\/\" target=\"_blank\" rel=\"noreferrer noopener\">apoio \u00e0 energia limpa<\/a>um setor que contribuiu com mais de US$ 14 bilh\u00f5es para o produto bruto do estado de Massachusetts em 2022, de acordo com o <a href=\"https:\/\/www.masscec.com\/resources\/2023-massachusetts-clean-energy-industry-report\" target=\"_blank\" rel=\"noreferrer noopener\">Centro de Energia Limpa de Massachusetts<\/a>. Na verdade, Trump prometeu aumentar a produ\u00e7\u00e3o de combust\u00edveis f\u00f3sseis nos EUA, e o <a href=\"https:\/\/rncplatform.donaldjtrump.com\/?_gl=1*140ts9w*_gcl_au*MTA2NDgzNzgzNi4xNzMxMDA0Njgy&#038;_ga=2.172307616.2018955106.1731004682-200855653.1731004682\" target=\"_blank\" rel=\"noreferrer noopener\">Plataforma republicana<\/a> inclui uma promessa de \u201cDRILL, BABY, DRILL\u201d. <\/p>\n<figure class=\"wp-block-image size-full\"><img loading=\"lazy\" decoding=\"async\" width=\"2560\" height=\"1706\" src=\"https:\/\/bdc2020.o0bc.com\/wp-content\/uploads\/2024\/02\/W3ATW7GNCCP52NE32BC5T5USTE-65de09662803f-scaled.jpg\" alt=\"\" class=\"wp-image-29355620\" srcset=\"https:\/\/bdc2020.o0bc.com\/wp-content\/uploads\/2024\/02\/W3ATW7GNCCP52NE32BC5T5USTE-65de09662803f-scaled.jpg?width=200 200w, https:\/\/bdc2020.o0bc.com\/wp-content\/uploads\/2024\/02\/W3ATW7GNCCP52NE32BC5T5USTE-65de09662803f-scaled.jpg?width=300 300w, https:\/\/bdc2020.o0bc.com\/wp-content\/uploads\/2024\/02\/W3ATW7GNCCP52NE32BC5T5USTE-65de09662803f-scaled.jpg?width=400 400w, https:\/\/bdc2020.o0bc.com\/wp-content\/uploads\/2024\/02\/W3ATW7GNCCP52NE32BC5T5USTE-65de09662803f-scaled.jpg?width=500 500w, https:\/\/bdc2020.o0bc.com\/wp-content\/uploads\/2024\/02\/W3ATW7GNCCP52NE32BC5T5USTE-65de09662803f-scaled.jpg?width=600 600w, https:\/\/bdc2020.o0bc.com\/wp-content\/uploads\/2024\/02\/W3ATW7GNCCP52NE32BC5T5USTE-65de09662803f-scaled.jpg?width=700 700w, https:\/\/bdc2020.o0bc.com\/wp-content\/uploads\/2024\/02\/W3ATW7GNCCP52NE32BC5T5USTE-65de09662803f-scaled.jpg?width=800 800w, https:\/\/bdc2020.o0bc.com\/wp-content\/uploads\/2024\/02\/W3ATW7GNCCP52NE32BC5T5USTE-65de09662803f-scaled.jpg?width=900 900w\" sizes=\"auto, (max-width: 2560px) 100vw, 2560px\"\/><figcaption class=\"wp-element-caption\">Alunos de um programa de treinamento para instala\u00e7\u00e3o e\u00f3lica offshore na Massachusetts Maritime Academy.<i> \u2013 Foto AP \/ Seth Wenig, Arquivo<\/i><\/figcaption><\/figure>\n<h2 class=\"wp-block-heading\" id=\"h-education\">Educa\u00e7\u00e3o<\/h2>\n<p>Trump disse que quer <a href=\"https:\/\/www.cnn.com\/2023\/09\/13\/politics\/trump-department-of-education-states-2024\/index.html\" target=\"_blank\" rel=\"noreferrer noopener\">fechar a Secretaria Federal de Educa\u00e7\u00e3o<\/a> e dar mais controle a estados individuais, embora n\u00e3o pudesse faz\u00ea-lo unilateralmente. Uma de suas principais promessas de campanha \u00e9 \u201ccortar o financiamento federal para qualquer escola que promova a teoria racial cr\u00edtica, a ideologia radical de g\u00eanero e outros conte\u00fados raciais, sexuais ou pol\u00edticos inadequados para nossos filhos\u201d, potencialmente iniciando uma batalha com estados de tend\u00eancia mais liberal. como Massachusetts. <\/p>\n<p>A elei\u00e7\u00e3o de Trump provavelmente tamb\u00e9m ter\u00e1 impacto no robusto setor de ensino superior do estado, dado o seu plano de \u201crecuperar\u201d as universidades do <a href=\"https:\/\/www.donaldjtrump.com\/agenda47\/agenda47-protecting-students-from-the-radical-left-and-marxist-maniacs-infecting-educational-institutions\" target=\"_blank\" rel=\"noreferrer noopener\">\u201cMan\u00edacos marxistas.\u201d<\/a> De acordo com o <a href=\"https:\/\/www.bostonglobe.com\/2024\/10\/27\/metro\/trump-plans-a-crackdown-on-american-universities\/\" target=\"_blank\" rel=\"noreferrer noopener\"><em>Globo<\/em><\/a>Trump e seus aliados prop\u00f5em substituir as universidades existentes<strong> <\/strong>ag\u00eancias de supervis\u00e3o<strong> <\/strong>com novos que defenderiam \u201ca tradi\u00e7\u00e3o americana e a civiliza\u00e7\u00e3o ocidental\u201d, e sugeriram planos para direcionar iniciativas de diversidade nos campus. Um segundo mandato de Trump tamb\u00e9m significa alguma incerteza para Massachusetts <a href=\"https:\/\/www.bostonglobe.com\/2024\/11\/08\/nation\/trump-student-loan-forgiveness\/\" target=\"_blank\" rel=\"noreferrer noopener\">mutu\u00e1rios de empr\u00e9stimos estudantis<\/a>. <\/p>\n<p>Mas h\u00e1 uma chance de que Massachusetts n\u00e3o sinta os impactos educacionais t\u00e3o profundamente quanto alguns outros estados, sugeriu John Baick, professor de hist\u00f3ria da Western New England University, em coment\u00e1rios a <a href=\"https:\/\/www.masslive.com\/news\/2024\/10\/how-the-presidential-election-could-impact-higher-education-even-in-massachusetts.html\" target=\"_blank\" rel=\"noreferrer noopener\">Massa ao vivo<\/a> m\u00eas passado. <\/p>\n<p>\u201cA realidade b\u00e1sica \u00e9 que seremos um Estado pr\u00f3-educa\u00e7\u00e3o. E, para ser franco, \u00e9 semelhante \u00e0 ideia dos direitos reprodutivos e do direito de escolha da mulher\u201d, disse Baick ao meio de comunica\u00e7\u00e3o. \u201cO que acontece em Washington, DC pode afetar o pa\u00eds de forma bastante dram\u00e1tica, em alguns estados de forma bastante dram\u00e1tica, mas Massachusetts basicamente ficar\u00e1 bem.\u201d<\/p>\n<div class=\"m-block m-generic-cta\t m-generic-cta--post-content\t m-generic-cta--dark\t m-generic-cta--homepage\t m-generic-cta--email-signup\t\t m-generic-cta-block-style--default \tt-amp__generic-cta\"><\/p>\n<div class=\"m-generic-cta__wrap\">\n<div class=\"m-generic-cta__content\">\n<h3 class=\"m-generic-cta__title\">Boston.com hoje<\/h3>\n<p class=\"m-generic-cta__subtitle\">Inscreva-se para receber as \u00faltimas manchetes em sua caixa de entrada todas as manh\u00e3s.<\/p>\n<\/p><\/div>\n<\/p><\/div>\n<\/div>\n<div class=\"o-author-single has-avatar\">\n<header class=\"m-author-card\">\n<div class=\"a-image a-image--square m-author-card__image\">\n\t\t<img decoding=\"async\" class=\"\" src=\"https:\/\/www.boston.com\/wp-content\/uploads\/2024\/10\/cropped-Patkin-Headshot-66fea67b66dd2-scaled-1-66fea6a1c6f25.jpg\" alt=\"Imagem do perfil de Abby Patkin\"\/>\t<\/div>\n<\/header>\n<section class=\"author-info\">\n<hr class=\"m-author__section--hr\"\/>\n<div class=\"m-author__section\">\n<p>Abby Patkin \u00e9 uma rep\u00f3rter de not\u00edcias gerais cujo trabalho aborda transporte p\u00fablico, crime, sa\u00fade e tudo mais.<\/p>\n<\/div>\n<hr class=\"m-author__section--hr\"\/>\t<\/section>\n<\/div><\/div>\n<p><script>\n\t\tvar consent=\"grant\";\n\t\t\/* The above code is parsing the JSON data from the local storage and storing it in a variable. *\/\n\t\t\t\t\tconst onetrustStorageConsent = JSON.parse(localStorage.getItem( 'consent_one_trust_bdc' ) );\n\t\t\tif ( ( onetrustStorageConsent !== null ) ) {\n\t\t\t\t\/* Checking to see if the user has consented to the use of cookies.\n\t\t\t\t* If they have not, it is deleting the cookie.\n\t\t\t\t* This will comment for now, until further notice.\n\t\t\t\t*\/\n\t\t\t\t\/\/if ( onetrustStorageConsent.C0002 === false ) {\n\t\t\t\t\/\/\tdocument.cookie=\"_fbp=;expires=Thu, 01 Jan 2010 00:00:00 UTC; path=\/; domain=.boston.com\";\n\t\t\t\t\/\/}\n\t\t\t\t\/* Checking if the user has given consent for the cookie C0002.\n\t\t\t\t* If the user has given consent, the variable consent will be set to 'grant'.\n\t\t\t\t* If the user has not given consent,the variable consent will be set to 'revoke'.\n\t\t\t\t* Documentation https:\/\/developers.facebook.com\/docs\/meta-pixel\/implementation\/gdpr\n\t\t\t\t*\/\n\t\t\t\tif ( onetrustStorageConsent.C0002 !== true ) {\n\t\t\t\t\tconsent=\"revoke\";\n\t\t\t\t}\n\t\t\t}\n\t\t\t\t!function(f,b,e,v,n,t,s)\n\t\t{if(f.fbq)return;n=f.fbq=function(){n.callMethod?\n\t\tn.callMethod.apply(n,arguments):n.queue.push(arguments)};\n\t\tif(!f._fbq)f._fbq=n;n.push=n;n.loaded=!0;n.version='2.0';\n\t\tn.queue=[];t=b.createElement(e);t.async=!0;\n\t\tt.src=v;s=b.getElementsByTagName(e)[0];\n\t\ts.parentNode.insertBefore(t,s)}(window, document,'script',\n\t\t'https:\/\/connect.facebook.net\/en_US\/fbevents.js');\n\t\tfbq('consent', consent);\n\t\tfbq('init', '989222871864976');\n\t\tfbq('track', 'PageView');\n\t<\/script><script type=\"module\">\n\t\tvar consent=\"grant\";\n\t\t\/* The above code is parsing the JSON data from the local storage and storing it in a variable. *\/\n\t\t\tconst onetrustStorageConsent = JSON.parse(localStorage.getItem( 'consent_one_trust_bdc' ) );\n\t\t\t\/* Checking to see if the user has consented to the use of cookies.\n\t\t\t* If they have not, it is deleting the cookie.\n\t\t\t* This will comment for now, until further notice.\n\t\t\t*\/\n\t\t\t\/\/if ( onetrustStorageConsent.C0002 === false ) {\n\t\t\t\/\/\tdocument.cookie=\"_fbp=;expires=Thu, 01 Jan 2010 00:00:00 UTC; path=\/; domain=.boston.com\";\n\t\t\t\/\/}\n\t\t\t\/* Checking if the user has given consent for the cookie C0002.\n\t\t\t* If the user has given consent, the variable consent will be set to 'grant'.\n\t\t\t* If the user has not given consent,the variable consent will be set to 'revoke'.\n\t\t\t* Documentation https:\/\/developers.facebook.com\/docs\/meta-pixel\/implementation\/gdpr\n\t\t\t*\/\n\t\t\tif ( ( onetrustStorageConsent !== null ) && (onetrustStorageConsent.C0002 !== true ) ) {\n\t\t\t\tconsent=\"revoke\";\n\t\t\t}\n\t\t\t\t!function(f,b,e,v,n,t,s){if(f.fbq)return;n=f.fbq=function()\n\t\t{n.callMethod? n.callMethod.apply(n,arguments):n.queue.push(arguments)}\n\t\t;if(!f._fbq)f._fbq=n;\n\t\tn.push=n;n.loaded=!0;n.version='2.0';n.queue=[];t=b.createElement(e);t.async=!0;\n\t\tt.src=v;s=b.getElementsByTagName(e)[0];s.parentNode.insertBefore(t,s)}(window,\n\t\tdocument,'script','https:\/\/connect.facebook.net\/en_US\/fbevents.js');\n\t\tfbq('consent', consent);\n\t\tfbq('init', '813236348753005');\n\t\tfbq('track', \"PageView\");\n\t<\/script><br \/>\n<br \/><br \/>\n<br \/><a href=\"https:\/\/www.boston.com\/news\/politics\/2024\/11\/08\/heres-how-trumps-proposed-new-policies-may-affect-mass\/\">Source link <\/a><\/p>","protected":false},"excerpt":{"rendered":"<p>Pol\u00edtica As promessas de campanha de Trump e o pr\u00f3ximo regresso \u00e0 Casa Branca poder\u00e3o impactar as ind\u00fastrias em todo o Massachusetts. O ex-presidente Donald Trump sobe ao palco para&hellip;<\/p>","protected":false},"author":1,"featured_media":56346,"comment_status":"closed","ping_status":"open","sticky":false,"template":"","format":"standard","meta":{"content-type":"","footnotes":""},"categories":[1],"tags":[],"class_list":["post-56345","post","type-post","status-publish","format-standard","has-post-thumbnail","hentry","category-uncategorized"],"_links":{"self":[{"href":"https:\/\/tvbrazilusa.com\/pt\/wp-json\/wp\/v2\/posts\/56345","targetHints":{"allow":["GET"]}}],"collection":[{"href":"https:\/\/tvbrazilusa.com\/pt\/wp-json\/wp\/v2\/posts"}],"about":[{"href":"https:\/\/tvbrazilusa.com\/pt\/wp-json\/wp\/v2\/types\/post"}],"author":[{"embeddable":true,"href":"https:\/\/tvbrazilusa.com\/pt\/wp-json\/wp\/v2\/users\/1"}],"replies":[{"embeddable":true,"href":"https:\/\/tvbrazilusa.com\/pt\/wp-json\/wp\/v2\/comments?post=56345"}],"version-history":[{"count":1,"href":"https:\/\/tvbrazilusa.com\/pt\/wp-json\/wp\/v2\/posts\/56345\/revisions"}],"predecessor-version":[{"id":56347,"href":"https:\/\/tvbrazilusa.com\/pt\/wp-json\/wp\/v2\/posts\/56345\/revisions\/56347"}],"wp:featuredmedia":[{"embeddable":true,"href":"https:\/\/tvbrazilusa.com\/pt\/wp-json\/wp\/v2\/media\/56346"}],"wp:attachment":[{"href":"https:\/\/tvbrazilusa.com\/pt\/wp-json\/wp\/v2\/media?parent=56345"}],"wp:term":[{"taxonomy":"category","embeddable":true,"href":"https:\/\/tvbrazilusa.com\/pt\/wp-json\/wp\/v2\/categories?post=56345"},{"taxonomy":"post_tag","embeddable":true,"href":"https:\/\/tvbrazilusa.com\/pt\/wp-json\/wp\/v2\/tags?post=56345"}],"curies":[{"name":"wp","href":"https:\/\/api.w.org\/{rel}","templated":true}]}}