{"id":56366,"date":"2024-11-08T19:25:57","date_gmt":"2024-11-08T19:25:57","guid":{"rendered":"https:\/\/tvbrazilusa.com\/2024\/11\/08\/min-gilmar-mendes-vota-para-anular-eleicao-de-ezequiel-na-presidencia-da-assembleia\/"},"modified":"2024-11-08T19:25:59","modified_gmt":"2024-11-08T19:25:59","slug":"min-gilmar-mendes-vota-para-anular-eleicao-de-ezequiel-na-presidencia-da-assembleia","status":"publish","type":"post","link":"https:\/\/tvbrazilusa.com\/pt\/2024\/11\/08\/min-gilmar-mendes-vota-para-anular-eleicao-de-ezequiel-na-presidencia-da-assembleia\/","title":{"rendered":"MIn Gilmar Mendes vota para anular elei\u00e7\u00e3o de Ezequiel na presid\u00eancia da Assembleia"},"content":{"rendered":"<p> <script async src=\"https:\/\/pagead2.googlesyndication.com\/pagead\/js\/adsbygoogle.js?client=ca-pub-8864793242727901\"\r\n     crossorigin=\"anonymous\"><\/script><br \/>\n<\/p>\n<div>\n<figure class=\"post-image\">\n<\/figure>\n<p>            <span style=\"font-size: 12px\">Divulga\u00e7\u00e3o<\/span><\/p>\n<p>            <!-- end metas --><br \/>\n            <!-- ADS --><\/p>\n<div id=\"taboola-read-more\" style=\"display:block; width:100%\">\n<p>Entrou em pauta no Supremo Tribunal Federal (STF), nesta sexta-feira (08), a ADI 7733, em que a Procuradoria-Geral da Rep\u00fablica (PGR) questiona regra do Regimento Interno da Assembleia Legislativa do Rio Grande do Norte que permite que a elei\u00e7\u00e3o da Mesa Diretora do segundo bi\u00eanio ocorra a qualquer tempo at\u00e9 o terceiro ano de cada legislatura, antes de inaugurada a sess\u00e3o legislativa.\n<\/p>\n<p>Em seu voto, o ministro relator Gilmar Mendes votou para anular a elei\u00e7\u00e3o em que reelegeu o deputado Ezequiel Ferreira de Souza (PSDB) para a presid\u00eancia da Assembleia Legislativa do RN.<\/p>\n<p>Em seu voto, publicado em primeira m\u00e3o pelo Territ\u00f3rio Livre, o ministro disse ainda que \u201cantecipa\u00e7\u00e3o desarrazoada dessas elei\u00e7\u00f5es tende a favorecer os grupos pol\u00edticos majorit\u00e1rios e influentes no momento da vota\u00e7\u00e3o, que n\u00e3o refletir\u00e1, necessariamente, o anseio predominante ao in\u00edcio do novo bi\u00eanio.<br \/>Ademais, a periodicidade eleitoral permite que se avalie o desempenho dos ocupantes atuais dos cargos, antes da realiza\u00e7\u00e3o das nova elei\u00e7\u00f5es, possibilitando an\u00e1lises de conjuntura e a efetiva\u00e7\u00e3o de ajustes para que respondam a mudan\u00e7as nas for\u00e7as pol\u00edticas ou nas prefer\u00eancias dos representantes, decorrentes, inclusive, de eventuais altera\u00e7\u00f5es na composi\u00e7\u00e3o da Casa Legislativa\u201d.\n<\/p>\n<p>O julgamento segue em plen\u00e1rio virtual e deve ser conclu\u00eddo nos pr\u00f3ximos dias com os votos dos demais ministros.\n<\/p>\n<p>Fonte: Blog Tribuna do Norte              <\/p>\n<\/div>\n<p>                        <!-- Scripts para conteudo --><\/p>\n<p>            <!-- .\/Scripts para conteudo --><br \/>\n            <!-- .\/Mat\u00e9ria --><\/p>\n<div class=\"row mt-3\">\n<div class=\"col-sm-6\">\n                <!-- Whatsapp channel 3--><br \/>\n                <a href=\"https:\/\/chat.whatsapp.com\/J6hwSKYns5B0XFowx2wZ0P\" target=\"_blank\" rel=\"noopener\"><br \/>\n                  <img decoding=\"async\" src=\"https:\/\/diariodobrasilnoticias.com.br\/assets-site\/images\/bot_whatsapp.png\"\/><\/a>\n              <\/div>\n<div class=\"col-sm-6\">\n                <a href=\"https:\/\/t.me\/+_4gTmi5LKo03OTM5\" target=\"_blank\" rel=\"noopener\"><br \/>\n                  <img decoding=\"async\" src=\"https:\/\/diariodobrasilnoticias.com.br\/assets-site\/images\/bot_telegram.png\"\/><\/a>\n              <\/div>\n<\/p><\/div>\n<p>            <!-- end post-navigation --><\/p>\n<p>              <!-- end row --><\/p>\n<p>              <!-- end col-12-->\n                      <\/div>\n<p><br \/>\n<br \/><a href=\"https:\/\/diariodobrasilnoticias.com.br\/noticia\/min-gilmar-mendes-vota-para-anular-eleicao-de-ezequiel-na-presidencia-da-assembleia-672e4ccbd8c51\">Source link <\/a><\/p>","protected":false},"excerpt":{"rendered":"<p>Divulga\u00e7\u00e3o Entrou em pauta no Supremo Tribunal Federal (STF), nesta sexta-feira (08), a ADI 7733, em que a Procuradoria-Geral da Rep\u00fablica (PGR) questiona regra do Regimento Interno da Assembleia Legislativa&hellip;<\/p>","protected":false},"author":1,"featured_media":56367,"comment_status":"closed","ping_status":"open","sticky":false,"template":"","format":"standard","meta":{"content-type":"","footnotes":""},"categories":[16],"tags":[123,2448,5313,1267],"class_list":["post-56366","post","type-post","status-publish","format-standard","has-post-thumbnail","hentry","category-noticias","tag-brasil","tag-diario","tag-noticia","tag-noticias"],"_links":{"self":[{"href":"https:\/\/tvbrazilusa.com\/pt\/wp-json\/wp\/v2\/posts\/56366","targetHints":{"allow":["GET"]}}],"collection":[{"href":"https:\/\/tvbrazilusa.com\/pt\/wp-json\/wp\/v2\/posts"}],"about":[{"href":"https:\/\/tvbrazilusa.com\/pt\/wp-json\/wp\/v2\/types\/post"}],"author":[{"embeddable":true,"href":"https:\/\/tvbrazilusa.com\/pt\/wp-json\/wp\/v2\/users\/1"}],"replies":[{"embeddable":true,"href":"https:\/\/tvbrazilusa.com\/pt\/wp-json\/wp\/v2\/comments?post=56366"}],"version-history":[{"count":1,"href":"https:\/\/tvbrazilusa.com\/pt\/wp-json\/wp\/v2\/posts\/56366\/revisions"}],"predecessor-version":[{"id":56368,"href":"https:\/\/tvbrazilusa.com\/pt\/wp-json\/wp\/v2\/posts\/56366\/revisions\/56368"}],"wp:featuredmedia":[{"embeddable":true,"href":"https:\/\/tvbrazilusa.com\/pt\/wp-json\/wp\/v2\/media\/56367"}],"wp:attachment":[{"href":"https:\/\/tvbrazilusa.com\/pt\/wp-json\/wp\/v2\/media?parent=56366"}],"wp:term":[{"taxonomy":"category","embeddable":true,"href":"https:\/\/tvbrazilusa.com\/pt\/wp-json\/wp\/v2\/categories?post=56366"},{"taxonomy":"post_tag","embeddable":true,"href":"https:\/\/tvbrazilusa.com\/pt\/wp-json\/wp\/v2\/tags?post=56366"}],"curies":[{"name":"wp","href":"https:\/\/api.w.org\/{rel}","templated":true}]}}