{"id":56377,"date":"2024-11-08T19:50:40","date_gmt":"2024-11-08T19:50:40","guid":{"rendered":"https:\/\/tvbrazilusa.com\/2024\/11\/08\/marcal-e-indiciado-pela-pf-por-laudo-falso-contra-boulos\/"},"modified":"2024-11-08T19:50:41","modified_gmt":"2024-11-08T19:50:41","slug":"marcal-e-indiciado-pela-pf-por-laudo-falso-contra-boulos","status":"publish","type":"post","link":"https:\/\/tvbrazilusa.com\/pt\/2024\/11\/08\/marcal-e-indiciado-pela-pf-por-laudo-falso-contra-boulos\/","title":{"rendered":"Mar\u00e7al \u00e9 indiciado pela PF por laudo falso contra Boulos"},"content":{"rendered":"<p> <script async src=\"https:\/\/pagead2.googlesyndication.com\/pagead\/js\/adsbygoogle.js?client=ca-pub-8864793242727901\"\r\n     crossorigin=\"anonymous\"><\/script><br \/>\n<\/p>\n<div id=\"taboola-read-more\" style=\"display:block; width:100%\">\n<p>Pol\u00edcia Federal indiciou, nesta sexta-feira (8\/11), o candidato derrotado \u00e0 Prefeitura de S\u00e3o Paulo Pablo Mar\u00e7al, do PRTB, pelo crime de uso de documento falso. Mar\u00e7al postou nas redes sociais um laudo falso contra o advers\u00e1rio Guilherme Boulos (PSol) na v\u00e9spera do primeiro turno, em 4 de outubro.\n<\/p>\n<p>Mar\u00e7al prestou depoimento por cerca de 3 horas na Superintend\u00eancia Regional da PF, na Zona Oeste de S\u00e3o Paulo, tamb\u00e9m nesta sexta (8). Como antes, o influencer negou envolvimento no caso e disse que o suposto documento foi postado pela equipe dele.<\/p>\n<p>Fonte: Metr\u00f3poles              <\/p>\n<\/div>\n<p><br \/>\n<br \/><a href=\"https:\/\/diariodobrasilnoticias.com.br\/noticia\/marcal-e-indiciado-pela-pf-por-laudo-falso-contra-boulos-672e4e5371465\">Source link <\/a><\/p>","protected":false},"excerpt":{"rendered":"<p>Pol\u00edcia Federal indiciou, nesta sexta-feira (8\/11), o candidato derrotado \u00e0 Prefeitura de S\u00e3o Paulo Pablo Mar\u00e7al, do PRTB, pelo crime de uso de documento falso. Mar\u00e7al postou nas redes sociais&hellip;<\/p>","protected":false},"author":1,"featured_media":56378,"comment_status":"closed","ping_status":"open","sticky":false,"template":"","format":"standard","meta":{"content-type":"","footnotes":""},"categories":[16],"tags":[123,2448,5313,1267],"class_list":["post-56377","post","type-post","status-publish","format-standard","has-post-thumbnail","hentry","category-noticias","tag-brasil","tag-diario","tag-noticia","tag-noticias"],"_links":{"self":[{"href":"https:\/\/tvbrazilusa.com\/pt\/wp-json\/wp\/v2\/posts\/56377","targetHints":{"allow":["GET"]}}],"collection":[{"href":"https:\/\/tvbrazilusa.com\/pt\/wp-json\/wp\/v2\/posts"}],"about":[{"href":"https:\/\/tvbrazilusa.com\/pt\/wp-json\/wp\/v2\/types\/post"}],"author":[{"embeddable":true,"href":"https:\/\/tvbrazilusa.com\/pt\/wp-json\/wp\/v2\/users\/1"}],"replies":[{"embeddable":true,"href":"https:\/\/tvbrazilusa.com\/pt\/wp-json\/wp\/v2\/comments?post=56377"}],"version-history":[{"count":1,"href":"https:\/\/tvbrazilusa.com\/pt\/wp-json\/wp\/v2\/posts\/56377\/revisions"}],"predecessor-version":[{"id":56379,"href":"https:\/\/tvbrazilusa.com\/pt\/wp-json\/wp\/v2\/posts\/56377\/revisions\/56379"}],"wp:featuredmedia":[{"embeddable":true,"href":"https:\/\/tvbrazilusa.com\/pt\/wp-json\/wp\/v2\/media\/56378"}],"wp:attachment":[{"href":"https:\/\/tvbrazilusa.com\/pt\/wp-json\/wp\/v2\/media?parent=56377"}],"wp:term":[{"taxonomy":"category","embeddable":true,"href":"https:\/\/tvbrazilusa.com\/pt\/wp-json\/wp\/v2\/categories?post=56377"},{"taxonomy":"post_tag","embeddable":true,"href":"https:\/\/tvbrazilusa.com\/pt\/wp-json\/wp\/v2\/tags?post=56377"}],"curies":[{"name":"wp","href":"https:\/\/api.w.org\/{rel}","templated":true}]}}