{"id":56383,"date":"2024-11-08T20:03:07","date_gmt":"2024-11-08T20:03:07","guid":{"rendered":"https:\/\/tvbrazilusa.com\/2024\/11\/08\/grave-rombo-da-previdencia-chega-a-r-262-bilhoes-em-setembro-quase-20-de-alta-em-1-ano\/"},"modified":"2024-11-08T20:03:09","modified_gmt":"2024-11-08T20:03:09","slug":"grave-rombo-da-previdencia-chega-a-r-262-bilhoes-em-setembro-quase-20-de-alta-em-1-ano","status":"publish","type":"post","link":"https:\/\/tvbrazilusa.com\/pt\/2024\/11\/08\/grave-rombo-da-previdencia-chega-a-r-262-bilhoes-em-setembro-quase-20-de-alta-em-1-ano\/","title":{"rendered":"Grave: Rombo da Previd\u00eancia chega a R$ 26,2 bilh\u00f5es em setembro, quase 20% de alta em 1 ano"},"content":{"rendered":"<p> <script async src=\"https:\/\/pagead2.googlesyndication.com\/pagead\/js\/adsbygoogle.js?client=ca-pub-8864793242727901\"\r\n     crossorigin=\"anonymous\"><\/script><br \/>\n<\/p>\n<div id=\"taboola-read-more\" style=\"display:block; width:100%\">\n<p>Em meio \u00e0s discuss\u00f5es dentro do governo federal e \u00e0 press\u00e3o do mercado financeiro por medidas efetivas de corte de gastos, as contas da Previd\u00eancia Social no Brasil fecharam o m\u00eas de setembro com um rombo de R$ 26,2 bilh\u00f5es.\n<\/p>\n<p>Os dados s\u00e3o do pr\u00f3prio Minist\u00e9rio da Previd\u00eancia Social e foram obtidos pela TV Globo.<\/p>\n<p>Com o resultado de setembro, o d\u00e9ficit da Previd\u00eancia registrou uma alta de quase 20% (19,63%) em apenas 1 ano, na compara\u00e7\u00e3o com o mesmo per\u00edodo de 2023 (quando foi de R$ 21,9 bilh\u00f5es). A compara\u00e7\u00e3o \u00e9 em termos reais, j\u00e1 descontada a infla\u00e7\u00e3o no per\u00edodo.\n<\/p>\n<p>Na pr\u00e1tica, o resultado indica que o governo federal gastou muito mais para pagar aposentadorias e pens\u00f5es do que aquilo que conseguiu arrecadar para bancar os benef\u00edcios.\n<\/p>\n<p>Os dados se referem ao chamado regime geral, que inclui aposentadorias, pens\u00f5es e benef\u00edcios de trabalhadores do setor privado. O d\u00e9ficit previdenci\u00e1rio \u00e9 o principal item das despesas das contas federais.\n<\/p>\n<p>No acumulado at\u00e9 agosto deste ano, o rombo na Previd\u00eancia j\u00e1 alcan\u00e7ava R$ 239,6 bilh\u00f5es \u2013 o que representa um aumento de 1,5% em rela\u00e7\u00e3o ao ano passado.\n<\/p>\n<p>O objetivo do governo \u00e9 fechar 2024 dentro da margem permitida pelo arcabou\u00e7o fiscal, com um d\u00e9ficit de, no m\u00e1ximo, R$ 28,3 bilh\u00f5es.\n<\/p>\n<p>Fonte: Info Money              <\/p>\n<\/div>\n<p><br \/>\n<br \/><a href=\"https:\/\/diariodobrasilnoticias.com.br\/noticia\/grave-rombo-da-previdencia-chega-a-r-26-2-bilhoes-em-setembro-quase-20-de-alta-em-1-ano-672e4d90abdd9\">Source link <\/a><\/p>","protected":false},"excerpt":{"rendered":"<p>Em meio \u00e0s discuss\u00f5es dentro do governo federal e \u00e0 press\u00e3o do mercado financeiro por medidas efetivas de corte de gastos, as contas da Previd\u00eancia Social no Brasil fecharam o&hellip;<\/p>","protected":false},"author":1,"featured_media":56384,"comment_status":"closed","ping_status":"open","sticky":false,"template":"","format":"standard","meta":{"content-type":"","footnotes":""},"categories":[16],"tags":[123,2448,5313,1267],"class_list":["post-56383","post","type-post","status-publish","format-standard","has-post-thumbnail","hentry","category-noticias","tag-brasil","tag-diario","tag-noticia","tag-noticias"],"_links":{"self":[{"href":"https:\/\/tvbrazilusa.com\/pt\/wp-json\/wp\/v2\/posts\/56383","targetHints":{"allow":["GET"]}}],"collection":[{"href":"https:\/\/tvbrazilusa.com\/pt\/wp-json\/wp\/v2\/posts"}],"about":[{"href":"https:\/\/tvbrazilusa.com\/pt\/wp-json\/wp\/v2\/types\/post"}],"author":[{"embeddable":true,"href":"https:\/\/tvbrazilusa.com\/pt\/wp-json\/wp\/v2\/users\/1"}],"replies":[{"embeddable":true,"href":"https:\/\/tvbrazilusa.com\/pt\/wp-json\/wp\/v2\/comments?post=56383"}],"version-history":[{"count":1,"href":"https:\/\/tvbrazilusa.com\/pt\/wp-json\/wp\/v2\/posts\/56383\/revisions"}],"predecessor-version":[{"id":56385,"href":"https:\/\/tvbrazilusa.com\/pt\/wp-json\/wp\/v2\/posts\/56383\/revisions\/56385"}],"wp:featuredmedia":[{"embeddable":true,"href":"https:\/\/tvbrazilusa.com\/pt\/wp-json\/wp\/v2\/media\/56384"}],"wp:attachment":[{"href":"https:\/\/tvbrazilusa.com\/pt\/wp-json\/wp\/v2\/media?parent=56383"}],"wp:term":[{"taxonomy":"category","embeddable":true,"href":"https:\/\/tvbrazilusa.com\/pt\/wp-json\/wp\/v2\/categories?post=56383"},{"taxonomy":"post_tag","embeddable":true,"href":"https:\/\/tvbrazilusa.com\/pt\/wp-json\/wp\/v2\/tags?post=56383"}],"curies":[{"name":"wp","href":"https:\/\/api.w.org\/{rel}","templated":true}]}}