{"id":56526,"date":"2024-11-08T23:18:05","date_gmt":"2024-11-08T23:18:05","guid":{"rendered":"https:\/\/tvbrazilusa.com\/2024\/11\/08\/ymca-organiza-evento-anual-do-dia-dos-veteranos-para-homenagear-veteranos-em-weston-wsvn-7news-noticias-de-miami-clima-esportes-fort-lauderdale\/"},"modified":"2024-11-08T23:53:59","modified_gmt":"2024-11-08T23:53:59","slug":"ymca-organiza-evento-anual-do-dia-dos-veteranos-para-homenagear-veteranos-em-weston-wsvn-7news-noticias-de-miami-clima-esportes-fort-lauderdale","status":"publish","type":"post","link":"https:\/\/tvbrazilusa.com\/pt\/2024\/11\/08\/ymca-organiza-evento-anual-do-dia-dos-veteranos-para-homenagear-veteranos-em-weston-wsvn-7news-noticias-de-miami-clima-esportes-fort-lauderdale\/","title":{"rendered":"YMCA organiza evento anual do Dia dos Veteranos para homenagear veteranos em Weston &#8211; WSVN 7News | Not\u00edcias de Miami, clima, esportes | Fort Lauderdale"},"content":{"rendered":"<p> <script async src=\"https:\/\/pagead2.googlesyndication.com\/pagead\/js\/adsbygoogle.js?client=ca-pub-8864793242727901\"\r\n     crossorigin=\"anonymous\"><\/script><br \/>\n<\/p>\n<div itemprop=\"articleBody\">\n<p>WESTON, Fl\u00f3rida. (WSVN) &#8211; &#8211; Veteranos receberam uma sauda\u00e7\u00e3o no sul da Fl\u00f3rida em um caf\u00e9 da manh\u00e3 em Weston.<\/p>\n<p>O YMCA do Sul da Fl\u00f3rida e a cidade de Weston sediaram seu evento anual do Dia dos Veteranos, na manh\u00e3 de sexta-feira.<\/p>\n<p>Mais de 500 veteranos, autoridades e l\u00edderes comunit\u00e1rios desfrutaram de um caf\u00e9 da manh\u00e3 no Bonaventure Town Center Club.<\/p>\n<p>O evento contou com uma apresenta\u00e7\u00e3o do Oficial das For\u00e7as Especiais Mark Nutsch, que deu uma mensagem especial aos veteranos. <\/p>\n<p>\u201cFalaremos sobre os veteranos, sobre como continuamos a servir, e depois que n\u00e3o estivermos mais uniformizados, e todos servirem, mesmo aqueles que n\u00e3o est\u00e3o uniformizados, voc\u00ea serve sua comunidade, sua fam\u00edlia, seus colegas de trabalho, seja l\u00e1 o que for pode ser\u201d, disse Nutsch.<\/p>\n<p>Ele disse que \u00e9 uma honra poder representar a comunidade de seus veteranos. <\/p>\n<p><em>Copyright 2024 Sunbeam Television Corp. Todos os direitos reservados. Este material n\u00e3o pode ser publicado, transmitido, reescrito ou redistribu\u00eddo.<\/em><\/p>\n<div class=\"wp-block-newsletter\">\n\t<strong class=\"wp-block-newsletter__title\">Cadastre-se em nosso boletim informativo para receber as \u00faltimas not\u00edcias diretamente em sua caixa de entrada<\/strong><\/p>\n<\/div><\/div>\n<p><br \/>\n<br \/><a href=\"https:\/\/wsvn.com\/news\/local\/broward\/ymca-hosts-annual-veterans-day-event-to-honor-veterans-in-weston\/\">Source link <\/a><\/p>","protected":false},"excerpt":{"rendered":"<p>WESTON, Fl\u00f3rida. (WSVN) &#8211; &#8211; Veteranos receberam uma sauda\u00e7\u00e3o no sul da Fl\u00f3rida em um caf\u00e9 da manh\u00e3 em Weston. O YMCA do Sul da Fl\u00f3rida e a cidade de&hellip;<\/p>","protected":false},"author":1,"featured_media":56527,"comment_status":"closed","ping_status":"open","sticky":false,"template":"","format":"standard","meta":{"content-type":"","footnotes":""},"categories":[1],"tags":[],"class_list":["post-56526","post","type-post","status-publish","format-standard","has-post-thumbnail","hentry","category-uncategorized"],"_links":{"self":[{"href":"https:\/\/tvbrazilusa.com\/pt\/wp-json\/wp\/v2\/posts\/56526","targetHints":{"allow":["GET"]}}],"collection":[{"href":"https:\/\/tvbrazilusa.com\/pt\/wp-json\/wp\/v2\/posts"}],"about":[{"href":"https:\/\/tvbrazilusa.com\/pt\/wp-json\/wp\/v2\/types\/post"}],"author":[{"embeddable":true,"href":"https:\/\/tvbrazilusa.com\/pt\/wp-json\/wp\/v2\/users\/1"}],"replies":[{"embeddable":true,"href":"https:\/\/tvbrazilusa.com\/pt\/wp-json\/wp\/v2\/comments?post=56526"}],"version-history":[{"count":1,"href":"https:\/\/tvbrazilusa.com\/pt\/wp-json\/wp\/v2\/posts\/56526\/revisions"}],"predecessor-version":[{"id":56528,"href":"https:\/\/tvbrazilusa.com\/pt\/wp-json\/wp\/v2\/posts\/56526\/revisions\/56528"}],"wp:featuredmedia":[{"embeddable":true,"href":"https:\/\/tvbrazilusa.com\/pt\/wp-json\/wp\/v2\/media\/56527"}],"wp:attachment":[{"href":"https:\/\/tvbrazilusa.com\/pt\/wp-json\/wp\/v2\/media?parent=56526"}],"wp:term":[{"taxonomy":"category","embeddable":true,"href":"https:\/\/tvbrazilusa.com\/pt\/wp-json\/wp\/v2\/categories?post=56526"},{"taxonomy":"post_tag","embeddable":true,"href":"https:\/\/tvbrazilusa.com\/pt\/wp-json\/wp\/v2\/tags?post=56526"}],"curies":[{"name":"wp","href":"https:\/\/api.w.org\/{rel}","templated":true}]}}