{"id":56559,"date":"2024-11-09T01:12:43","date_gmt":"2024-11-09T01:12:43","guid":{"rendered":"https:\/\/tvbrazilusa.com\/2024\/11\/09\/otan-acusa-moscou-e-pyongyang-de-expandir-perigosamente-guerra-na-ucrania\/"},"modified":"2024-11-09T01:12:44","modified_gmt":"2024-11-09T01:12:44","slug":"otan-acusa-moscou-e-pyongyang-de-expandir-perigosamente-guerra-na-ucrania","status":"publish","type":"post","link":"https:\/\/tvbrazilusa.com\/pt\/2024\/11\/09\/otan-acusa-moscou-e-pyongyang-de-expandir-perigosamente-guerra-na-ucrania\/","title":{"rendered":"OTAN acusa Moscou e Pyongyang de &#8216;expandir perigosamente&#8217; guerra na Ucr\u00e2nia"},"content":{"rendered":"<p> <script async src=\"https:\/\/pagead2.googlesyndication.com\/pagead\/js\/adsbygoogle.js?client=ca-pub-8864793242727901\"\r\n     crossorigin=\"anonymous\"><\/script><br \/>\n<\/p>\n<div id=\"taboola-read-more\" style=\"display:block; width:100%\">\n<p>A Organiza\u00e7\u00e3o do Tratado do Atl\u00e2ntico Norte (OTAN), juntamente com Austr\u00e1lia, Jap\u00e3o, Nova Zel\u00e2ndia, Coreia do Sul e Ucr\u00e2nia, condenou \u201cenergeticamente\u201d nesta sexta-feira (8) a decis\u00e3o de R\u00fassia e Coreia do Norte de \u201cexpandir perigosamente\u201d a guerra contra os ucranianos, envolvendo \u201cmilhares de tropas&#8221; norte-coreanas no conflito.\n<\/p>\n<p>Essa decis\u00e3o do ditador russo, Vladimir Putin, e do l\u00edder norte-coreano, Kim Jong-un, \u00e9 uma \u201cperigosa expans\u00e3o\u201d do \u201capoio j\u00e1 substancial\u201d da Coreia do Norte ao esfor\u00e7o b\u00e9lico da R\u00fassia com \u201co fornecimento de milh\u00f5es de muni\u00e7\u00f5es e m\u00edsseis bal\u00edsticos\u201d em sua guerra contra a Ucr\u00e2nia, afirmou Conselho do Atl\u00e2ntico Norte em um comunicado, acompanhado por Camberra, T\u00f3quio, Wellington, Seul e Kiev.<\/p>\n<p>O aprofundamento da coopera\u00e7\u00e3o militar entre R\u00fassia e Coreia do Norte n\u00e3o s\u00f3 afeta \u201cprofundamente\u201d a seguran\u00e7a euro-atl\u00e2ntica, mas tamb\u00e9m tem implica\u00e7\u00f5es para a regi\u00e3o do Indo-Pac\u00edfico, afirmou o Conselho do Atl\u00e2ntico, que \u00e9 o mais alto \u00f3rg\u00e3o de decis\u00e3o da OTAN.\n<\/p>\n<p>Al\u00e9m disso, o aumento da coopera\u00e7\u00e3o militar entre russos e norte-coreanos constitui &#8220;uma viola\u00e7\u00e3o de m\u00faltiplas resolu\u00e7\u00f5es&#8221; do Conselho de Seguran\u00e7a das Na\u00e7\u00f5es Unidas, incluindo a 2270 (2016), 1718 (2006) e 1874 (2009), o que \u00e9 &#8220;especialmente escandaloso, considerando o status da R\u00fassia como membro permanente&#8221; do mesmo, destacaram.\n<\/p>\n<p>Por esta raz\u00e3o, instaram a R\u00fassia a voltar a cumprir estas resolu\u00e7\u00f5es e a cumprir suas obriga\u00e7\u00f5es internacionais.\n<\/p>\n<p>Da mesma forma, destacaram que a declara\u00e7\u00e3o da R\u00fassia em 26 de setembro, na qual afirmou que a desnucleariza\u00e7\u00e3o da Coreia do Norte \u201cn\u00e3o est\u00e1 sobre a mesa\u201d, \u00e9 \u201cinaceit\u00e1vel\u201d.\n<\/p>\n<p>Essa posi\u00e7\u00e3o, destacaram, \u201cmina o regime global de n\u00e3o prolifera\u00e7\u00e3o, contradiz diretamente as resolu\u00e7\u00f5es relevantes do Conselho de Seguran\u00e7a das Na\u00e7\u00f5es Unidas e agrava ainda mais as tens\u00f5es regionais\u201d.\n<\/p>\n<p>Para o Conselho do Atl\u00e2ntico Norte, a declara\u00e7\u00e3o russa faz parte do seu esfor\u00e7o mais amplo para minar o regime global de n\u00e3o prolifera\u00e7\u00e3o e desmantelar as san\u00e7\u00f5es das Na\u00e7\u00f5es Unidas.\n<\/p>\n<p>Por esta raz\u00e3o, a OTAN e os cinco signat\u00e1rios instaram todos os outros pa\u00edses a n\u00e3o prestarem qualquer assist\u00eancia \u00e0 agress\u00e3o da R\u00fassia e condenaram &#8220;todos aqueles que facilitam e, portanto, prolongam a guerra ilegal da R\u00fassia contra a Ucr\u00e2nia&#8221;.\n<\/p>\n<p>Neste contexto, a OTAN afirmou que continuar\u00e1 trabalhando com seus parceiros, particularmente no Indo-Pac\u00edfico, para promover a paz e a estabilidade e evitar que a R\u00fassia e aqueles que facilitam seu esfor\u00e7o de guerra prejudiquem a estabilidade regional e global.\n<\/p>\n<p>Ao mesmo tempo, destacou que os aliados continuam \u201ct\u00e3o determinados como sempre\u201d a apoiar a Ucr\u00e2nia \u201cdurante o tempo que for necess\u00e1rio\u201d.\n<\/p>\n<p>Fonte: Gazeta Brasil              <\/p>\n<\/div>\n<p><br \/>\n<br \/><a href=\"https:\/\/diariodobrasilnoticias.com.br\/noticia\/otan-acusa-moscou-e-pyongyang-de-expandir-perigosamente-guerra-na-ucrania-672e91eb1e6c6\">Source link <\/a><\/p>","protected":false},"excerpt":{"rendered":"<p>A Organiza\u00e7\u00e3o do Tratado do Atl\u00e2ntico Norte (OTAN), juntamente com Austr\u00e1lia, Jap\u00e3o, Nova Zel\u00e2ndia, Coreia do Sul e Ucr\u00e2nia, condenou \u201cenergeticamente\u201d nesta sexta-feira (8) a decis\u00e3o de R\u00fassia e Coreia&hellip;<\/p>","protected":false},"author":1,"featured_media":56560,"comment_status":"closed","ping_status":"open","sticky":false,"template":"","format":"standard","meta":{"content-type":"","footnotes":""},"categories":[16],"tags":[123,2448,5313,1267],"class_list":["post-56559","post","type-post","status-publish","format-standard","has-post-thumbnail","hentry","category-noticias","tag-brasil","tag-diario","tag-noticia","tag-noticias"],"_links":{"self":[{"href":"https:\/\/tvbrazilusa.com\/pt\/wp-json\/wp\/v2\/posts\/56559","targetHints":{"allow":["GET"]}}],"collection":[{"href":"https:\/\/tvbrazilusa.com\/pt\/wp-json\/wp\/v2\/posts"}],"about":[{"href":"https:\/\/tvbrazilusa.com\/pt\/wp-json\/wp\/v2\/types\/post"}],"author":[{"embeddable":true,"href":"https:\/\/tvbrazilusa.com\/pt\/wp-json\/wp\/v2\/users\/1"}],"replies":[{"embeddable":true,"href":"https:\/\/tvbrazilusa.com\/pt\/wp-json\/wp\/v2\/comments?post=56559"}],"version-history":[{"count":1,"href":"https:\/\/tvbrazilusa.com\/pt\/wp-json\/wp\/v2\/posts\/56559\/revisions"}],"predecessor-version":[{"id":56561,"href":"https:\/\/tvbrazilusa.com\/pt\/wp-json\/wp\/v2\/posts\/56559\/revisions\/56561"}],"wp:featuredmedia":[{"embeddable":true,"href":"https:\/\/tvbrazilusa.com\/pt\/wp-json\/wp\/v2\/media\/56560"}],"wp:attachment":[{"href":"https:\/\/tvbrazilusa.com\/pt\/wp-json\/wp\/v2\/media?parent=56559"}],"wp:term":[{"taxonomy":"category","embeddable":true,"href":"https:\/\/tvbrazilusa.com\/pt\/wp-json\/wp\/v2\/categories?post=56559"},{"taxonomy":"post_tag","embeddable":true,"href":"https:\/\/tvbrazilusa.com\/pt\/wp-json\/wp\/v2\/tags?post=56559"}],"curies":[{"name":"wp","href":"https:\/\/api.w.org\/{rel}","templated":true}]}}