{"id":56565,"date":"2024-11-09T01:24:11","date_gmt":"2024-11-09T01:24:11","guid":{"rendered":"https:\/\/tvbrazilusa.com\/2024\/11\/09\/ibrahim-eris-ex-presidente-do-banco-central-morre-aos-80-anos\/"},"modified":"2024-11-09T01:24:12","modified_gmt":"2024-11-09T01:24:12","slug":"ibrahim-eris-ex-presidente-do-banco-central-morre-aos-80-anos","status":"publish","type":"post","link":"https:\/\/tvbrazilusa.com\/pt\/2024\/11\/09\/ibrahim-eris-ex-presidente-do-banco-central-morre-aos-80-anos\/","title":{"rendered":"Ibrahim Eris, ex-presidente do Banco Central, morre aos 80 anos"},"content":{"rendered":"<p> <script async src=\"https:\/\/pagead2.googlesyndication.com\/pagead\/js\/adsbygoogle.js?client=ca-pub-8864793242727901\"\r\n     crossorigin=\"anonymous\"><\/script><br \/>\n<\/p>\n<div id=\"taboola-read-more\" style=\"display:block; width:100%\">\n<p>O economista Ibrahim Eris, ex-presidente do Banco Central (BC) na d\u00e9cada de 90, faleceu nesta sexta-feira (8) aos 80 anos. A informa\u00e7\u00e3o foi divulgada pelo Jockey Clube de S\u00e3o Paulo, mas n\u00e3o h\u00e1 informa\u00e7\u00f5es sobre a causa da morte.\n<\/p>\n<p>Antes de sua presid\u00eancia no BC, Eris integrou a equipe econ\u00f4mica do governo Collor, que implementou o pol\u00eamico Plano Collor, e foi respons\u00e1vel por conduzir a pol\u00edtica monet\u00e1ria no per\u00edodo cr\u00edtico de transi\u00e7\u00e3o econ\u00f4mica. Durante seu mandato no Banco Central, Eris teve que lidar com a infla\u00e7\u00e3o elevada e as incertezas do cen\u00e1rio econ\u00f4mico brasileiro. Eris deixou a presid\u00eancia do BC em 1991, ap\u00f3s o fracasso do plano<\/p>\n<p>Ap\u00f3s deixar o cargo, ele se dedicou \u00e0 consultoria financeira, sempre mantendo uma vis\u00e3o cr\u00edtica sobre a pol\u00edtica econ\u00f4mica brasileira, especialmente no que diz respeito ao combate \u00e0 infla\u00e7\u00e3o e \u00e0 necessidade de reformas no sistema banc\u00e1rio e fiscal do pa\u00eds\u200b\n<\/p>\n<p>Natural da Turquia, Eris estudou economia e estat\u00edstica na Middle East Technical University. Doutor pela Universidade de Vanderbilt, o economista chegou ao Brasil nos anos 1970 e foi professor da Universidade de Vanderbilt, em 1966.\n<\/p>\n<p>Eris tamb\u00e9m foi vice-presidente do Instituto de Pesquisa Econ\u00f4mica Aplicada (Ipea) e atuou como consultor de investimentos.\n<\/p>\n<p>O vel\u00f3rio do economista ser\u00e1 realizado no Cemit\u00e9rio Morumby, na Zona Sul da capital paulista, na manh\u00e3 deste s\u00e1bado (9). O enterro est\u00e1 marcado para 13h30, conforme informa\u00e7\u00f5es do Portal G1.\n<\/p>\n<p>Em nota, o BC lamentou a morte de Ibrahim Eris e disse que ele &#8220;n\u00e3o mediu esfor\u00e7os no trabalho de assegurar para a sociedade brasileira uma economia est\u00e1vel e com infla\u00e7\u00e3o controlada&#8221;. &#8220;Por onde passou, Eris deixou sua marca de alto profissionalismo e empenho no que fazia. A Diretoria do Banco Central presta suas condol\u00eancias aos familiares, amigos e colegas de trabalho de Eris neste momento de dor&#8221;, complementou a institui\u00e7\u00e3o.\n<\/p>\n<p>Fonte: Gazeta do Povo              <\/p>\n<\/div>\n<p><br \/>\n<br \/><a href=\"https:\/\/diariodobrasilnoticias.com.br\/noticia\/ibrahim-eris-ex-presidente-do-banco-central-morre-aos-80-anos-672e90f02cb97\">Source link <\/a><\/p>","protected":false},"excerpt":{"rendered":"<p>O economista Ibrahim Eris, ex-presidente do Banco Central (BC) na d\u00e9cada de 90, faleceu nesta sexta-feira (8) aos 80 anos. A informa\u00e7\u00e3o foi divulgada pelo Jockey Clube de S\u00e3o Paulo,&hellip;<\/p>","protected":false},"author":1,"featured_media":56566,"comment_status":"closed","ping_status":"open","sticky":false,"template":"","format":"standard","meta":{"content-type":"","footnotes":""},"categories":[16],"tags":[123,2448,5313,1267],"class_list":["post-56565","post","type-post","status-publish","format-standard","has-post-thumbnail","hentry","category-noticias","tag-brasil","tag-diario","tag-noticia","tag-noticias"],"_links":{"self":[{"href":"https:\/\/tvbrazilusa.com\/pt\/wp-json\/wp\/v2\/posts\/56565","targetHints":{"allow":["GET"]}}],"collection":[{"href":"https:\/\/tvbrazilusa.com\/pt\/wp-json\/wp\/v2\/posts"}],"about":[{"href":"https:\/\/tvbrazilusa.com\/pt\/wp-json\/wp\/v2\/types\/post"}],"author":[{"embeddable":true,"href":"https:\/\/tvbrazilusa.com\/pt\/wp-json\/wp\/v2\/users\/1"}],"replies":[{"embeddable":true,"href":"https:\/\/tvbrazilusa.com\/pt\/wp-json\/wp\/v2\/comments?post=56565"}],"version-history":[{"count":1,"href":"https:\/\/tvbrazilusa.com\/pt\/wp-json\/wp\/v2\/posts\/56565\/revisions"}],"predecessor-version":[{"id":56567,"href":"https:\/\/tvbrazilusa.com\/pt\/wp-json\/wp\/v2\/posts\/56565\/revisions\/56567"}],"wp:featuredmedia":[{"embeddable":true,"href":"https:\/\/tvbrazilusa.com\/pt\/wp-json\/wp\/v2\/media\/56566"}],"wp:attachment":[{"href":"https:\/\/tvbrazilusa.com\/pt\/wp-json\/wp\/v2\/media?parent=56565"}],"wp:term":[{"taxonomy":"category","embeddable":true,"href":"https:\/\/tvbrazilusa.com\/pt\/wp-json\/wp\/v2\/categories?post=56565"},{"taxonomy":"post_tag","embeddable":true,"href":"https:\/\/tvbrazilusa.com\/pt\/wp-json\/wp\/v2\/tags?post=56565"}],"curies":[{"name":"wp","href":"https:\/\/api.w.org\/{rel}","templated":true}]}}