{"id":56615,"date":"2024-11-09T02:55:40","date_gmt":"2024-11-09T02:55:40","guid":{"rendered":"https:\/\/tvbrazilusa.com\/2024\/11\/09\/homem-e-condenado-a-mais-de-10-anos-de-prisao-na-russia-por-doar-50-euros-em-apoio-a-ucrania\/"},"modified":"2024-11-09T02:55:41","modified_gmt":"2024-11-09T02:55:41","slug":"homem-e-condenado-a-mais-de-10-anos-de-prisao-na-russia-por-doar-50-euros-em-apoio-a-ucrania","status":"publish","type":"post","link":"https:\/\/tvbrazilusa.com\/pt\/2024\/11\/09\/homem-e-condenado-a-mais-de-10-anos-de-prisao-na-russia-por-doar-50-euros-em-apoio-a-ucrania\/","title":{"rendered":"Homem \u00e9 condenado a mais de 10 anos de pris\u00e3o na R\u00fassia por doar 50 euros em apoio \u00e0 Ucr\u00e2nia"},"content":{"rendered":"<p> <script async src=\"https:\/\/pagead2.googlesyndication.com\/pagead\/js\/adsbygoogle.js?client=ca-pub-8864793242727901\"\r\n     crossorigin=\"anonymous\"><\/script><br \/>\n<\/p>\n<div>\n<figure class=\"post-image\">\n<\/figure>\n<p>            <span style=\"font-size: 12px\"> Foto: EFE\/EPA\/ALEXANDER KAZAKOV\/SPUTNIK\/KREMLIN<\/span><\/p>\n<p>            <!-- end metas --><br \/>\n            <!-- ADS --><\/p>\n<div id=\"taboola-read-more\" style=\"display:block; width:100%\">\n<p>Um tribunal da R\u00fassia condenou um cidad\u00e3o do pa\u00eds chamado Alexander Kraychik a 13 anos de pris\u00e3o por &#8220;trai\u00e7\u00e3o&#8221;, ap\u00f3s ele ter sido acusado de doar cerca de 50 euros (aproximadamente R$ 307) ao Ex\u00e9rcito da Ucr\u00e2nia. A senten\u00e7a foi divulgada nesta sexta-feira (8), embora a decis\u00e3o tenha sido formalizada no dia 1\u00ba de novembro.\n<\/p>\n<p>De acordo com o Tribunal da Cidade de Moscou, Kraychik, de 34 anos, foi considerado culpado de fornecer &#8220;assist\u00eancia financeira a um Estado estrangeiro para apoiar atividades contra a seguran\u00e7a da Federa\u00e7\u00e3o Russa&#8221;. As autoridades russas t\u00eam intensificado a repress\u00e3o a indiv\u00edduos suspeitos de colaborar com a Ucr\u00e2nia desde o in\u00edcio da invas\u00e3o em larga escala ao pa\u00eds vizinho, com dezenas de casos de &#8220;trai\u00e7\u00e3o&#8221; abertos envolvendo a\u00e7\u00f5es como sabotagem, inc\u00eandios criminosos em instala\u00e7\u00f5es militares e transfer\u00eancia de informa\u00e7\u00f5es sobre as for\u00e7as armadas russas.<\/p>\n<p>Kraychik foi acusado de transferir 50 euros para uma organiza\u00e7\u00e3o na Alemanha que arrecadava fundos para apoiar o ex\u00e9rcito ucraniano, no dia 26 de fevereiro de 2022 \u2014 apenas dois dias ap\u00f3s o in\u00edcio da invas\u00e3o russa da Ucr\u00e2nia. Ele foi preso em 2023 enquanto tentava embarcar em um voo para a Turquia, ap\u00f3s seu telefone ter sido confiscado durante uma busca realizada em seu local de trabalho.\n<\/p>\n<p>A condena\u00e7\u00e3o de Kraychik ocorreu em um contexto de endurecimento das penas na R\u00fassia para casos de apoio, mesmo que indireto, a a\u00e7\u00f5es contr\u00e1rias aos interesses do regime de Vladimir Putin. O tribunal afirmou que ele agiu &#8220;motivado por \u00f3dio pol\u00edtico e ideol\u00f3gico&#8221;. Al\u00e9m de Kraychik, Ksenia Karelina, cidad\u00e3 com dupla nacionalidade russa e americana, tamb\u00e9m foi sentenciada por &#8220;trai\u00e7\u00e3o&#8221; a 12 anos de pris\u00e3o por doar 50 d\u00f3lares a uma organiza\u00e7\u00e3o pr\u00f3-Ucr\u00e2nia. Ela foi detida em janeiro deste ano ao visitar parentes em Ecaterimburgo, na R\u00fassia.\n<\/p>\n<p>Fonte: Gazeta do Povo              <\/p>\n<\/div>\n<p>                        <!-- Scripts para conteudo --><\/p>\n<p>            <!-- .\/Scripts para conteudo --><br \/>\n            <!-- .\/Mat\u00e9ria --><\/p>\n<div class=\"row mt-3\">\n<div class=\"col-sm-6\">\n                <!-- Whatsapp channel 3--><br \/>\n                <a href=\"https:\/\/chat.whatsapp.com\/J6hwSKYns5B0XFowx2wZ0P\" target=\"_blank\" rel=\"noopener\"><br \/>\n                  <img decoding=\"async\" src=\"https:\/\/diariodobrasilnoticias.com.br\/assets-site\/images\/bot_whatsapp.png\"\/><\/a>\n              <\/div>\n<div class=\"col-sm-6\">\n                <a href=\"https:\/\/t.me\/+_4gTmi5LKo03OTM5\" target=\"_blank\" rel=\"noopener\"><br \/>\n                  <img decoding=\"async\" src=\"https:\/\/diariodobrasilnoticias.com.br\/assets-site\/images\/bot_telegram.png\"\/><\/a>\n              <\/div>\n<\/p><\/div>\n<p>            <!-- end post-navigation --><\/p>\n<p>              <!-- end row --><\/p>\n<p>              <!-- end col-12-->\n                      <\/div>\n<p><br \/>\n<br \/><a href=\"https:\/\/diariodobrasilnoticias.com.br\/noticia\/homem-e-condenado-a-mais-de-10-anos-de-prisao-na-russia-por-doar-50-euros-em-apoio-a-ucrania-672e7b5353d46\">Source link <\/a><\/p>","protected":false},"excerpt":{"rendered":"<p>Foto: EFE\/EPA\/ALEXANDER KAZAKOV\/SPUTNIK\/KREMLIN Um tribunal da R\u00fassia condenou um cidad\u00e3o do pa\u00eds chamado Alexander Kraychik a 13 anos de pris\u00e3o por &#8220;trai\u00e7\u00e3o&#8221;, ap\u00f3s ele ter sido acusado de doar cerca&hellip;<\/p>","protected":false},"author":1,"featured_media":56616,"comment_status":"closed","ping_status":"open","sticky":false,"template":"","format":"standard","meta":{"content-type":"","footnotes":""},"categories":[16],"tags":[123,2448,5313,1267],"class_list":["post-56615","post","type-post","status-publish","format-standard","has-post-thumbnail","hentry","category-noticias","tag-brasil","tag-diario","tag-noticia","tag-noticias"],"_links":{"self":[{"href":"https:\/\/tvbrazilusa.com\/pt\/wp-json\/wp\/v2\/posts\/56615","targetHints":{"allow":["GET"]}}],"collection":[{"href":"https:\/\/tvbrazilusa.com\/pt\/wp-json\/wp\/v2\/posts"}],"about":[{"href":"https:\/\/tvbrazilusa.com\/pt\/wp-json\/wp\/v2\/types\/post"}],"author":[{"embeddable":true,"href":"https:\/\/tvbrazilusa.com\/pt\/wp-json\/wp\/v2\/users\/1"}],"replies":[{"embeddable":true,"href":"https:\/\/tvbrazilusa.com\/pt\/wp-json\/wp\/v2\/comments?post=56615"}],"version-history":[{"count":1,"href":"https:\/\/tvbrazilusa.com\/pt\/wp-json\/wp\/v2\/posts\/56615\/revisions"}],"predecessor-version":[{"id":56617,"href":"https:\/\/tvbrazilusa.com\/pt\/wp-json\/wp\/v2\/posts\/56615\/revisions\/56617"}],"wp:featuredmedia":[{"embeddable":true,"href":"https:\/\/tvbrazilusa.com\/pt\/wp-json\/wp\/v2\/media\/56616"}],"wp:attachment":[{"href":"https:\/\/tvbrazilusa.com\/pt\/wp-json\/wp\/v2\/media?parent=56615"}],"wp:term":[{"taxonomy":"category","embeddable":true,"href":"https:\/\/tvbrazilusa.com\/pt\/wp-json\/wp\/v2\/categories?post=56615"},{"taxonomy":"post_tag","embeddable":true,"href":"https:\/\/tvbrazilusa.com\/pt\/wp-json\/wp\/v2\/tags?post=56615"}],"curies":[{"name":"wp","href":"https:\/\/api.w.org\/{rel}","templated":true}]}}