{"id":56623,"date":"2024-11-09T03:11:04","date_gmt":"2024-11-09T03:11:04","guid":{"rendered":"https:\/\/tvbrazilusa.com\/2024\/11\/09\/morre-o-pai-de-rodrigo-pacheco\/"},"modified":"2024-11-09T03:11:05","modified_gmt":"2024-11-09T03:11:05","slug":"morre-o-pai-de-rodrigo-pacheco","status":"publish","type":"post","link":"https:\/\/tvbrazilusa.com\/pt\/2024\/11\/09\/morre-o-pai-de-rodrigo-pacheco\/","title":{"rendered":"Morre o pai de Rodrigo Pacheco"},"content":{"rendered":"<p> <script async src=\"https:\/\/pagead2.googlesyndication.com\/pagead\/js\/adsbygoogle.js?client=ca-pub-8864793242727901\"\r\n     crossorigin=\"anonymous\"><\/script><br \/>\n<\/p>\n<div id=\"taboola-read-more\" style=\"display:block; width:100%\">\n<p>A morte de H\u00e9lio Cota Pacheco, pai do atual presidente do Senado Federal do Brasil, Rodrigo Pacheco (PSD-MG), na madrugada desta sexta-feira (8\/11), abalou n\u00e3o apenas a esfera familiar, mas tamb\u00e9m a vida p\u00fablica do senador. Aos 81 anos, H\u00e9lio faleceu em Belo Horizonte, Minas Gerais, sua morte foi atribu\u00edda a causas naturais, conforme informou a equipe do senador.\n<\/p>\n<p>Segundo O Globo, Rodrigo Pacheco precisou ausentar-se da 10\u00aa C\u00fapula de Presidentes dos Parlamentos do G20 (P20) para acompanhar sua fam\u00edlia em Belo Horizonte. Na sua aus\u00eancia, Arthur Lira (PP-AL), presidente da C\u00e2mara dos Deputados, representou o Senado na importante reuni\u00e3o internacional. Esse evento trouxe \u00e0 tona o drama pessoal de Rodrigo ao enfrentar a perda de um ente querido.<\/p>\n<p><strong>Quem foi H\u00e9lio Cota Pacheco?<\/strong><br \/>H\u00e9lio Cota Pacheco era um comerciante conhecido em Minas Gerais. Ao longo de sua carreira, ele construiu uma distribuidora de bebidas em Ituiutaba, localizada no Pontal do Tri\u00e2ngulo Mineiro. O seu legado familiar inclui dois filhos e tr\u00eas netos, sendo Rodrigo Pacheco o ca\u00e7ula da fam\u00edlia. A trajet\u00f3ria de vida de H\u00e9lio foi marcada pela dedica\u00e7\u00e3o ao trabalho e \u00e0 fam\u00edlia.\n<\/p>\n<p><strong>Qual \u00e9 a hist\u00f3ria de vida de Rodrigo Pacheco?<\/strong><\/p>\n<p>Rodrigo Pacheco nasceu em Porto Velho, Rond\u00f4nia, mas foi em Minas Gerais que construiu sua base familiar e pol\u00edtica. Sua fam\u00edlia fixou resid\u00eancia principalmente na cidade de Passos, pr\u00f3xima a Varginha. Desde cedo, Rodrigo estabeleceu uma conex\u00e3o forte com a pol\u00edtica, o que o levou a ocupar cargos de destaque, com destaque para sua atual posi\u00e7\u00e3o como presidente do Senado Federal.\n<\/p>\n<p><strong>Como a perda familiar afeta a atua\u00e7\u00e3o pol\u00edtica?<\/strong><br \/>Eventos pessoais, como a morte de um parente pr\u00f3ximo, podem impactar significativamente a vida profissional e pol\u00edtica de qualquer indiv\u00edduo. Para Rodrigo, essa perda n\u00e3o apenas representa a aus\u00eancia de um pai, mas tamb\u00e9m um momento de reflex\u00e3o e reorganiza\u00e7\u00e3o de prioridades. Em um contexto como o do Senado, equilibrar o luto pessoal com as responsabilidades pol\u00edticas \u00e9 um desafio que exige resili\u00eancia e apoio de seus colegas e da equipe.<\/p>\n<p>Apesar das circunst\u00e2ncias, a continuidade dos deveres parlamentares \u00e9 essencial. \u00c9 esperado que, ap\u00f3s esse momento de luto, Rodrigo Pacheco retome suas atividades com renovado compromisso, honrando n\u00e3o apenas seu papel p\u00fablico, mas tamb\u00e9m a mem\u00f3ria de seu pai.\n<\/p>\n<p>Fonte: Terra Brasil Not\u00edcias              <\/p>\n<\/div>\n<p><br \/>\n<br \/><a href=\"https:\/\/diariodobrasilnoticias.com.br\/noticia\/morre-o-pai-de-rodrigo-pacheco-672e8cd3bf0fe\">Source link <\/a><\/p>","protected":false},"excerpt":{"rendered":"<p>A morte de H\u00e9lio Cota Pacheco, pai do atual presidente do Senado Federal do Brasil, Rodrigo Pacheco (PSD-MG), na madrugada desta sexta-feira (8\/11), abalou n\u00e3o apenas a esfera familiar, mas&hellip;<\/p>","protected":false},"author":1,"featured_media":56624,"comment_status":"closed","ping_status":"open","sticky":false,"template":"","format":"standard","meta":{"content-type":"","footnotes":""},"categories":[16],"tags":[123,2448,5313,1267],"class_list":["post-56623","post","type-post","status-publish","format-standard","has-post-thumbnail","hentry","category-noticias","tag-brasil","tag-diario","tag-noticia","tag-noticias"],"_links":{"self":[{"href":"https:\/\/tvbrazilusa.com\/pt\/wp-json\/wp\/v2\/posts\/56623","targetHints":{"allow":["GET"]}}],"collection":[{"href":"https:\/\/tvbrazilusa.com\/pt\/wp-json\/wp\/v2\/posts"}],"about":[{"href":"https:\/\/tvbrazilusa.com\/pt\/wp-json\/wp\/v2\/types\/post"}],"author":[{"embeddable":true,"href":"https:\/\/tvbrazilusa.com\/pt\/wp-json\/wp\/v2\/users\/1"}],"replies":[{"embeddable":true,"href":"https:\/\/tvbrazilusa.com\/pt\/wp-json\/wp\/v2\/comments?post=56623"}],"version-history":[{"count":1,"href":"https:\/\/tvbrazilusa.com\/pt\/wp-json\/wp\/v2\/posts\/56623\/revisions"}],"predecessor-version":[{"id":56625,"href":"https:\/\/tvbrazilusa.com\/pt\/wp-json\/wp\/v2\/posts\/56623\/revisions\/56625"}],"wp:featuredmedia":[{"embeddable":true,"href":"https:\/\/tvbrazilusa.com\/pt\/wp-json\/wp\/v2\/media\/56624"}],"wp:attachment":[{"href":"https:\/\/tvbrazilusa.com\/pt\/wp-json\/wp\/v2\/media?parent=56623"}],"wp:term":[{"taxonomy":"category","embeddable":true,"href":"https:\/\/tvbrazilusa.com\/pt\/wp-json\/wp\/v2\/categories?post=56623"},{"taxonomy":"post_tag","embeddable":true,"href":"https:\/\/tvbrazilusa.com\/pt\/wp-json\/wp\/v2\/tags?post=56623"}],"curies":[{"name":"wp","href":"https:\/\/api.w.org\/{rel}","templated":true}]}}