{"id":5690,"date":"2024-07-22T18:00:00","date_gmt":"2024-07-22T18:00:00","guid":{"rendered":"https:\/\/tvbrazilusa.com\/2024\/07\/22\/adeus-james-sao-paulo-negocia-rescisao-de-contrato-com-o-meia-colombiano\/"},"modified":"2024-07-22T18:01:08","modified_gmt":"2024-07-22T18:01:08","slug":"adeus-james-sao-paulo-negocia-rescisao-de-contrato-com-o-meia-colombiano","status":"publish","type":"post","link":"https:\/\/tvbrazilusa.com\/pt\/2024\/07\/22\/adeus-james-sao-paulo-negocia-rescisao-de-contrato-com-o-meia-colombiano\/","title":{"rendered":"Adeus, James? S\u00e3o Paulo negocia rescis\u00e3o de contrato com o meia colombiano"},"content":{"rendered":"<p> <script async src=\"https:\/\/pagead2.googlesyndication.com\/pagead\/js\/adsbygoogle.js?client=ca-pub-8864793242727901\"\r\n     crossorigin=\"anonymous\"><\/script><br \/>\n<\/p>\n<div>\n<p>Recentemente, not\u00edcias agitaram o cen\u00e1rio futebol\u00edstico brasileiro e colombiano, envolvendo James Rodr\u00edguez, conhecido meio-campista. Rodr\u00edguez, que agora celebra seu anivers\u00e1rio na Col\u00f4mbia, n\u00e3o vestir\u00e1 mais a camisa do Tricolor. Com interesse de retornar \u00e0s quadras espanholas, sua sa\u00edda do <a href=\"https:\/\/www.saopaulofc.net\/\" target=\"_blank\" rel=\"noreferrer noopener\">S\u00e3o Paulo<\/a> tornou-se um t\u00f3pico crucial nos bastidores do futebol.<\/p>\n<p>O colombiano negocia a libera\u00e7\u00e3o com o <a href=\"https:\/\/www.saopaulofc.net\/\" target=\"_blank\" rel=\"noreferrer noopener\">S\u00e3o Paulo<\/a> e, para isso, pode deixar de receber valores a que teria direito. Enquanto essa situa\u00e7\u00e3o se desenrola, a posi\u00e7\u00e3o financeira m\u00fatuo permanece incerta, criando um clima de incerteza sobre os pr\u00f3ximos movimentos de Rodr\u00edguez.<\/p>\n<div class=\"wp-block-image\">\n<figure class=\"aligncenter size-full\"><picture decoding=\"async\" class=\"wp-image-159039\"><source type=\"image\/webp\" srcset=\"https:\/\/terrabrasilnoticias.com\/wp-content\/uploads\/2024\/07\/Casares-e-James.jpg.webp 722w, https:\/\/terrabrasilnoticias.com\/wp-content\/uploads\/2024\/07\/Casares-e-James-300x200.jpg.webp 300w\" sizes=\"(max-width: 722px) 100vw, 722px\"\/><\/picture><figcaption class=\"wp-element-caption\">No dia 1 do 8 de 2023, James R. foi apresentado no CT do S\u00e3o Paulo. \u2013 Foto: Divulga\u00e7\u00e3o\/SPFC<\/figcaption><\/figure>\n<\/div>\n<h2 class=\"wp-block-heading\">Qual o Impacto da Sa\u00edda de James Rodr\u00edguez para o S\u00e3o Paulo?<\/h2>\n<p>James Rodr\u00edguez, apesar de ter participado de um curto n\u00famero de confrontos nesta temporada, deixou sua marca no clube. Desde sua contrata\u00e7\u00e3o, <strong>ele atuou em 22 jogos, contribuindo com dois gols e quatro assist\u00eancias<\/strong>. Sua sa\u00edda traz desd\u00e9m e cr\u00edticas pela vis\u00e3o da torcida do clube, principalmente que ele era para ser uma pe\u00e7a essencial no elenco e trazer resultados ao <a href=\"https:\/\/www.saopaulofc.net\/\" target=\"_blank\" rel=\"noreferrer noopener\">S\u00e3o Paulo<\/a>. <\/p>\n<h2 class=\"wp-block-heading\">O Legado de James Rodr\u00edguez na Sele\u00e7\u00e3o Colombiana<\/h2>\n<p>Enquanto a situa\u00e7\u00e3o no clube paulista se resolve, <a href=\"https:\/\/terrabrasilnoticias.com\/2024\/07\/james-rodriguez-leva-colombia-a-final-da-copa-america\/\" target=\"_blank\" rel=\"noreferrer noopener\">Rodr\u00edguez \u00e9 pe\u00e7a fundamental no per\u00edodo de jogos pela sele\u00e7\u00e3o colombiana<\/a>, especialmente agora, que <a href=\"https:\/\/terrabrasilnoticias.com\/2024\/07\/romario-dispara-sobre-neymar-na-copa-do-mundo-ele-e-o-cara-da-diferenca\/\" target=\"_blank\" rel=\"noreferrer noopener\">o time \u00e9 um dos advers\u00e1rios do Brasil<\/a> na Copa Am\u00e9rica. O atleta foi extremamente importante no desempenho recente da equipe, que conquistou o vice-campeonato, elevando ainda mais o seu valor no mercado internacional.<\/p>\n<p>A futuro de Rodr\u00edguez parece apontar para a Espanha, com clubes como <strong>Atl\u00e9tico de Madrid<\/strong> e <strong>Villarreal<\/strong> mostrando interesse em seu futebol. Isso marca uma nova fase em sua carreira, possivelmente trazendo novos desafios e oportunidades para o experiente jogador.<\/p>\n<h2 class=\"wp-block-heading\">Quais S\u00e3o os Pr\u00f3ximos Passos Para Colombiano?<\/h2>\n<p>Em meio a especula\u00e7\u00f5es e negocia\u00e7\u00f5es, espera-se que James Rodr\u00edguez d\u00ea um passo atr\u00e1s para refletir sobre sua vasta experi\u00eancia e fazer uma escolha que equilibre satisfa\u00e7\u00e3o pessoal e sucesso profissional. Suas experi\u00eancias anteriores em clubes eminentes como o <strong>Real Madrid<\/strong> j\u00e1 o prepararam para ambientes de alta press\u00e3o e decis\u00f5es importantes.<\/p>\n<p>Enquanto aguardamos o desenlace dessa trama do futebol, resta-nos seguir atentos \u00e0s pr\u00f3ximas jogadas de James Rodr\u00edguez, tanto dentro quanto fora dos campos.<\/p>\n<\/p><\/div>\n<p><br \/>\n<br \/><a href=\"https:\/\/terrabrasilnoticias.com\/2024\/07\/adeus-james-sao-paulo-negocia-rescisao-de-contrato-com-o-meia-colombiano\/\">Source link <\/a><\/p>","protected":false},"excerpt":{"rendered":"<p>Recentemente, not\u00edcias agitaram o cen\u00e1rio futebol\u00edstico brasileiro e colombiano, envolvendo James Rodr\u00edguez, conhecido meio-campista. Rodr\u00edguez, que agora celebra seu anivers\u00e1rio na Col\u00f4mbia, n\u00e3o vestir\u00e1 mais a camisa do Tricolor. Com&hellip;<\/p>","protected":false},"author":1,"featured_media":5691,"comment_status":"closed","ping_status":"open","sticky":false,"template":"","format":"standard","meta":{"content-type":"","footnotes":""},"categories":[16],"tags":[],"class_list":["post-5690","post","type-post","status-publish","format-standard","has-post-thumbnail","hentry","category-noticias"],"_links":{"self":[{"href":"https:\/\/tvbrazilusa.com\/pt\/wp-json\/wp\/v2\/posts\/5690","targetHints":{"allow":["GET"]}}],"collection":[{"href":"https:\/\/tvbrazilusa.com\/pt\/wp-json\/wp\/v2\/posts"}],"about":[{"href":"https:\/\/tvbrazilusa.com\/pt\/wp-json\/wp\/v2\/types\/post"}],"author":[{"embeddable":true,"href":"https:\/\/tvbrazilusa.com\/pt\/wp-json\/wp\/v2\/users\/1"}],"replies":[{"embeddable":true,"href":"https:\/\/tvbrazilusa.com\/pt\/wp-json\/wp\/v2\/comments?post=5690"}],"version-history":[{"count":1,"href":"https:\/\/tvbrazilusa.com\/pt\/wp-json\/wp\/v2\/posts\/5690\/revisions"}],"predecessor-version":[{"id":5692,"href":"https:\/\/tvbrazilusa.com\/pt\/wp-json\/wp\/v2\/posts\/5690\/revisions\/5692"}],"wp:featuredmedia":[{"embeddable":true,"href":"https:\/\/tvbrazilusa.com\/pt\/wp-json\/wp\/v2\/media\/5691"}],"wp:attachment":[{"href":"https:\/\/tvbrazilusa.com\/pt\/wp-json\/wp\/v2\/media?parent=5690"}],"wp:term":[{"taxonomy":"category","embeddable":true,"href":"https:\/\/tvbrazilusa.com\/pt\/wp-json\/wp\/v2\/categories?post=5690"},{"taxonomy":"post_tag","embeddable":true,"href":"https:\/\/tvbrazilusa.com\/pt\/wp-json\/wp\/v2\/tags?post=5690"}],"curies":[{"name":"wp","href":"https:\/\/api.w.org\/{rel}","templated":true}]}}