{"id":56980,"date":"2024-11-09T23:26:43","date_gmt":"2024-11-09T23:26:43","guid":{"rendered":"https:\/\/tvbrazilusa.com\/2024\/11\/09\/urgente-predio-abandonado-e-invadido-e-ocupado-por-80-familias-sem-teto\/"},"modified":"2024-11-09T23:26:44","modified_gmt":"2024-11-09T23:26:44","slug":"urgente-predio-abandonado-e-invadido-e-ocupado-por-80-familias-sem-teto","status":"publish","type":"post","link":"https:\/\/tvbrazilusa.com\/pt\/2024\/11\/09\/urgente-predio-abandonado-e-invadido-e-ocupado-por-80-familias-sem-teto\/","title":{"rendered":"URGENTE: Pr\u00e9dio abandonado \u00e9 invadido e ocupado por 80 fam\u00edlias sem-teto"},"content":{"rendered":"<p> <script async src=\"https:\/\/pagead2.googlesyndication.com\/pagead\/js\/adsbygoogle.js?client=ca-pub-8864793242727901\"\r\n     crossorigin=\"anonymous\"><\/script><br \/>\n<br \/>Pr\u00e9dio abandonado no SIG \u00e9 invadido e ocupado por 80 fam\u00edlias sem-teto<br \/>\n<br \/><br \/>\n<br \/><a href=\"https:\/\/diariodobrasilnoticias.com.br\/noticia\/urgente-predio-abandonado-e-invadido-e-ocupado-por-80-familias-sem-teto-672fd1d68584b\">Source link <\/a><\/p>","protected":false},"excerpt":{"rendered":"<p>Pr\u00e9dio abandonado no SIG \u00e9 invadido e ocupado por 80 fam\u00edlias sem-teto Source link<\/p>","protected":false},"author":1,"featured_media":56981,"comment_status":"closed","ping_status":"open","sticky":false,"template":"","format":"standard","meta":{"content-type":"","footnotes":""},"categories":[16],"tags":[123,2448,5313,1267],"class_list":["post-56980","post","type-post","status-publish","format-standard","has-post-thumbnail","hentry","category-noticias","tag-brasil","tag-diario","tag-noticia","tag-noticias"],"_links":{"self":[{"href":"https:\/\/tvbrazilusa.com\/pt\/wp-json\/wp\/v2\/posts\/56980","targetHints":{"allow":["GET"]}}],"collection":[{"href":"https:\/\/tvbrazilusa.com\/pt\/wp-json\/wp\/v2\/posts"}],"about":[{"href":"https:\/\/tvbrazilusa.com\/pt\/wp-json\/wp\/v2\/types\/post"}],"author":[{"embeddable":true,"href":"https:\/\/tvbrazilusa.com\/pt\/wp-json\/wp\/v2\/users\/1"}],"replies":[{"embeddable":true,"href":"https:\/\/tvbrazilusa.com\/pt\/wp-json\/wp\/v2\/comments?post=56980"}],"version-history":[{"count":1,"href":"https:\/\/tvbrazilusa.com\/pt\/wp-json\/wp\/v2\/posts\/56980\/revisions"}],"predecessor-version":[{"id":56982,"href":"https:\/\/tvbrazilusa.com\/pt\/wp-json\/wp\/v2\/posts\/56980\/revisions\/56982"}],"wp:featuredmedia":[{"embeddable":true,"href":"https:\/\/tvbrazilusa.com\/pt\/wp-json\/wp\/v2\/media\/56981"}],"wp:attachment":[{"href":"https:\/\/tvbrazilusa.com\/pt\/wp-json\/wp\/v2\/media?parent=56980"}],"wp:term":[{"taxonomy":"category","embeddable":true,"href":"https:\/\/tvbrazilusa.com\/pt\/wp-json\/wp\/v2\/categories?post=56980"},{"taxonomy":"post_tag","embeddable":true,"href":"https:\/\/tvbrazilusa.com\/pt\/wp-json\/wp\/v2\/tags?post=56980"}],"curies":[{"name":"wp","href":"https:\/\/api.w.org\/{rel}","templated":true}]}}