{"id":57023,"date":"2024-11-10T01:36:23","date_gmt":"2024-11-10T01:36:23","guid":{"rendered":"https:\/\/tvbrazilusa.com\/2024\/11\/10\/assistir-linus-ullmark-da-abraco-com-jeremy-swayman-e-sauda-os-fas-dos-bruins-em-retorno-ao-td-garden\/"},"modified":"2024-11-10T02:03:21","modified_gmt":"2024-11-10T02:03:21","slug":"assistir-linus-ullmark-da-abraco-com-jeremy-swayman-e-sauda-os-fas-dos-bruins-em-retorno-ao-td-garden","status":"publish","type":"post","link":"https:\/\/tvbrazilusa.com\/pt\/2024\/11\/10\/assistir-linus-ullmark-da-abraco-com-jeremy-swayman-e-sauda-os-fas-dos-bruins-em-retorno-ao-td-garden\/","title":{"rendered":"Assistir: Linus Ullmark d\u00e1 abra\u00e7o com Jeremy Swayman e sa\u00fada os f\u00e3s dos Bruins em retorno ao TD Garden"},"content":{"rendered":"<p> <script async src=\"https:\/\/pagead2.googlesyndication.com\/pagead\/js\/adsbygoogle.js?client=ca-pub-8864793242727901\"\r\n     crossorigin=\"anonymous\"><\/script><br \/>\n<\/p>\n<div id=\"\">\n<header class=\"m-article-header m-article-header--standard\">\n\t\t\t\t\t\t\t\t\t\t\t\t<span id=\"article-header-primary-term\"><br \/>\n\t\t\t\t\t\t\t\t<a class=\"a-term a-term--primary\" href=\"https:\/\/www.boston.com\/tag\/boston-bruins\/\"><\/p>\n<p>\t\t\t\t\t\t\t\tBruins\t\t\t\t\t\t\t\t<\/a><br \/>\n\t\t\t\t\t\t\t<\/span><\/p>\n<h2 class=\"m-article-header__sub-headline\">Ullmark e Swayman se abra\u00e7aram antes do jogo de s\u00e1bado no TD Garden.<\/h2>\n<figure class=\"a-photo m-article-header__photo\"><figcaption class=\"a-photo__caption\">\n<p>\tLinus Ullmark e Jeremy Swayman se abra\u00e7aram no s\u00e1bado no TD Garden. <em> (Foto de Winslow Townson\/Getty Images)<\/em>\t<\/figcaption><\/figure>\n<\/header>\n<p>Jeremy Swayman manteve suas cartas fechadas na sexta-feira quando questionado se outro abra\u00e7o no gelo com o ex-goleiro do Bruins Linus Ullmark estava em jogo durante seu reencontro antecipado no TD Garden. <\/p>\n<p>\u201cAcho que voc\u00ea ter\u00e1 que esperar para ver,\u201d<a target=\"_blank\" href=\"https:\/\/www.boston.com\/sports\/boston-bruins\/2024\/11\/08\/jeremy-swayman-linus-ullmark-boston-bruins-ottawa-senators\/\" rel=\"noreferrer noopener\"> Swayman disse rindo quando questionado se outro abra\u00e7o p\u00f3s-jogo estava em andamento<\/a>. \u201cMantenha voc\u00ea alerta.\u201d<\/p>\n<p>Enquanto <a target=\"_blank\" href=\"https:\/\/x.com\/ConorRyan_93\/status\/1805392264770040111\" rel=\"noreferrer noopener\">suas festividades p\u00f3s-vit\u00f3ria patenteadas<\/a> pode n\u00e3o ser vi\u00e1vel agora que Ullmark veste um su\u00e9ter dos Senators, a dupla compartilhou um abra\u00e7o amig\u00e1vel antes da entrega do disco no s\u00e1bado \u00e0 noite. <\/p>\n<figure class=\"wp-block-embed is-type-rich is-provider-twitter wp-block-embed-twitter\"\/>\n<p>Pouco depois do in\u00edcio dos aquecimentos no TD Garden, Ullmark foi at\u00e9 Swayman perto de ambos os bancos &#8211; dando-se um abra\u00e7o r\u00e1pido antes de posarem para uma foto juntos. <\/p>\n<p>Ullmark e Swayman compartilharam a rede do Boston por tr\u00eas temporadas &#8211; com a dupla estabelecendo uma amizade pr\u00f3xima e se tornando indiscutivelmente o melhor goleiro da NHL.<\/p>\n<p>Ao longo dessas tr\u00eas temporadas, os Bruins registraram um recorde geral de 163-58-25 e m\u00e9dia de 117 pontos por ano. Embora Swayman rapidamente se tenha estabelecido como um dos melhores jovens goleiros da NHL, os excelentes n\u00fameros e a presen\u00e7a veterana de Ullmark permitiram que Swayman se desenvolvesse em sua pr\u00f3pria linha do tempo. <\/p>\n<figure class=\"wp-block-embed is-type-rich is-provider-twitter wp-block-embed-twitter\"\/>\n<p>\u201cIsso mostra que tipo de car\u00e1ter ele tem\u201d, disse Swayman sobre Ullmark, que levou para casa o Trof\u00e9u Vezina com o Boston durante a temporada 2022-23. \u201cApenas sua consci\u00eancia de pegar aqueles caras ao seu redor e ver no que ele poderia ajudar &#8211; com as experi\u00eancias pelas quais ele passou, e lan\u00e7ar alguma luz para que eu n\u00e3o cometesse os mesmos erros ou tivesse uma maneira um pouco melhor. em diferentes situa\u00e7\u00f5es.\u201d<\/p>\n<p>Ullmark, que foi negociado com Ottawa em junho em troca de uma escolha de primeira rodada em 2024, Joonas Korpisalo e Mark Kastelic, foi titular no s\u00e1bado contra Swayman e Boston.<\/p>\n<p>Durante o primeiro intervalo da m\u00eddia, Ullmark recebeu um tributo em v\u00eddeo, destacando algumas de suas melhores defesas, bem como seu gol de goleiro contra os Canucks em 25 de fevereiro de 2023 \u2013 o primeiro na hist\u00f3ria da franquia Bruins.<\/p>\n<p>Assim que o v\u00eddeo foi conclu\u00eddo e a multid\u00e3o do TD Garden explodiu em aplausos, Ullmark patinou no gelo e ergueu seu taco em sauda\u00e7\u00e3o aos f\u00e3s dos Bruins. <\/p>\n<figure class=\"wp-block-embed is-type-rich is-provider-twitter wp-block-embed-twitter\"\/>\n<p>Apesar do sentimento caloroso compartilhado nos primeiros est\u00e1gios do confronto do Boston contra o Ottawa, os Bruins est\u00e3o tentando capitalizar o in\u00edcio lento do Ullmark. Entrando no jogo de s\u00e1bado, Ullmark perdeu quatro de seus \u00faltimos cinco jogos \u2013 ostentando uma porcentagem de defesas de 0,873 nesse per\u00edodo.<\/p>\n<div class=\"m-block m-generic-cta\t m-generic-cta--post-content\t m-generic-cta--dark\t m-generic-cta--homepage\t m-generic-cta--email-signup\t\t m-generic-cta-block-style--default \tt-amp__generic-cta\"><\/p>\n<div class=\"m-generic-cta__wrap\">\n<div class=\"m-generic-cta__content\">\n<h3 class=\"m-generic-cta__title\">Inscreva-se para receber atualiza\u00e7\u00f5es do Bruins\ud83c\udfd2 <\/h3>\n<p class=\"m-generic-cta__subtitle\">Receba as \u00faltimas not\u00edcias e an\u00e1lises em sua caixa de entrada durante a temporada de h\u00f3quei.<\/p>\n<\/p><\/div>\n<\/p><\/div>\n<\/div>\n<div class=\"o-author-single has-avatar\">\n<header class=\"m-author-card\">\n<div class=\"a-image a-image--square m-author-card__image\">\n\t\t<img decoding=\"async\" class=\"\" src=\"https:\/\/www.boston.com\/wp-content\/uploads\/2023\/05\/Headshot_Conor-645c0406ed6cb-scaled.jpg\" alt=\"Imagem do perfil de Conor Ryan\"\/>\t<\/div>\n<\/header>\n<section class=\"author-info\">\n<hr class=\"m-author__section--hr\"\/>\n<div class=\"m-author__section\">\n<p>Conor Ryan \u00e9 redator da equipe que cobre Bruins, Celtics, Patriots e Red Sox para Boston.com, fun\u00e7\u00e3o que ocupa desde 2023.<\/p>\n<\/div>\n<hr class=\"m-author__section--hr\"\/>\t<\/section>\n<\/div><\/div>\n<p><script>\n\t\tvar consent=\"grant\";\n\t\t\/* The above code is parsing the JSON data from the local storage and storing it in a variable. *\/\n\t\t\t\t\tconst onetrustStorageConsent = JSON.parse(localStorage.getItem( 'consent_one_trust_bdc' ) );\n\t\t\tif ( ( onetrustStorageConsent !== null ) ) {\n\t\t\t\t\/* Checking to see if the user has consented to the use of cookies.\n\t\t\t\t* If they have not, it is deleting the cookie.\n\t\t\t\t* This will comment for now, until further notice.\n\t\t\t\t*\/\n\t\t\t\t\/\/if ( onetrustStorageConsent.C0002 === false ) {\n\t\t\t\t\/\/\tdocument.cookie=\"_fbp=;expires=Thu, 01 Jan 2010 00:00:00 UTC; path=\/; domain=.boston.com\";\n\t\t\t\t\/\/}\n\t\t\t\t\/* Checking if the user has given consent for the cookie C0002.\n\t\t\t\t* If the user has given consent, the variable consent will be set to 'grant'.\n\t\t\t\t* If the user has not given consent,the variable consent will be set to 'revoke'.\n\t\t\t\t* Documentation https:\/\/developers.facebook.com\/docs\/meta-pixel\/implementation\/gdpr\n\t\t\t\t*\/\n\t\t\t\tif ( onetrustStorageConsent.C0002 !== true ) {\n\t\t\t\t\tconsent=\"revoke\";\n\t\t\t\t}\n\t\t\t}\n\t\t\t\t!function(f,b,e,v,n,t,s)\n\t\t{if(f.fbq)return;n=f.fbq=function(){n.callMethod?\n\t\tn.callMethod.apply(n,arguments):n.queue.push(arguments)};\n\t\tif(!f._fbq)f._fbq=n;n.push=n;n.loaded=!0;n.version='2.0';\n\t\tn.queue=[];t=b.createElement(e);t.async=!0;\n\t\tt.src=v;s=b.getElementsByTagName(e)[0];\n\t\ts.parentNode.insertBefore(t,s)}(window, document,'script',\n\t\t'https:\/\/connect.facebook.net\/en_US\/fbevents.js');\n\t\tfbq('consent', consent);\n\t\tfbq('init', '989222871864976');\n\t\tfbq('track', 'PageView');\n\t<\/script><script type=\"module\">\n\t\tvar consent=\"grant\";\n\t\t\/* The above code is parsing the JSON data from the local storage and storing it in a variable. *\/\n\t\t\tconst onetrustStorageConsent = JSON.parse(localStorage.getItem( 'consent_one_trust_bdc' ) );\n\t\t\t\/* Checking to see if the user has consented to the use of cookies.\n\t\t\t* If they have not, it is deleting the cookie.\n\t\t\t* This will comment for now, until further notice.\n\t\t\t*\/\n\t\t\t\/\/if ( onetrustStorageConsent.C0002 === false ) {\n\t\t\t\/\/\tdocument.cookie=\"_fbp=;expires=Thu, 01 Jan 2010 00:00:00 UTC; path=\/; domain=.boston.com\";\n\t\t\t\/\/}\n\t\t\t\/* Checking if the user has given consent for the cookie C0002.\n\t\t\t* If the user has given consent, the variable consent will be set to 'grant'.\n\t\t\t* If the user has not given consent,the variable consent will be set to 'revoke'.\n\t\t\t* Documentation https:\/\/developers.facebook.com\/docs\/meta-pixel\/implementation\/gdpr\n\t\t\t*\/\n\t\t\tif ( ( onetrustStorageConsent !== null ) && (onetrustStorageConsent.C0002 !== true ) ) {\n\t\t\t\tconsent=\"revoke\";\n\t\t\t}\n\t\t\t\t!function(f,b,e,v,n,t,s){if(f.fbq)return;n=f.fbq=function()\n\t\t{n.callMethod? n.callMethod.apply(n,arguments):n.queue.push(arguments)}\n\t\t;if(!f._fbq)f._fbq=n;\n\t\tn.push=n;n.loaded=!0;n.version='2.0';n.queue=[];t=b.createElement(e);t.async=!0;\n\t\tt.src=v;s=b.getElementsByTagName(e)[0];s.parentNode.insertBefore(t,s)}(window,\n\t\tdocument,'script','https:\/\/connect.facebook.net\/en_US\/fbevents.js');\n\t\tfbq('consent', consent);\n\t\tfbq('init', '813236348753005');\n\t\tfbq('track', \"PageView\");\n\t<\/script><br \/>\n<br \/><br \/>\n<br \/><a href=\"https:\/\/www.boston.com\/sports\/boston-bruins\/2024\/11\/09\/linus-ullmark-jeremy-swayman-boston-bruins-nhl-hockey-ottawa-senators\/\">Source link <\/a><\/p>","protected":false},"excerpt":{"rendered":"<p>Bruins Ullmark e Swayman se abra\u00e7aram antes do jogo de s\u00e1bado no TD Garden. Linus Ullmark e Jeremy Swayman se abra\u00e7aram no s\u00e1bado no TD Garden. (Foto de Winslow Townson\/Getty&hellip;<\/p>","protected":false},"author":1,"featured_media":57024,"comment_status":"closed","ping_status":"open","sticky":false,"template":"","format":"standard","meta":{"content-type":"","footnotes":""},"categories":[1],"tags":[],"class_list":["post-57023","post","type-post","status-publish","format-standard","has-post-thumbnail","hentry","category-uncategorized"],"_links":{"self":[{"href":"https:\/\/tvbrazilusa.com\/pt\/wp-json\/wp\/v2\/posts\/57023","targetHints":{"allow":["GET"]}}],"collection":[{"href":"https:\/\/tvbrazilusa.com\/pt\/wp-json\/wp\/v2\/posts"}],"about":[{"href":"https:\/\/tvbrazilusa.com\/pt\/wp-json\/wp\/v2\/types\/post"}],"author":[{"embeddable":true,"href":"https:\/\/tvbrazilusa.com\/pt\/wp-json\/wp\/v2\/users\/1"}],"replies":[{"embeddable":true,"href":"https:\/\/tvbrazilusa.com\/pt\/wp-json\/wp\/v2\/comments?post=57023"}],"version-history":[{"count":1,"href":"https:\/\/tvbrazilusa.com\/pt\/wp-json\/wp\/v2\/posts\/57023\/revisions"}],"predecessor-version":[{"id":57025,"href":"https:\/\/tvbrazilusa.com\/pt\/wp-json\/wp\/v2\/posts\/57023\/revisions\/57025"}],"wp:featuredmedia":[{"embeddable":true,"href":"https:\/\/tvbrazilusa.com\/pt\/wp-json\/wp\/v2\/media\/57024"}],"wp:attachment":[{"href":"https:\/\/tvbrazilusa.com\/pt\/wp-json\/wp\/v2\/media?parent=57023"}],"wp:term":[{"taxonomy":"category","embeddable":true,"href":"https:\/\/tvbrazilusa.com\/pt\/wp-json\/wp\/v2\/categories?post=57023"},{"taxonomy":"post_tag","embeddable":true,"href":"https:\/\/tvbrazilusa.com\/pt\/wp-json\/wp\/v2\/tags?post=57023"}],"curies":[{"name":"wp","href":"https:\/\/api.w.org\/{rel}","templated":true}]}}