{"id":57029,"date":"2024-11-10T02:21:39","date_gmt":"2024-11-10T02:21:39","guid":{"rendered":"https:\/\/tvbrazilusa.com\/2024\/11\/10\/makers-market-arrecada-dinheiro-para-jardim-curativo-em-hamden\/"},"modified":"2024-11-10T02:34:12","modified_gmt":"2024-11-10T02:34:12","slug":"makers-market-arrecada-dinheiro-para-jardim-curativo-em-hamden","status":"publish","type":"post","link":"https:\/\/tvbrazilusa.com\/pt\/2024\/11\/10\/makers-market-arrecada-dinheiro-para-jardim-curativo-em-hamden\/","title":{"rendered":"Maker&#8217;s Market arrecada dinheiro para jardim curativo em Hamden"},"content":{"rendered":"<script async src=\"https:\/\/pagead2.googlesyndication.com\/pagead\/js\/adsbygoogle.js?client=ca-pub-8864793242727901\"\r\n     crossorigin=\"anonymous\"><\/script>\n<p>HAMDEN, Connecticut (WTNH) \u2013 O Eli&#8217;s Garden of Healing organizou um Maker&#8217;s Market para arrecadar dinheiro para um jardim de cura em Hamden. <\/p>\n<p>A arrecada\u00e7\u00e3o de fundos foi realizada na Igreja Spring Glen, na Whitney Avenue, e contou com mais de uma d\u00fazia de artistas locais, m\u00fasica ao vivo, rifas e jovens artistas. <\/p>\n<p>A organiza\u00e7\u00e3o sem fins lucrativos foi criada para homenagear Elijah Gomez, um menino que foi baleado quando tinha 15 anos, enquanto voltava da Hamden High School para casa em 2022. <\/p>\n<p>A organiza\u00e7\u00e3o est\u00e1 arrecadando fundos para construir um jardim de cura no local de uma antiga instala\u00e7\u00e3o de testes de metralhadoras Winchester, em Hamden. O pr\u00e9dio est\u00e1 vazio h\u00e1 50 anos. <\/p>\n<p>\u201cQuer\u00edamos que esta primeira experi\u00eancia fosse toda feita com produtos locais, ent\u00e3o tudo na sala \u00e9 feito aqui localmente e muitos vendedores est\u00e3o familiarizados com nossa hist\u00f3ria e se ofereceram para doar parte de suas vendas hoje tamb\u00e9m para o Eli&#8217;s Garden of Healing, &#8221; disse Crystal Cathcart, Jardim de Cura do Presidente Eli. <\/p>\n<p>Cathcart disse ao News 8 que Eli&#8217;s Garden arrecadou mais de US$ 1.000 antes mesmo de o evento come\u00e7ar. H\u00e1 planos para sediar outro Maker&#8217;s Market na primavera. <\/p>\n<p><br \/>\n<br \/><a href=\"https:\/\/www.wtnh.com\/news\/connecticut\/new-haven\/makers-market-raises-money-for-healing-garden-in-hamden\/\">Source link <\/a><\/p>","protected":false},"excerpt":{"rendered":"<p>HAMDEN, Connecticut (WTNH) \u2013 O Eli&#8217;s Garden of Healing organizou um Maker&#8217;s Market para arrecadar dinheiro para um jardim de cura em Hamden. A arrecada\u00e7\u00e3o de fundos foi realizada na&hellip;<\/p>","protected":false},"author":1,"featured_media":57030,"comment_status":"closed","ping_status":"open","sticky":false,"template":"","format":"standard","meta":{"content-type":"","footnotes":""},"categories":[1],"tags":[],"class_list":["post-57029","post","type-post","status-publish","format-standard","has-post-thumbnail","hentry","category-uncategorized"],"_links":{"self":[{"href":"https:\/\/tvbrazilusa.com\/pt\/wp-json\/wp\/v2\/posts\/57029","targetHints":{"allow":["GET"]}}],"collection":[{"href":"https:\/\/tvbrazilusa.com\/pt\/wp-json\/wp\/v2\/posts"}],"about":[{"href":"https:\/\/tvbrazilusa.com\/pt\/wp-json\/wp\/v2\/types\/post"}],"author":[{"embeddable":true,"href":"https:\/\/tvbrazilusa.com\/pt\/wp-json\/wp\/v2\/users\/1"}],"replies":[{"embeddable":true,"href":"https:\/\/tvbrazilusa.com\/pt\/wp-json\/wp\/v2\/comments?post=57029"}],"version-history":[{"count":1,"href":"https:\/\/tvbrazilusa.com\/pt\/wp-json\/wp\/v2\/posts\/57029\/revisions"}],"predecessor-version":[{"id":57031,"href":"https:\/\/tvbrazilusa.com\/pt\/wp-json\/wp\/v2\/posts\/57029\/revisions\/57031"}],"wp:featuredmedia":[{"embeddable":true,"href":"https:\/\/tvbrazilusa.com\/pt\/wp-json\/wp\/v2\/media\/57030"}],"wp:attachment":[{"href":"https:\/\/tvbrazilusa.com\/pt\/wp-json\/wp\/v2\/media?parent=57029"}],"wp:term":[{"taxonomy":"category","embeddable":true,"href":"https:\/\/tvbrazilusa.com\/pt\/wp-json\/wp\/v2\/categories?post=57029"},{"taxonomy":"post_tag","embeddable":true,"href":"https:\/\/tvbrazilusa.com\/pt\/wp-json\/wp\/v2\/tags?post=57029"}],"curies":[{"name":"wp","href":"https:\/\/api.w.org\/{rel}","templated":true}]}}