{"id":5703,"date":"2024-07-22T18:15:43","date_gmt":"2024-07-22T18:15:43","guid":{"rendered":"https:\/\/tvbrazilusa.com\/2024\/07\/22\/senadora-da-bancada-agro-afirma-que-lula-nao-toma-nenhuma-medida-para-conter-invasoes-do-mst\/"},"modified":"2024-07-22T18:25:00","modified_gmt":"2024-07-22T18:25:00","slug":"senadora-da-bancada-agro-afirma-que-lula-nao-toma-nenhuma-medida-para-conter-invasoes-do-mst","status":"publish","type":"post","link":"https:\/\/tvbrazilusa.com\/pt\/2024\/07\/22\/senadora-da-bancada-agro-afirma-que-lula-nao-toma-nenhuma-medida-para-conter-invasoes-do-mst\/","title":{"rendered":"Senadora da bancada agro afirma que Lula n\u00e3o toma nenhuma medida para conter invas\u00f5es do MST"},"content":{"rendered":"<p> <script async src=\"https:\/\/pagead2.googlesyndication.com\/pagead\/js\/adsbygoogle.js?client=ca-pub-8864793242727901\"\r\n     crossorigin=\"anonymous\"><\/script><br \/>\n<\/p>\n<div>\n<p>A senadora Tereza Cristina, representante destacada do agroneg\u00f3cio, tem se posicionado frequentemente sobre as atitudes do governo Lula em rela\u00e7\u00e3o ao setor. Apesar de uma tentativa de aproxima\u00e7\u00e3o ap\u00f3s declara\u00e7\u00f5es iniciais pol\u00eamicas, crises surgem no horizonte devido \u00e0s invas\u00f5es de terras, atribu\u00eddas ao Movimento dos Trabalhadores Rurais Sem Terra (MST).<\/p>\n<p>De acordo com a senadora, o presidente tem apresentado esfor\u00e7os para abrir di\u00e1logo e fortalecer os la\u00e7os com os produtores rurais. Entretanto, os desafios se intensificam com a continuidade das a\u00e7\u00f5es do MST, que tensionam a rela\u00e7\u00e3o entre governo e agroneg\u00f3cio, gerando inseguran\u00e7a e preocupa\u00e7\u00f5es quanto \u00e0 propriedade e produ\u00e7\u00e3o agr\u00edcola.<\/p>\n<figure class=\"wp-block-image\"><\/figure>\n<p>Tereza Cristina afirma que governo at\u00e9 tenta se aproximar do agroneg\u00f3cio, mas acenos ao MST minam confian\u00e7a.| Foto: Pedro Fran\u00e7a\/Ag\u00eancia Senado<\/p>\n<h2 class=\"wp-block-heading\">Por que as A\u00e7\u00f5es do MST Preocupam Tanto os Produtores Rurais?<\/h2>\n<p>Os conflitos de terra no Brasil n\u00e3o s\u00e3o novidade, contudo, com o novo governo, os produtores sentem que h\u00e1 uma reativa\u00e7\u00e3o das atividades de invas\u00e3o conduzidas pelo MST. Para eles, isso representa uma amea\u00e7a direta \u00e0 estabilidade e produ\u00e7\u00e3o agr\u00edcola, que \u00e9 vital para a economia do pa\u00eds.<\/p>\n<h2 class=\"wp-block-heading\">Investimentos Recentes no Agroneg\u00f3cio: Suficientes para Garantir Apoio?<\/h2>\n<p>Apesar dos conflitos, o governo tem direcionado mais recursos para o agroneg\u00f3cio. Os dois \u00faltimos Planos Safra, por exemplo, apresentaram montantes recordes, o que, segundo Tereza Cristina, evidencia um esfor\u00e7o para apoiar o setor. No entanto, a senadora argumenta que, al\u00e9m dos investimentos, \u00e9 fundamental garantir seguran\u00e7a jur\u00eddica e proteger as terras contra invas\u00f5es.<\/p>\n<h2 class=\"wp-block-heading\">A Perspectiva dos Produtores sob a Gest\u00e3o Atual<\/h2>\n<p>A rela\u00e7\u00e3o constru\u00edda sobre apreens\u00f5es e compromissos d\u00fabios reflete um cen\u00e1rio de incertezas. Apesar de alguns avan\u00e7os em termos de financiamento e apoio legislativo, muitos produtores ainda se sentem incomodados pela maneira como s\u00e3o agrupados pelo governo, especialmente aqueles que se esfor\u00e7am para seguir a legisla\u00e7\u00e3o ambiental.<\/p>\n<p>As pol\u00eamicas declara\u00e7\u00f5es iniciais de Lula e a inclus\u00e3o do MST como parte de um di\u00e1logo nacional preocupam aqueles envolidos diretamente com o agro. A cr\u00edtica n\u00e3o se limita apenas \u00e0s invas\u00f5es, mas tamb\u00e9m \u00e0 generaliza\u00e7\u00e3o problem\u00e1tica entre produtores legais e aqueles envolvidos em crimes ambientais.<\/p>\n<p>Diante das din\u00e2micas pol\u00edticas e sociais, o futuro do agroneg\u00f3cio brasileiro segue carregado de desafios. Afirmar a seguran\u00e7a das \u00e1reas produtivas e alcan\u00e7ar uma harmonia genu\u00edna no di\u00e1logo entre governo e agroneg\u00f3cio parece essencial para assegurar o crescimento econ\u00f4mico e social do Brasil no cen\u00e1rio atual.<\/p>\n<\/p><\/div>\n<p><br \/>\n<br \/><a href=\"https:\/\/terrabrasilnoticias.com\/2024\/07\/senadora-da-bancada-agro-afirma-que-lula-nao-toma-nenhuma-medida-para-conter-invasoes-do-mst\/\">Source link <\/a><\/p>","protected":false},"excerpt":{"rendered":"<p>A senadora Tereza Cristina, representante destacada do agroneg\u00f3cio, tem se posicionado frequentemente sobre as atitudes do governo Lula em rela\u00e7\u00e3o ao setor. Apesar de uma tentativa de aproxima\u00e7\u00e3o ap\u00f3s declara\u00e7\u00f5es&hellip;<\/p>","protected":false},"author":1,"featured_media":5704,"comment_status":"closed","ping_status":"open","sticky":false,"template":"","format":"standard","meta":{"content-type":"","footnotes":""},"categories":[16],"tags":[],"class_list":["post-5703","post","type-post","status-publish","format-standard","has-post-thumbnail","hentry","category-noticias"],"_links":{"self":[{"href":"https:\/\/tvbrazilusa.com\/pt\/wp-json\/wp\/v2\/posts\/5703","targetHints":{"allow":["GET"]}}],"collection":[{"href":"https:\/\/tvbrazilusa.com\/pt\/wp-json\/wp\/v2\/posts"}],"about":[{"href":"https:\/\/tvbrazilusa.com\/pt\/wp-json\/wp\/v2\/types\/post"}],"author":[{"embeddable":true,"href":"https:\/\/tvbrazilusa.com\/pt\/wp-json\/wp\/v2\/users\/1"}],"replies":[{"embeddable":true,"href":"https:\/\/tvbrazilusa.com\/pt\/wp-json\/wp\/v2\/comments?post=5703"}],"version-history":[{"count":1,"href":"https:\/\/tvbrazilusa.com\/pt\/wp-json\/wp\/v2\/posts\/5703\/revisions"}],"predecessor-version":[{"id":5705,"href":"https:\/\/tvbrazilusa.com\/pt\/wp-json\/wp\/v2\/posts\/5703\/revisions\/5705"}],"wp:featuredmedia":[{"embeddable":true,"href":"https:\/\/tvbrazilusa.com\/pt\/wp-json\/wp\/v2\/media\/5704"}],"wp:attachment":[{"href":"https:\/\/tvbrazilusa.com\/pt\/wp-json\/wp\/v2\/media?parent=5703"}],"wp:term":[{"taxonomy":"category","embeddable":true,"href":"https:\/\/tvbrazilusa.com\/pt\/wp-json\/wp\/v2\/categories?post=5703"},{"taxonomy":"post_tag","embeddable":true,"href":"https:\/\/tvbrazilusa.com\/pt\/wp-json\/wp\/v2\/tags?post=5703"}],"curies":[{"name":"wp","href":"https:\/\/api.w.org\/{rel}","templated":true}]}}