{"id":57049,"date":"2024-11-10T03:44:33","date_gmt":"2024-11-10T03:44:33","guid":{"rendered":"https:\/\/tvbrazilusa.com\/2024\/11\/10\/biden-e-trump-se-encontrarao-no-salao-oval-na-quarta-feira-diz-a-casa-branca-wsvn-7news-noticias-de-miami-clima-esportes-fort-lauderdale\/"},"modified":"2024-11-10T04:36:04","modified_gmt":"2024-11-10T04:36:04","slug":"biden-e-trump-se-encontrarao-no-salao-oval-na-quarta-feira-diz-a-casa-branca-wsvn-7news-noticias-de-miami-clima-esportes-fort-lauderdale","status":"publish","type":"post","link":"https:\/\/tvbrazilusa.com\/pt\/2024\/11\/10\/biden-e-trump-se-encontrarao-no-salao-oval-na-quarta-feira-diz-a-casa-branca-wsvn-7news-noticias-de-miami-clima-esportes-fort-lauderdale\/","title":{"rendered":"Biden e Trump se encontrar\u00e3o no Sal\u00e3o Oval na quarta-feira, diz a Casa Branca &#8211; WSVN 7News | Not\u00edcias de Miami, clima, esportes | Fort Lauderdale"},"content":{"rendered":"<p> <script async src=\"https:\/\/pagead2.googlesyndication.com\/pagead\/js\/adsbygoogle.js?client=ca-pub-8864793242727901\"\r\n     crossorigin=\"anonymous\"><\/script><br \/>\n<\/p>\n<div itemprop=\"articleBody\">\n<p>WASHINGTON (AP) \u2013 O presidente Joe Biden receber\u00e1 o presidente eleito Donald Trump para uma tradicional reuni\u00e3o p\u00f3s-eleitoral no Sal\u00e3o Oval na quarta-feira, disse a Casa Branca no s\u00e1bado.<\/p>\n<p>Tal reuni\u00e3o \u00e9 habitual entre o presidente cessante e o presidente entrante e destina-se, em parte, a marcar o in\u00edcio de uma transfer\u00eancia pac\u00edfica de poder sob a democracia da Am\u00e9rica.<\/p>\n<p>Mas o ent\u00e3o presidente Trump, um republicano, n\u00e3o recebeu Biden, um democrata, para uma reuni\u00e3o ap\u00f3s as elei\u00e7\u00f5es de 2020, quando Trump perdeu a sua candidatura \u00e0 reelei\u00e7\u00e3o.<\/p>\n<p>Trump procurou novamente a presid\u00eancia quatro anos depois e, na ter\u00e7a-feira, derrotou a vice-presidente Kamala Harris, a candidata presidencial democrata. Trump \u00e9 o primeiro ex-presidente a retornar ao poder desde que Grover Cleveland recuperou a Casa Branca nas elei\u00e7\u00f5es de 1892.<\/p>\n<p>A Casa Branca disse que Biden ligou para Trump na \u00faltima quarta-feira para parabeniz\u00e1-lo e convid\u00e1-lo para um encontro no Sal\u00e3o Oval. A reuni\u00e3o est\u00e1 marcada para as 11h<\/p>\n<p>Num discurso na quinta-feira, Biden disse ter garantido a Trump \u201cque orientaria toda a minha administra\u00e7\u00e3o a trabalhar com a sua equipa para garantir uma transi\u00e7\u00e3o pac\u00edfica e ordeira. Isso \u00e9 o que o povo americano merece.\u201d<\/p>\n<p>Questionado sobre Trump ao sair da igreja no s\u00e1bado em Rehoboth Beach, Delaware, onde passaria o fim de semana, Biden disse: \u201cVou v\u00ea-lo na quarta-feira\u201d.<\/p>\n<p><em>Direitos autorais 2024 da Associated Press. Todos os direitos reservados. Este material n\u00e3o pode ser publicado, transmitido, reescrito ou redistribu\u00eddo.<\/em><\/p>\n<div class=\"wp-block-newsletter\">\n\t<strong class=\"wp-block-newsletter__title\">Cadastre-se em nosso boletim informativo para receber as \u00faltimas not\u00edcias diretamente em sua caixa de entrada<\/strong><\/p>\n<\/div><\/div>\n<p><br \/>\n<br \/><a href=\"https:\/\/wsvn.com\/news\/politics\/biden-and-trump-will-meet-in-the-oval-office-on-wednesday-the-white-house-says\/\">Source link <\/a><\/p>","protected":false},"excerpt":{"rendered":"<p>WASHINGTON (AP) \u2013 O presidente Joe Biden receber\u00e1 o presidente eleito Donald Trump para uma tradicional reuni\u00e3o p\u00f3s-eleitoral no Sal\u00e3o Oval na quarta-feira, disse a Casa Branca no s\u00e1bado. Tal&hellip;<\/p>","protected":false},"author":1,"featured_media":57050,"comment_status":"closed","ping_status":"open","sticky":false,"template":"","format":"standard","meta":{"content-type":"","footnotes":""},"categories":[1],"tags":[],"class_list":["post-57049","post","type-post","status-publish","format-standard","has-post-thumbnail","hentry","category-uncategorized"],"_links":{"self":[{"href":"https:\/\/tvbrazilusa.com\/pt\/wp-json\/wp\/v2\/posts\/57049","targetHints":{"allow":["GET"]}}],"collection":[{"href":"https:\/\/tvbrazilusa.com\/pt\/wp-json\/wp\/v2\/posts"}],"about":[{"href":"https:\/\/tvbrazilusa.com\/pt\/wp-json\/wp\/v2\/types\/post"}],"author":[{"embeddable":true,"href":"https:\/\/tvbrazilusa.com\/pt\/wp-json\/wp\/v2\/users\/1"}],"replies":[{"embeddable":true,"href":"https:\/\/tvbrazilusa.com\/pt\/wp-json\/wp\/v2\/comments?post=57049"}],"version-history":[{"count":1,"href":"https:\/\/tvbrazilusa.com\/pt\/wp-json\/wp\/v2\/posts\/57049\/revisions"}],"predecessor-version":[{"id":57051,"href":"https:\/\/tvbrazilusa.com\/pt\/wp-json\/wp\/v2\/posts\/57049\/revisions\/57051"}],"wp:featuredmedia":[{"embeddable":true,"href":"https:\/\/tvbrazilusa.com\/pt\/wp-json\/wp\/v2\/media\/57050"}],"wp:attachment":[{"href":"https:\/\/tvbrazilusa.com\/pt\/wp-json\/wp\/v2\/media?parent=57049"}],"wp:term":[{"taxonomy":"category","embeddable":true,"href":"https:\/\/tvbrazilusa.com\/pt\/wp-json\/wp\/v2\/categories?post=57049"},{"taxonomy":"post_tag","embeddable":true,"href":"https:\/\/tvbrazilusa.com\/pt\/wp-json\/wp\/v2\/tags?post=57049"}],"curies":[{"name":"wp","href":"https:\/\/api.w.org\/{rel}","templated":true}]}}