{"id":57072,"date":"2024-11-10T09:00:05","date_gmt":"2024-11-10T09:00:05","guid":{"rendered":"https:\/\/tvbrazilusa.com\/2024\/11\/10\/horario-de-funcionamento-do-dia-dos-veteranos-de-2024-quais-lojas-abrem-e-fecham-na-segunda-feira-walmart-target-cvs-kohls-e-muito-mais\/"},"modified":"2024-11-10T09:35:57","modified_gmt":"2024-11-10T09:35:57","slug":"horario-de-funcionamento-do-dia-dos-veteranos-de-2024-quais-lojas-abrem-e-fecham-na-segunda-feira-walmart-target-cvs-kohls-e-muito-mais","status":"publish","type":"post","link":"https:\/\/tvbrazilusa.com\/pt\/2024\/11\/10\/horario-de-funcionamento-do-dia-dos-veteranos-de-2024-quais-lojas-abrem-e-fecham-na-segunda-feira-walmart-target-cvs-kohls-e-muito-mais\/","title":{"rendered":"Hor\u00e1rio de funcionamento do Dia dos Veteranos de 2024: quais lojas abrem e fecham na segunda-feira? Walmart, Target, CVS, Kohl&#8217;s e muito mais"},"content":{"rendered":"<script async src=\"https:\/\/pagead2.googlesyndication.com\/pagead\/js\/adsbygoogle.js?client=ca-pub-8864793242727901\"\r\n     crossorigin=\"anonymous\"><\/script>\n<div>\n<p class=\"article__paragraph article__paragraph--left\" id=\"VUFBU3RXLVFTDNJIRFEJXSVBKM\"><a href=\"https:\/\/www.nj.com\/business\/2023\/11\/veterans-day-2023-whats-open-whats-closed-on-friday-ups-fedex-banks-mail-delivery-stock-markets-stores-restaurants.html\" target=\"_blank\" rel=\"noopener\">Dia dos Veteranos de 2024<\/a>que cai na segunda-feira, 11 de novembro, \u00e9 um feriado onde os veteranos militares do passado e do presente s\u00e3o lembrados e \u00e9 comemorado todos os anos para agradecer aos homens e mulheres que serviram em nossas for\u00e7as armadas.<\/p>\n<p class=\"article__paragraph article__paragraph--left\" id=\"4OGI4GJ6UBA6DKUWCSTVK5EM4U\">Para comemorar seus servi\u00e7os, diversas reparti\u00e7\u00f5es federais e estaduais, bem como bancos, fecham em homenagem ao feriado federal.<\/p>\n<p class=\"article__paragraph article__paragraph--left\" id=\"LCZ3P6L7YJC7BBATFJREZLCMDA\">Muitos varejistas permanecem abertos e operando em hor\u00e1rio comercial normal no feriado. Mas para alguns varejistas locais, \u00e9 melhor verificar com sua loja o hor\u00e1rio de funcionamento.<\/p>\n<p class=\"article__paragraph article__paragraph--left\" id=\"KJBUBEFABZH7NHF3E2E22ZTKXE\">Aqui est\u00e1 tudo o que voc\u00ea precisa saber sobre o hor\u00e1rio de funcionamento na segunda-feira, 11 de novembro de 2024.<\/p>\n<h2 class=\"article-heading\">Quais lojas est\u00e3o abertas no Dia dos Veteranos de 2024? Quando as lojas fecham?<\/h2>\n<p class=\"article__paragraph article__paragraph--left\" id=\"YZ2VT77C5VARTACNVHFSPQMP6U\">Aqui est\u00e1 uma lista de muitos varejistas populares que est\u00e3o confirmados para abrir no Dia dos Veteranos de 2024, junto com o hor\u00e1rio de funcionamento, de acordo com seus sites e<a href=\"https:\/\/holidayshoppinghours.com\/veterans-day\/open-closed-hours-veterans-day\/\" target=\"_blank\" rel=\"noopener\"> Hor\u00e1rio de compras de fim de ano<\/a>.<\/p>\n<p class=\"article__paragraph article__paragraph--left\" id=\"2QQIB3VDANA5LCR7SIHKWY65LQ\">Os compradores devem verificar com a loja local, pois o hor\u00e1rio do evento varia de acordo com o local.<\/p>\n<p class=\"article__paragraph article__paragraph--left\" id=\"PA7ARABDAREELN5Z5EEZJKTP3I\"><i>Nosso jornalismo precisa do seu apoio. Por favor, inscreva-se hoje para <\/i><a href=\"https:\/\/www.nj.com\/\" target=\"_blank\" rel=\"noopener\"><i>NJ.com<\/i><\/a><i>.<\/i><\/p>\n<p class=\"article__paragraph article__paragraph--left\" id=\"NXWQGBWIUFB33ONJEFCELYOXQU\"><i>Katherine Rodriguez pode ser contatada em <\/i><a href=\"https:\/\/www.nj.com\/business\/2024\/11\/mailto:krodriguez@njadvancemedia.com\" target=\"_blank\" rel=\"noopener\"><i>krodriguez@njadvancemedia.com<\/i><\/a><i>. Tem uma dica? Conte-nos em <\/i><a href=\"https:\/\/www.nj.com\/tips\/\" target=\"_blank\" rel=\"noopener\"><i>nj.com\/tips<\/i><\/a><i>.<\/i><\/p>\n<\/div>\n<p><br \/>\n<br \/><a href=\"https:\/\/www.nj.com\/business\/2024\/11\/veterans-day-2024-store-hours-what-stores-are-open-and-closed-on-monday-walmart-target-cvs-kohls-and-more.html\">Source link <\/a><\/p>","protected":false},"excerpt":{"rendered":"<p>Dia dos Veteranos de 2024que cai na segunda-feira, 11 de novembro, \u00e9 um feriado onde os veteranos militares do passado e do presente s\u00e3o lembrados e \u00e9 comemorado todos os&hellip;<\/p>","protected":false},"author":1,"featured_media":57073,"comment_status":"closed","ping_status":"open","sticky":false,"template":"","format":"standard","meta":{"content-type":"","footnotes":""},"categories":[1],"tags":[24168,24123,30433,30421,30430,26674,25054,16433,30428,2412,5457,3067,2093,2284,6955,5525,30418,2097,2414,4038,2096,23652,27079,30416,30432,30431,30429,30427,30426,30425,30424,30423,30422,30420,30419,30417,30415,30414,30413,22849,22855,2106,1338,2184,1310,1307,22847],"class_list":["post-57072","post","type-post","status-publish","format-standard","has-post-thumbnail","hentry","category-uncategorized","tag-palavra-chave-hoje","tag-palavra-chave-homem","tag-palavra-chave-homens","tag-palavra-chave-honra","tag-palavra-chave-horario-de-funcionamento","tag-palavra-chave-mulheres","tag-palavra-chave-tudo","tag-palavra-chavedia","tag-palavra-chavedia-dos-veteranos","tag-palavra-chavedica","tag-palavra-chaveferiado","tag-palavra-chavehoras","tag-palavra-chavejornalismo","tag-palavra-chavelista","tag-palavra-chavelocal","tag-palavra-chaveloja","tag-palavra-chavemilitar","tag-palavra-chavenjcom","tag-palavra-chavenjcomtips","tag-palavra-chaveservico","tag-palavra-chavesuporte","tag-palavra-chavevarejista","tag-palavra-chavevarejistas","tag-palavra-chaveveteranos","tag-30432","tag-30431","tag-30429","tag-30427","tag-30426","tag-30425","tag-30424","tag-30423","tag-30422","tag-30420","tag-30419","tag-30417","tag-30415","tag-30414","tag-30413","tag-etiqueta-nome_adequado","tag-etiqueta-substantivo","tag-frequencia1","tag-frequencia2","tag-frequencia3","tag-frequencia6","tag-frequencia7","tag-pontuacao-0"],"_links":{"self":[{"href":"https:\/\/tvbrazilusa.com\/pt\/wp-json\/wp\/v2\/posts\/57072","targetHints":{"allow":["GET"]}}],"collection":[{"href":"https:\/\/tvbrazilusa.com\/pt\/wp-json\/wp\/v2\/posts"}],"about":[{"href":"https:\/\/tvbrazilusa.com\/pt\/wp-json\/wp\/v2\/types\/post"}],"author":[{"embeddable":true,"href":"https:\/\/tvbrazilusa.com\/pt\/wp-json\/wp\/v2\/users\/1"}],"replies":[{"embeddable":true,"href":"https:\/\/tvbrazilusa.com\/pt\/wp-json\/wp\/v2\/comments?post=57072"}],"version-history":[{"count":1,"href":"https:\/\/tvbrazilusa.com\/pt\/wp-json\/wp\/v2\/posts\/57072\/revisions"}],"predecessor-version":[{"id":57074,"href":"https:\/\/tvbrazilusa.com\/pt\/wp-json\/wp\/v2\/posts\/57072\/revisions\/57074"}],"wp:featuredmedia":[{"embeddable":true,"href":"https:\/\/tvbrazilusa.com\/pt\/wp-json\/wp\/v2\/media\/57073"}],"wp:attachment":[{"href":"https:\/\/tvbrazilusa.com\/pt\/wp-json\/wp\/v2\/media?parent=57072"}],"wp:term":[{"taxonomy":"category","embeddable":true,"href":"https:\/\/tvbrazilusa.com\/pt\/wp-json\/wp\/v2\/categories?post=57072"},{"taxonomy":"post_tag","embeddable":true,"href":"https:\/\/tvbrazilusa.com\/pt\/wp-json\/wp\/v2\/tags?post=57072"}],"curies":[{"name":"wp","href":"https:\/\/api.w.org\/{rel}","templated":true}]}}