{"id":57078,"date":"2024-11-10T09:52:15","date_gmt":"2024-11-10T09:52:15","guid":{"rendered":"https:\/\/tvbrazilusa.com\/2024\/11\/10\/morre-uma-das-vitimas-baleadas-durante-execucao-de-homem-no-aeroporto-de-guarulhos-motorista-de-aplicativo-estava-internado-mas-nao-resistiu-aos-ferimentos\/"},"modified":"2024-11-10T09:52:16","modified_gmt":"2024-11-10T09:52:16","slug":"morre-uma-das-vitimas-baleadas-durante-execucao-de-homem-no-aeroporto-de-guarulhos-motorista-de-aplicativo-estava-internado-mas-nao-resistiu-aos-ferimentos","status":"publish","type":"post","link":"https:\/\/tvbrazilusa.com\/pt\/2024\/11\/10\/morre-uma-das-vitimas-baleadas-durante-execucao-de-homem-no-aeroporto-de-guarulhos-motorista-de-aplicativo-estava-internado-mas-nao-resistiu-aos-ferimentos\/","title":{"rendered":"Morre uma das v\u00edtimas baleadas durante execu\u00e7\u00e3o de homem no Aeroporto de Guarulhos; motorista de aplicativo estava internado, mas n\u00e3o resistiu aos ferimentos"},"content":{"rendered":"<p> <script async src=\"https:\/\/pagead2.googlesyndication.com\/pagead\/js\/adsbygoogle.js?client=ca-pub-8864793242727901\"\r\n     crossorigin=\"anonymous\"><\/script><br \/>\n<\/p>\n<div id=\"taboola-read-more\" style=\"display:block; width:100%\">\n<p>O motorista de aplicativo ferido durante a execu\u00e7\u00e3o a tiros que matou o empres\u00e1rio Ant\u00f4nio Vinicius Lopes Gritzbach, delator do PCC, no Aeroporto Internacional de S\u00e3o Paulo morreu neste s\u00e1bado (9), segundo a fam\u00edlia e autoridades.\n<\/p>\n<p>Celso Araujo Sampaio de Novais, de 41 anos, foi atingido por um tiro de fuzil nas costas e estava internado na Unidade de Terapia Intensiva (UTI) do Hospital Geral de Guarulhos. Morador de Guarulhos, ele deixa tr\u00eas filhos.<\/p>\n<p>Um funcion\u00e1rio terceirizado do aeroporto, que trabalhava no momento do ataque, tamb\u00e9m teve ferimentos na m\u00e3o e est\u00e1 em observa\u00e7\u00e3o no hospital.\n<\/p>\n<p>A terceira v\u00edtima \u00e9 uma mulher de 28 anos que foi atingida por um tiro de rasp\u00e3o no abd\u00f4men. Ela j\u00e1 recebeu alta.\n<\/p>\n<p>Gritzbach foi alvejado \u00e0 luz do dia, por volta das 16h, na sa\u00edda da \u00e1rea de desembarque do Terminal 2 por dois homens que desceram de um carro preto. At\u00e9 a publica\u00e7\u00e3o desta reportagem, os autores estavam foragidos. Ele levou 10 tiros, segundo registro da Pol\u00edcia Civil de S\u00e3o Paulo.\n<\/p>\n<p>At\u00e9 o momento, ningu\u00e9m foi preso.\n<\/p>\n<p>De acordo com o registro policial, foram ao menos 29 disparos, de calibres diversos. Gritzbach foi atingido por 4 tiros no bra\u00e7o direito, 2 no rosto, 1 nas costas, 1 na perna esquerda, 1 no t\u00f3rax e 1 no flanco direito (regi\u00e3o localizada entre a cintura e a costela).\n<\/p>\n<p>Duas armas foram apreendidas pela pol\u00edcia neste s\u00e1bado (9): um fuzil e uma pistola. As duas estavam pr\u00f3ximo ao local em que o carro foi abandonado, a pouco mais de 7 km do aeroporto, ainda em Guarulhos. At\u00e9 a publica\u00e7\u00e3o desta reportagem, n\u00e3o havia confirma\u00e7\u00e3o pericial de que foram elas as usadas no crime.\n<\/p>\n<p><strong>Empres\u00e1rio fez acordo para delatar PCC e policiais<\/strong>\n<\/p>\n<p>Gritzbach era investigado por envolvimento com o Primeiro Comando da Capital (PCC) e, em mar\u00e7o, havia fechado um acordo de dela\u00e7\u00e3o premiada com o Minist\u00e9rio P\u00fablico de S\u00e3o Paulo (MP-SP) com a promessa de entregar esquemas de lavagem de dinheiro.\n<\/p>\n<p>Nos depoimentos, o empres\u00e1rio acusou um delegado do Departamento de Homic\u00eddios e Prote\u00e7\u00e3o \u00e0 Pessoa (DHPP) de exigir dinheiro para n\u00e3o o implicar no assassinato de um integrante do PCC (Anselmo Santa, o Cara Preta).\n<\/p>\n<p>Al\u00e9m disso, forneceu informa\u00e7\u00f5es que levaram \u00e0 pris\u00e3o de dois policiais civis que trabalharam no Departamento de Preven\u00e7\u00e3o e Repress\u00e3o ao Narcotr\u00e1fico (Denarc).\n<\/p>\n<p><strong>PMs que fariam escolta alegaram falha em carro para n\u00e3o estar no local<\/strong>\n<\/p>\n<p>O Minist\u00e9rio P\u00fablico de S\u00e3o Paulo afirma que ofereceu mais de uma vez seguran\u00e7a ao empres\u00e1rio e que ele sempre recusou a prote\u00e7\u00e3o.\n<\/p>\n<p>O empres\u00e1rio, ent\u00e3o, contratou 4 seguran\u00e7as, todos policiais militares.\n<\/p>\n<p>Nenhum dos 4, por\u00e9m, estava com Gritzbach no momento do assassinato.\n<\/p>\n<p>Segundo depoimento de 2 deles, um dos carros em que iriam buscar Gritzbach e a namorada no aeroporto \u2013 o casal voltava de Macei\u00f3 \u2013 teve um problema na igni\u00e7\u00e3o. O outro, ainda de acordo com os policiais, estava com quatro pessoas, e teve de fazer meia volta para deixar um dos ocupantes em um posto de combust\u00edvel.\n<\/p>\n<p>Investigadores desconfiam dessa vers\u00e3o (leia mais). Uma das linhas de investiga\u00e7\u00e3o do DHPP \u00e9 que os seguran\u00e7as teriam falhado de forma proposital.\n<\/p>\n<p>Fonte: g1              <\/p>\n<\/div>\n<p><br \/>\n<br \/><a href=\"https:\/\/diariodobrasilnoticias.com.br\/noticia\/morre-uma-das-vitimas-baleadas-durante-execucao-de-homem-no-aeroporto-de-guarulhos-motorista-de-aplicativo-estava-internado-mas-nao-resistiu-aos-ferimentos-67307ea403ded\">Source link <\/a><\/p>","protected":false},"excerpt":{"rendered":"<p>O motorista de aplicativo ferido durante a execu\u00e7\u00e3o a tiros que matou o empres\u00e1rio Ant\u00f4nio Vinicius Lopes Gritzbach, delator do PCC, no Aeroporto Internacional de S\u00e3o Paulo morreu neste s\u00e1bado&hellip;<\/p>","protected":false},"author":1,"featured_media":57079,"comment_status":"closed","ping_status":"open","sticky":false,"template":"","format":"standard","meta":{"content-type":"","footnotes":""},"categories":[16],"tags":[123,2448,5313,1267],"class_list":["post-57078","post","type-post","status-publish","format-standard","has-post-thumbnail","hentry","category-noticias","tag-brasil","tag-diario","tag-noticia","tag-noticias"],"_links":{"self":[{"href":"https:\/\/tvbrazilusa.com\/pt\/wp-json\/wp\/v2\/posts\/57078","targetHints":{"allow":["GET"]}}],"collection":[{"href":"https:\/\/tvbrazilusa.com\/pt\/wp-json\/wp\/v2\/posts"}],"about":[{"href":"https:\/\/tvbrazilusa.com\/pt\/wp-json\/wp\/v2\/types\/post"}],"author":[{"embeddable":true,"href":"https:\/\/tvbrazilusa.com\/pt\/wp-json\/wp\/v2\/users\/1"}],"replies":[{"embeddable":true,"href":"https:\/\/tvbrazilusa.com\/pt\/wp-json\/wp\/v2\/comments?post=57078"}],"version-history":[{"count":1,"href":"https:\/\/tvbrazilusa.com\/pt\/wp-json\/wp\/v2\/posts\/57078\/revisions"}],"predecessor-version":[{"id":57080,"href":"https:\/\/tvbrazilusa.com\/pt\/wp-json\/wp\/v2\/posts\/57078\/revisions\/57080"}],"wp:featuredmedia":[{"embeddable":true,"href":"https:\/\/tvbrazilusa.com\/pt\/wp-json\/wp\/v2\/media\/57079"}],"wp:attachment":[{"href":"https:\/\/tvbrazilusa.com\/pt\/wp-json\/wp\/v2\/media?parent=57078"}],"wp:term":[{"taxonomy":"category","embeddable":true,"href":"https:\/\/tvbrazilusa.com\/pt\/wp-json\/wp\/v2\/categories?post=57078"},{"taxonomy":"post_tag","embeddable":true,"href":"https:\/\/tvbrazilusa.com\/pt\/wp-json\/wp\/v2\/tags?post=57078"}],"curies":[{"name":"wp","href":"https:\/\/api.w.org\/{rel}","templated":true}]}}