{"id":57090,"date":"2024-11-10T10:38:42","date_gmt":"2024-11-10T10:38:42","guid":{"rendered":"https:\/\/tvbrazilusa.com\/2024\/11\/10\/acao-contra-bolsonaro-no-caso-pintou-um-clima-e-rejeitada-por-juiz\/"},"modified":"2024-11-10T10:38:43","modified_gmt":"2024-11-10T10:38:43","slug":"acao-contra-bolsonaro-no-caso-pintou-um-clima-e-rejeitada-por-juiz","status":"publish","type":"post","link":"https:\/\/tvbrazilusa.com\/pt\/2024\/11\/10\/acao-contra-bolsonaro-no-caso-pintou-um-clima-e-rejeitada-por-juiz\/","title":{"rendered":"A\u00e7\u00e3o contra Bolsonaro no caso &#8216;pintou um clima&#8217; \u00e9 rejeitada por juiz"},"content":{"rendered":"<p> <script async src=\"https:\/\/pagead2.googlesyndication.com\/pagead\/js\/adsbygoogle.js?client=ca-pub-8864793242727901\"\r\n     crossorigin=\"anonymous\"><\/script><br \/>\n<\/p>\n<div id=\"taboola-read-more\" style=\"display:block; width:100%\">\n<p>Nesta sexta-feira (8), a 1\u00aa Vara da Inf\u00e2ncia e da Juventude do Distrito Federal negou o pedido do Minist\u00e9rio P\u00fablico do Distrito Federal e Territ\u00f3rios (MPDFT) para que o ex-presidente Jair Bolsonaro (PL) pagasse uma indeniza\u00e7\u00e3o de R$ 30 milh\u00f5es. O caso \u00e9 referente ao coment\u00e1rio sobre crian\u00e7as venezuelanas que o ex-presidente chamou de \u201cbonitinhas\u201d e usou a express\u00e3o \u201cpintou um clima\u201d.\n<\/p>\n<p>O MPDFT o acusou de supostas viola\u00e7\u00f5es aos direitos de crian\u00e7as e adolescentes, criticando ainda a exposi\u00e7\u00e3o de crian\u00e7as na campanha eleitoral de 2022 fazendo \u201carminhas\u201d com as m\u00e3os, sem autoriza\u00e7\u00e3o dos pais para exibir os rostos das mesmas.<\/p>\n<p>Para o juiz que avaliou a a\u00e7\u00e3o, Evandro Neiva de Amorim, a a\u00e7\u00e3o \u00e9 improcedente e, embora \u201cinfelizes e pass\u00edveis de cr\u00edticas\u201d, as falas referiam-se \u00e0 situa\u00e7\u00e3o de vulnerabilidade social e crise econ\u00f4mica na Venezuela, e n\u00e3o houve elementos suficientes para caracterizar incita\u00e7\u00e3o \u00e0 discrimina\u00e7\u00e3o ou conota\u00e7\u00e3o sexual.\n<\/p>\n<p>\u2013 As declara\u00e7\u00f5es, por si s\u00f3, n\u00e3o configuram viola\u00e7\u00e3o de direitos fundamentais ou danos morais coletivos. Al\u00e9m disso, n\u00e3o foram apresentados elementos suficientes que demonstrem que essas falas causaram um impacto generalizado na sociedade ou comprometeram a dignidade das mencionadas adolescentes migrantes \u2013 declarou o juiz.\n<\/p>\n<p>Quanto ao uso das imagens de crian\u00e7as, o juiz destacou que a institui\u00e7\u00e3o de ensino respons\u00e1vel pela excurs\u00e3o, onde Bolsonaro teria incentivado as crian\u00e7as, possu\u00eda autoriza\u00e7\u00e3o dos pais para grava\u00e7\u00f5es em Bras\u00edlia, sem v\u00ednculo com fins eleitorais. Ele tamb\u00e9m observou que faltaram provas concretas de que as crian\u00e7as foram induzidas a fazer gestos de \u201carma\u201d na ocasi\u00e3o.\n<\/p>\n<p>O magistrado concluiu que a a\u00e7\u00e3o do MP carecia de provas suficientes para fundamentar uma condena\u00e7\u00e3o. Segundo ele, os elementos apresentados, como mat\u00e9rias jornal\u00edsticas, n\u00e3o eram provas robustas o bastante para respaldar as alega\u00e7\u00f5es do MP. As informa\u00e7\u00f5es s\u00e3o do Correio Brazilense.\n<\/p>\n<p>Fonte: Pleno.News              <\/p>\n<\/div>\n<p><br \/>\n<br \/><a href=\"https:\/\/diariodobrasilnoticias.com.br\/noticia\/acao-contra-bolsonaro-no-caso-pintou-um-clima-e-rejeitada-por-juiz-67308a828da0b\">Source link <\/a><\/p>","protected":false},"excerpt":{"rendered":"<p>Nesta sexta-feira (8), a 1\u00aa Vara da Inf\u00e2ncia e da Juventude do Distrito Federal negou o pedido do Minist\u00e9rio P\u00fablico do Distrito Federal e Territ\u00f3rios (MPDFT) para que o ex-presidente&hellip;<\/p>","protected":false},"author":1,"featured_media":57091,"comment_status":"closed","ping_status":"open","sticky":false,"template":"","format":"standard","meta":{"content-type":"","footnotes":""},"categories":[16],"tags":[123,2448,5313,1267],"class_list":["post-57090","post","type-post","status-publish","format-standard","has-post-thumbnail","hentry","category-noticias","tag-brasil","tag-diario","tag-noticia","tag-noticias"],"_links":{"self":[{"href":"https:\/\/tvbrazilusa.com\/pt\/wp-json\/wp\/v2\/posts\/57090","targetHints":{"allow":["GET"]}}],"collection":[{"href":"https:\/\/tvbrazilusa.com\/pt\/wp-json\/wp\/v2\/posts"}],"about":[{"href":"https:\/\/tvbrazilusa.com\/pt\/wp-json\/wp\/v2\/types\/post"}],"author":[{"embeddable":true,"href":"https:\/\/tvbrazilusa.com\/pt\/wp-json\/wp\/v2\/users\/1"}],"replies":[{"embeddable":true,"href":"https:\/\/tvbrazilusa.com\/pt\/wp-json\/wp\/v2\/comments?post=57090"}],"version-history":[{"count":1,"href":"https:\/\/tvbrazilusa.com\/pt\/wp-json\/wp\/v2\/posts\/57090\/revisions"}],"predecessor-version":[{"id":57092,"href":"https:\/\/tvbrazilusa.com\/pt\/wp-json\/wp\/v2\/posts\/57090\/revisions\/57092"}],"wp:featuredmedia":[{"embeddable":true,"href":"https:\/\/tvbrazilusa.com\/pt\/wp-json\/wp\/v2\/media\/57091"}],"wp:attachment":[{"href":"https:\/\/tvbrazilusa.com\/pt\/wp-json\/wp\/v2\/media?parent=57090"}],"wp:term":[{"taxonomy":"category","embeddable":true,"href":"https:\/\/tvbrazilusa.com\/pt\/wp-json\/wp\/v2\/categories?post=57090"},{"taxonomy":"post_tag","embeddable":true,"href":"https:\/\/tvbrazilusa.com\/pt\/wp-json\/wp\/v2\/tags?post=57090"}],"curies":[{"name":"wp","href":"https:\/\/api.w.org\/{rel}","templated":true}]}}