{"id":57230,"date":"2024-11-10T16:12:37","date_gmt":"2024-11-10T16:12:37","guid":{"rendered":"https:\/\/tvbrazilusa.com\/2024\/11\/10\/padre-e-afastado-de-suas-funcoes-apos-vazamento-de-fotos-intimas-a-igreja-catolica-esta-investigando-o-caso\/"},"modified":"2024-11-10T16:12:38","modified_gmt":"2024-11-10T16:12:38","slug":"padre-e-afastado-de-suas-funcoes-apos-vazamento-de-fotos-intimas-a-igreja-catolica-esta-investigando-o-caso","status":"publish","type":"post","link":"https:\/\/tvbrazilusa.com\/pt\/2024\/11\/10\/padre-e-afastado-de-suas-funcoes-apos-vazamento-de-fotos-intimas-a-igreja-catolica-esta-investigando-o-caso\/","title":{"rendered":"Padre \u00e9 afastado de suas fun\u00e7\u00f5es ap\u00f3s vazamento de fotos \u00edntimas; a Igreja Cat\u00f3lica est\u00e1 investigando o caso"},"content":{"rendered":"<p> <script async src=\"https:\/\/pagead2.googlesyndication.com\/pagead\/js\/adsbygoogle.js?client=ca-pub-8864793242727901\"\r\n     crossorigin=\"anonymous\"><\/script><br \/>\n<\/p>\n<div id=\"taboola-read-more\" style=\"display:block; width:100%\">\n<p>O padre Fabio Marsaro de Paula (52) foi afastado de sua fun\u00e7\u00e3o na Par\u00f3quia Imaculada Concei\u00e7\u00e3o, em Palmares Paulista (SP), ap\u00f3s vazamento de fotos \u00edntimas nas quais aparece nu ao lado de outros homens. O afastamento foi comunicado pelo bispo dom Jos\u00e9 Benedito, na \u00faltima semana, e a Igreja Cat\u00f3lica investiga o caso. As informa\u00e7\u00f5es d\u00e3o conta de que, nas fotos, o padre aparece com a genit\u00e1lia \u00e0 mostra e, em algumas, com lata de cerveja na m\u00e3o. Ciente do vazamento, que aconteceu em setembro deste ano, a igreja abriu investiga\u00e7\u00e3o interna para apurar a situa\u00e7\u00e3o.\n<\/p>\n<p>\u2014 \u201cA Diocese de Catanduva comunica o afastamento do padre F. de suas atividades. Pedimos a todos as ora\u00e7\u00f5es pelo referido sacerdote e por toda a nossa Diocese. Com nosso compromisso e confian\u00e7a em Cristo\u201d, afirma a nota assinada pelo bispo, que n\u00e3o quis comentar nada al\u00e9m disso. Ap\u00f3s a repercuss\u00e3o negativa, os perfis do padre Fabio Marsaro de Paula foram desativados em algumas redes sociais, mas, at\u00e9 o fechamento desta mat\u00e9ria, seu canal no YouTube, que tem pouco mais de 6 mil inscritos, seguia no ar.<\/p>\n<p>Fonte: uol \/ @exclusivo24h              <\/p>\n<\/div>\n<p><br \/>\n<br \/><a href=\"https:\/\/diariodobrasilnoticias.com.br\/noticia\/padre-e-afastado-de-suas-funcoes-apos-vazamento-de-fotos-intimas-a-igreja-catolica-esta-investigando-o-caso-6730bb84a846a\">Source link <\/a><\/p>","protected":false},"excerpt":{"rendered":"<p>O padre Fabio Marsaro de Paula (52) foi afastado de sua fun\u00e7\u00e3o na Par\u00f3quia Imaculada Concei\u00e7\u00e3o, em Palmares Paulista (SP), ap\u00f3s vazamento de fotos \u00edntimas nas quais aparece nu ao&hellip;<\/p>","protected":false},"author":1,"featured_media":57231,"comment_status":"closed","ping_status":"open","sticky":false,"template":"","format":"standard","meta":{"content-type":"","footnotes":""},"categories":[16],"tags":[123,2448,5313,1267],"class_list":["post-57230","post","type-post","status-publish","format-standard","has-post-thumbnail","hentry","category-noticias","tag-brasil","tag-diario","tag-noticia","tag-noticias"],"_links":{"self":[{"href":"https:\/\/tvbrazilusa.com\/pt\/wp-json\/wp\/v2\/posts\/57230","targetHints":{"allow":["GET"]}}],"collection":[{"href":"https:\/\/tvbrazilusa.com\/pt\/wp-json\/wp\/v2\/posts"}],"about":[{"href":"https:\/\/tvbrazilusa.com\/pt\/wp-json\/wp\/v2\/types\/post"}],"author":[{"embeddable":true,"href":"https:\/\/tvbrazilusa.com\/pt\/wp-json\/wp\/v2\/users\/1"}],"replies":[{"embeddable":true,"href":"https:\/\/tvbrazilusa.com\/pt\/wp-json\/wp\/v2\/comments?post=57230"}],"version-history":[{"count":1,"href":"https:\/\/tvbrazilusa.com\/pt\/wp-json\/wp\/v2\/posts\/57230\/revisions"}],"predecessor-version":[{"id":57232,"href":"https:\/\/tvbrazilusa.com\/pt\/wp-json\/wp\/v2\/posts\/57230\/revisions\/57232"}],"wp:featuredmedia":[{"embeddable":true,"href":"https:\/\/tvbrazilusa.com\/pt\/wp-json\/wp\/v2\/media\/57231"}],"wp:attachment":[{"href":"https:\/\/tvbrazilusa.com\/pt\/wp-json\/wp\/v2\/media?parent=57230"}],"wp:term":[{"taxonomy":"category","embeddable":true,"href":"https:\/\/tvbrazilusa.com\/pt\/wp-json\/wp\/v2\/categories?post=57230"},{"taxonomy":"post_tag","embeddable":true,"href":"https:\/\/tvbrazilusa.com\/pt\/wp-json\/wp\/v2\/tags?post=57230"}],"curies":[{"name":"wp","href":"https:\/\/api.w.org\/{rel}","templated":true}]}}