{"id":57238,"date":"2024-11-10T16:40:46","date_gmt":"2024-11-10T16:40:46","guid":{"rendered":"https:\/\/tvbrazilusa.com\/2024\/11\/10\/curitiba-e-eleita-a-comunidade-mais-inteligente-do-mundo-em-2024-pelo-icf-titulo-internacional-foi-entregue-em-barcelona\/"},"modified":"2024-11-10T16:40:47","modified_gmt":"2024-11-10T16:40:47","slug":"curitiba-e-eleita-a-comunidade-mais-inteligente-do-mundo-em-2024-pelo-icf-titulo-internacional-foi-entregue-em-barcelona","status":"publish","type":"post","link":"https:\/\/tvbrazilusa.com\/pt\/2024\/11\/10\/curitiba-e-eleita-a-comunidade-mais-inteligente-do-mundo-em-2024-pelo-icf-titulo-internacional-foi-entregue-em-barcelona\/","title":{"rendered":"Curitiba \u00e9 eleita a comunidade mais inteligente do mundo em 2024 pelo ICF; t\u00edtulo internacional foi entregue em Barcelona"},"content":{"rendered":"<p> <script async src=\"https:\/\/pagead2.googlesyndication.com\/pagead\/js\/adsbygoogle.js?client=ca-pub-8864793242727901\"\r\n     crossorigin=\"anonymous\"><\/script><br \/>\n<\/p>\n<div id=\"taboola-read-more\" style=\"display:block; width:100%\">\n<p>Curitiba \u00e9 a Comunidade Mais Inteligente do Mundo de 2024. O pr\u00eamio foi entregue na noite de segunda-feira (4) em Barcelona (Espanha), em evento que reuniu autoridades das sete cidades que concorriam ao t\u00edtulo conferido pelo Intelligent Community Forum (ICF) neste ano. Assa\u00ed, no Norte do Paran\u00e1, tamb\u00e9m foi uma das finalistas deste ano.\n<\/p>\n<p>Esta \u00e9 a primeira vez em 25 anos de hist\u00f3ria do pr\u00eamio que uma cidade brasileira &#8211; e da Am\u00e9rica Latina &#8211; recebe o t\u00edtulo conferido pelo ICF, institui\u00e7\u00e3o canadense que estabeleceu o conceito de comunidade inteligente e uma das mais importantes do mundo no reconhecimento de localidades que apostam na tecnologia e inclus\u00e3o digital para melhorar a vida dos cidad\u00e3o. <\/p>\n<p>Planejamento urbano sustent\u00e1vel, infraestrutura e aprimoramento de servi\u00e7os essenciais para a popula\u00e7\u00e3o, inova\u00e7\u00e3o tecnol\u00f3gica, conectividade e transforma\u00e7\u00e3o digital, capacita\u00e7\u00e3o de jovens e adultos, apoio ao empreendedorismo, compromisso com a energia limpa e o estabelecimento de um ecossistema de inova\u00e7\u00e3o &#8211; o Vale do Pinh\u00e3o &#8211; foram alguns dos pontos que o ICF considerou fundamentais para a elei\u00e7\u00e3o da capital paranaense como a comunidade mais inteligente de 2024.\n<\/p>\n<p>Com o pr\u00eamio do ICF, Curitiba se torna a \u00fanica cidade do mundo a ser reconhecida nas tr\u00eas mais importantes premia\u00e7\u00f5es globais sobre cidades inteligentes em apenas um ano. Em novembro de 2023, ela recebeu o t\u00edtulo de Cidade Mais Inteligente do Mundo no World Smart City Awards, conferido pela Fira Barcelona (Espanha). Em outubro deste ano, Curitiba recebeu a prata na categoria Cidade Centrada nas Pessoas (Human-CentriCity) no Seul Smart City Prize, concurso internacional de cidades inteligentes promovido pelo governo metropolitano de Seul, na Coreia do Sul.\n<\/p>\n<p>Esses pr\u00eamios se somam a outros quatro t\u00edtulos internacionais recebidos pela capital ao longo do ano: primeiro lugar no Government Excellence Awards 2024 com programa Fala Curitiba (Emirados \u00c1rabes); pr\u00eamio Urbanismo Pioneiro 2024 do Bilbao Metropoli 30 (Espanha); o World Green City Awards 2024 com o Programa de Agricultura Urbana de Curitiba (Holanda); e o pr\u00eamio da Unesco 2024, Sheik Hamdan bin Rashid Al-Maktoun de Dubai, pelo programa Veredas Formativas de forma\u00e7\u00e3o continuada de professores da rede p\u00fablica municipal (Fran\u00e7a).\n<\/p>\n<p><strong>Desde 2021, Curitiba entre as finalistas<\/strong>\n<\/p>\n<p>Anualmente, o Intelligent Community Forum lan\u00e7a duas listas com as comunidades mais inteligentes do mundo antes da elei\u00e7\u00e3o da comunidade do ano. A primeira, com 21 cidades, serve de base para a defini\u00e7\u00e3o das sete finalistas ao t\u00edtulo m\u00e1ximo da institui\u00e7\u00e3o.\n<\/p>\n<p>Este foi o quarto ano consecutivo em que Curitiba esteve entre as sete comunidades mais inteligentes do mundo, concorrendo ao pr\u00eamio entregue, pela primeira vez, em 1999. Antes da capital paranaense figurar no Top7 em 2021, o Brasil esteve representado pelo Rio de Janeiro em 2015 e por Pira\u00ed (RJ) em 2005. Desde 2019, a cidade passou a integrar a lista das 21 comunidades mais inteligentes do mundo do ICF.\n<\/p>\n<p>Este tamb\u00e9m foi o primeiro ano em que Assa\u00ed chegou entre as sete finalistas ao pr\u00eamio. Al\u00e9m das duas cidades paranaenses, concorreram ao pr\u00eamio Coral Gables, na Fl\u00f3rida, e Hilliard, em Ohio, ambas nos Estados Unidos; Durham Region, na regi\u00e3o de Ont\u00e1rio, no Canad\u00e1; Fredericton e New Brunswick, tamb\u00e9m no Canad\u00e1; e Yunlin County, de Taiwan.\n<\/p>\n<p>Fonte: gazz conecta              <\/p>\n<\/div>\n<p><br \/>\n<br \/><a href=\"https:\/\/diariodobrasilnoticias.com.br\/noticia\/curitiba-e-eleita-a-comunidade-mais-inteligente-do-mundo-em-2024-pelo-icf-titulo-internacional-foi-entregue-em-barcelona-6730c51dc6031\">Source link <\/a><\/p>","protected":false},"excerpt":{"rendered":"<p>Curitiba \u00e9 a Comunidade Mais Inteligente do Mundo de 2024. O pr\u00eamio foi entregue na noite de segunda-feira (4) em Barcelona (Espanha), em evento que reuniu autoridades das sete cidades&hellip;<\/p>","protected":false},"author":1,"featured_media":57239,"comment_status":"closed","ping_status":"open","sticky":false,"template":"","format":"standard","meta":{"content-type":"","footnotes":""},"categories":[16],"tags":[123,2448,5313,1267],"class_list":["post-57238","post","type-post","status-publish","format-standard","has-post-thumbnail","hentry","category-noticias","tag-brasil","tag-diario","tag-noticia","tag-noticias"],"_links":{"self":[{"href":"https:\/\/tvbrazilusa.com\/pt\/wp-json\/wp\/v2\/posts\/57238","targetHints":{"allow":["GET"]}}],"collection":[{"href":"https:\/\/tvbrazilusa.com\/pt\/wp-json\/wp\/v2\/posts"}],"about":[{"href":"https:\/\/tvbrazilusa.com\/pt\/wp-json\/wp\/v2\/types\/post"}],"author":[{"embeddable":true,"href":"https:\/\/tvbrazilusa.com\/pt\/wp-json\/wp\/v2\/users\/1"}],"replies":[{"embeddable":true,"href":"https:\/\/tvbrazilusa.com\/pt\/wp-json\/wp\/v2\/comments?post=57238"}],"version-history":[{"count":1,"href":"https:\/\/tvbrazilusa.com\/pt\/wp-json\/wp\/v2\/posts\/57238\/revisions"}],"predecessor-version":[{"id":57240,"href":"https:\/\/tvbrazilusa.com\/pt\/wp-json\/wp\/v2\/posts\/57238\/revisions\/57240"}],"wp:featuredmedia":[{"embeddable":true,"href":"https:\/\/tvbrazilusa.com\/pt\/wp-json\/wp\/v2\/media\/57239"}],"wp:attachment":[{"href":"https:\/\/tvbrazilusa.com\/pt\/wp-json\/wp\/v2\/media?parent=57238"}],"wp:term":[{"taxonomy":"category","embeddable":true,"href":"https:\/\/tvbrazilusa.com\/pt\/wp-json\/wp\/v2\/categories?post=57238"},{"taxonomy":"post_tag","embeddable":true,"href":"https:\/\/tvbrazilusa.com\/pt\/wp-json\/wp\/v2\/tags?post=57238"}],"curies":[{"name":"wp","href":"https:\/\/api.w.org\/{rel}","templated":true}]}}