{"id":57241,"date":"2024-11-10T16:53:38","date_gmt":"2024-11-10T16:53:38","guid":{"rendered":"https:\/\/tvbrazilusa.com\/2024\/11\/10\/tribunal-de-contas-da-uniao-contrata-salao-com-cabeleireiro-de-luxo-massagens-e-servicos-de-depilacao-intima-veja-os-valores\/"},"modified":"2024-11-10T16:53:39","modified_gmt":"2024-11-10T16:53:39","slug":"tribunal-de-contas-da-uniao-contrata-salao-com-cabeleireiro-de-luxo-massagens-e-servicos-de-depilacao-intima-veja-os-valores","status":"publish","type":"post","link":"https:\/\/tvbrazilusa.com\/pt\/2024\/11\/10\/tribunal-de-contas-da-uniao-contrata-salao-com-cabeleireiro-de-luxo-massagens-e-servicos-de-depilacao-intima-veja-os-valores\/","title":{"rendered":"Tribunal de Contas da Uni\u00e3o contrata sal\u00e3o com &#8216;cabeleireiro de luxo&#8217;, massagens e servi\u00e7os de depila\u00e7\u00e3o \u00edntima; veja os valores"},"content":{"rendered":"<p> <script async src=\"https:\/\/pagead2.googlesyndication.com\/pagead\/js\/adsbygoogle.js?client=ca-pub-8864793242727901\"\r\n     crossorigin=\"anonymous\"><\/script><br \/>\n<\/p>\n<div id=\"taboola-read-more\" style=\"display:block; width:100%\">\n<p>O Tribunal de Contas da Uni\u00e3o (TCU) contratou um sal\u00e3o de beleza para operar nas depend\u00eancias de sua sede em Bras\u00edlia. Localizado no mezanino do \u00f3rg\u00e3o, o estabelecimento prestava uma s\u00e9rie de tratamentos que inclu\u00edam massagem relaxante e at\u00e9 depila\u00e7\u00e3o \u00edntima do &#8220;contorno&#8221;. Ministros e servidores do \u00f3rg\u00e3o tinham acesso aos servi\u00e7os prestados pelo SPA durante expediente de trabalho.\n<\/p>\n<p>Com um contrato para funcionar at\u00e9 2029, tendo possibilidade de estender para 2034, um corte de cabelo no local custava R$ 86,26. J\u00e1 as &#8220;massagens relaxantes&#8221;, custavam R$ 115 e depila\u00e7\u00e3o \u00edntima do contorno R$ 80,75. Todos os servi\u00e7os estavam previstos no edital assinado entre o TCU e a empresa contratada. As informa\u00e7\u00f5es foram reveladas pelo colunista Cl\u00e1udio Humberto, do jornal Di\u00e1rio do Poder.<\/p>\n<p>De acordo com o jornalista, o contrato previa uma taxa de uso de R$ 2,8 mil, com despesas como \u00e1gua, luz, limpeza e seguran\u00e7a j\u00e1 inclusos no valor. Segundo o colunista, estimativa \u00e9 que o SPA faturasse cerca de R$ 127 mil por m\u00eas para atender os trabalhadores do Tribunal de Contas da Uni\u00e3o.\n<\/p>\n<p>O edital previa ainda algumas &#8220;peculiaridades&#8221; e determina\u00e7\u00f5es para os funcion\u00e1rios do estabelecimento. Entre as orienta\u00e7\u00f5es, os trabalhadores do SPA deviam estar sempre bem vestidos e com uniformes limpos, e identificados com crach\u00e1 \u2013 tendo, inclusive, multa prevista caso n\u00e3o seguissem tais regras. Havia ainda regras quanto \u00e0 abordagem \u00e0s autoridades ali atendidas, estando vetado &#8220;fofocas&#8221; e \u201ccoment\u00e1rios desairosos\u201d.\n<\/p>\n<p><strong>SPA fechado ap\u00f3s divulga\u00e7\u00e3o do caso<\/strong>\n<\/p>\n<p>Ap\u00f3s divulga\u00e7\u00e3o do caso pela imprensa, o ministro do TCU, Bruno Dantas, afirmou que n\u00e3o tinha conhecimento do caso e revogou o funcionamento do sal\u00e3o na sede do \u00f3rg\u00e3o.\n<\/p>\n<p>\u201cTendo tomado ci\u00eancia pela imprensa, na data de hoje, do contrato de cess\u00e3o do uso de \u00e1rea n\u00b0 5\/2024, determino que a Secret\u00e1ria-geral da Administra\u00e7\u00e3o proceda a sua imediata revoga\u00e7\u00e3o\u201d, determinou o ministro em despacho divulgado na \u00faltima sexta-feira (8).\n<\/p>\n<p>O TCU \u00e9 o \u00f3rg\u00e3o que monitora e fiscaliza a utiliza\u00e7\u00e3o e destina\u00e7\u00e3o do dinheiro p\u00fablico no \u00e2mbito federal, tendo a fun\u00e7\u00e3o de garantir que a utiliza\u00e7\u00e3o dos recursos estejam dentro da legalidade. Fato que torna a contrata\u00e7\u00e3o de um SPA para funcionamento nas depend\u00eancias da sua sede uma contradi\u00e7\u00e3o dentro da fun\u00e7\u00e3o do \u00f3rg\u00e3o.\n<\/p>\n<p>Fonte: Gazeta do Povo\u00a0              <\/p>\n<\/div>\n<p><br \/>\n<br \/><a href=\"https:\/\/diariodobrasilnoticias.com.br\/noticia\/tribunal-de-contas-da-uniao-contrata-salao-com-cabeleireiro-de-luxo-massagens-e-servicos-de-depilacao-intima-veja-os-valores-6730c26df3b72\">Source link <\/a><\/p>","protected":false},"excerpt":{"rendered":"<p>O Tribunal de Contas da Uni\u00e3o (TCU) contratou um sal\u00e3o de beleza para operar nas depend\u00eancias de sua sede em Bras\u00edlia. Localizado no mezanino do \u00f3rg\u00e3o, o estabelecimento prestava uma&hellip;<\/p>","protected":false},"author":1,"featured_media":57242,"comment_status":"closed","ping_status":"open","sticky":false,"template":"","format":"standard","meta":{"content-type":"","footnotes":""},"categories":[16],"tags":[123,2448,5313,1267],"class_list":["post-57241","post","type-post","status-publish","format-standard","has-post-thumbnail","hentry","category-noticias","tag-brasil","tag-diario","tag-noticia","tag-noticias"],"_links":{"self":[{"href":"https:\/\/tvbrazilusa.com\/pt\/wp-json\/wp\/v2\/posts\/57241","targetHints":{"allow":["GET"]}}],"collection":[{"href":"https:\/\/tvbrazilusa.com\/pt\/wp-json\/wp\/v2\/posts"}],"about":[{"href":"https:\/\/tvbrazilusa.com\/pt\/wp-json\/wp\/v2\/types\/post"}],"author":[{"embeddable":true,"href":"https:\/\/tvbrazilusa.com\/pt\/wp-json\/wp\/v2\/users\/1"}],"replies":[{"embeddable":true,"href":"https:\/\/tvbrazilusa.com\/pt\/wp-json\/wp\/v2\/comments?post=57241"}],"version-history":[{"count":1,"href":"https:\/\/tvbrazilusa.com\/pt\/wp-json\/wp\/v2\/posts\/57241\/revisions"}],"predecessor-version":[{"id":57243,"href":"https:\/\/tvbrazilusa.com\/pt\/wp-json\/wp\/v2\/posts\/57241\/revisions\/57243"}],"wp:featuredmedia":[{"embeddable":true,"href":"https:\/\/tvbrazilusa.com\/pt\/wp-json\/wp\/v2\/media\/57242"}],"wp:attachment":[{"href":"https:\/\/tvbrazilusa.com\/pt\/wp-json\/wp\/v2\/media?parent=57241"}],"wp:term":[{"taxonomy":"category","embeddable":true,"href":"https:\/\/tvbrazilusa.com\/pt\/wp-json\/wp\/v2\/categories?post=57241"},{"taxonomy":"post_tag","embeddable":true,"href":"https:\/\/tvbrazilusa.com\/pt\/wp-json\/wp\/v2\/tags?post=57241"}],"curies":[{"name":"wp","href":"https:\/\/api.w.org\/{rel}","templated":true}]}}