{"id":57250,"date":"2024-11-10T17:03:32","date_gmt":"2024-11-10T17:03:32","guid":{"rendered":"https:\/\/tvbrazilusa.com\/2024\/11\/10\/rei-carlos-iii-e-kate-participam-de-evento-em-memoria-enquanto-ambos-retornam-lentamente-ao-trabalho-wsvn-7news-noticias-de-miami-clima-esportes-fort-lauderdale\/"},"modified":"2024-11-10T17:14:00","modified_gmt":"2024-11-10T17:14:00","slug":"rei-carlos-iii-e-kate-participam-de-evento-em-memoria-enquanto-ambos-retornam-lentamente-ao-trabalho-wsvn-7news-noticias-de-miami-clima-esportes-fort-lauderdale","status":"publish","type":"post","link":"https:\/\/tvbrazilusa.com\/pt\/2024\/11\/10\/rei-carlos-iii-e-kate-participam-de-evento-em-memoria-enquanto-ambos-retornam-lentamente-ao-trabalho-wsvn-7news-noticias-de-miami-clima-esportes-fort-lauderdale\/","title":{"rendered":"Rei Carlos III e Kate participam de evento em mem\u00f3ria enquanto ambos retornam lentamente ao trabalho &#8211; WSVN 7News | Not\u00edcias de Miami, clima, esportes | Fort Lauderdale"},"content":{"rendered":"<p> <script async src=\"https:\/\/pagead2.googlesyndication.com\/pagead\/js\/adsbygoogle.js?client=ca-pub-8864793242727901\"\r\n     crossorigin=\"anonymous\"><\/script><br \/>\n<\/p>\n<div itemprop=\"articleBody\">\n<p>LONDRES (AP) \u2013 O rei Carlos III liderou a na\u00e7\u00e3o no domingo em um sil\u00eancio de dois minutos em mem\u00f3ria dos militares mortos no centro de Londres enquanto a princesa de Gales observava, mais um sinal de que a fam\u00edlia real est\u00e1 lentamente voltando ao normal no final de um ano em que dois dos membros mais populares da realeza foram marginalizados pelo c\u00e2ncer.<\/p>\n<p>O Domingo da Mem\u00f3ria \u00e9 um evento tot\u00eamico no Reino Unido, com o monarca liderando membros da realeza, l\u00edderes pol\u00edticos, incluindo o primeiro-ministro Keir Starmer e seus oito antecessores vivos, e enviados dos pa\u00edses da Commonwealth na coloca\u00e7\u00e3o de coroas de flores no Cenot\u00e1fio, o memorial de pedra de Portland que serve como ponto focal para homenagear os mortos na guerra do pa\u00eds.<\/p>\n<p>A missa \u00e9 realizada no segundo domingo de novembro para marcar a assinatura do armist\u00edcio que p\u00f4s fim \u00e0 Primeira Guerra Mundial \u201cna d\u00e9cima primeira hora do d\u00e9cimo primeiro dia do d\u00e9cimo primeiro m\u00eas\u201d em 1918. Em todo o Reino Unido, as missas s\u00e3o realizadas ao mesmo tempo. em mem\u00f3ria dos mortos.<\/p>\n<p>Ap\u00f3s o sil\u00eancio de dois minutos, os corneteiros da Marinha Real tocaram o \u201c\u00daltimo Post\u201d e Charles liderou a parte do servi\u00e7o religioso com a coloca\u00e7\u00e3o das coroas.<\/p>\n<p>O rei de 75 anos, vestido com seu uniforme da Marinha Real de Almirante da Frota, colocou uma coroa de papoulas na base do Cenot\u00e1fio em reconhecimento aos ca\u00eddos em conflitos que remontam \u00e0 Primeira Guerra Mundial.<\/p>\n<p>Seu filho mais velho e herdeiro do trono, o pr\u00edncipe William, deixou sua pr\u00f3pria homenagem floral \u2013 apresentando as penas do Pr\u00edncipe de Gales e uma nova fita em vermelho gal\u00eas.<\/p>\n<p>Vestida de preto sombrio, sua esposa, Kate, assistia de uma varanda do vizinho Foreign, Commonwealth &#038; Development Office, como \u00e9 tradi\u00e7\u00e3o. A rainha Camilla, que normalmente estaria ao lado da princesa, n\u00e3o estava presente enquanto ela se recuperava de uma infec\u00e7\u00e3o no peito.<\/p>\n<p>\u00c9 a primeira vez desde o in\u00edcio do ano que Kate realiza dois dias consecutivos de compromissos oficiais p\u00fablicos. No s\u00e1bado, ela participou do Royal British Legion Festival Of Remembrance no Royal Albert Hall.<\/p>\n<p>Ap\u00f3s a coloca\u00e7\u00e3o da coroa, cerca de 10 mil veteranos, incluindo aqueles que lutaram em guerras neste s\u00e9culo, nomeadamente no Afeganist\u00e3o e no Iraque, marcharam diante do Cenot\u00e1fio. Com o passar do tempo, havia apenas alguns veteranos da Segunda Guerra Mundial presentes.<\/p>\n<p>\u201c\u00c9 sempre uma grande honra estar de volta em ocasi\u00f5es como esta, mas lembro-me dos caras que nunca voltaram para casa no meu navio quando ele foi torpedeado\u201d, disse Stan Ford, de 99 anos, que sempre teve que andar com pin\u00e7as nas pernas. desde que o navio em que ele servia &#8211; HMS Fratton &#8211; foi afundado na costa francesa da Normandia em agosto de 1944, \u00e0 custa de 31 vidas.<\/p>\n<p>\u201cEles nunca voltaram para casa e sempre sinto que \u00e9 meu dever comparecer e agradecer a Deus por aqueles que sobreviveram e orar por aqueles que n\u00e3o sobreviveram\u201d, disse Ford, que foi um dos 38 sobreviventes.<\/p>\n<p>O papel cerimonial de Carlos como comandante-chefe das for\u00e7as armadas \u00e9 um resqu\u00edcio dos dias em que o monarca liderava as suas tropas na batalha. Mas a liga\u00e7\u00e3o entre a monarquia e os militares ainda \u00e9 muito forte, com os militares prestando juramento de lealdade ao rei e os membros da fam\u00edlia real apoiando o pessoal em servi\u00e7o atrav\u00e9s de uma variedade de institui\u00e7\u00f5es de caridade. Charles e William serviram na ativa nas for\u00e7as armadas antes de assumirem fun\u00e7\u00f5es reais em tempo integral.<\/p>\n<p>Charles foi diagnosticado com uma forma n\u00e3o revelada de c\u00e2ncer em fevereiro, for\u00e7ando-o a se afastar das apari\u00e7\u00f5es p\u00fablicas por dois meses enquanto se concentrava em seu tratamento e recupera\u00e7\u00e3o. Poucas semanas depois, Kate anunciou seu pr\u00f3prio diagn\u00f3stico de c\u00e2ncer, que a deixou de lado durante grande parte do ano enquanto ela se submetia \u00e0 quimioterapia.<\/p>\n<p>O rei tem estado em boa forma nos \u00faltimos meses e recentemente completou uma viagem cansativa \u00e0 Austr\u00e1lia e Samoa. Kate, que fez sua primeira apari\u00e7\u00e3o p\u00fablica p\u00f3s-diagn\u00f3stico durante o desfile de anivers\u00e1rio do monarca em junho, est\u00e1 retornando lentamente \u00e0s fun\u00e7\u00f5es p\u00fablicas.<\/p>\n<p>O Pr\u00edncipe William refletiu esta semana sobre a press\u00e3o que o medo do c\u00e2ncer colocou sobre a fam\u00edlia real.<\/p>\n<p>\u201cEstou muito orgulhoso da minha esposa, estou orgulhoso do meu pai, por lidar com as coisas que eles fizeram\u201d, disse William aos rep\u00f3rteres na quinta-feira, ao encerrar uma viagem de quatro dias \u00e0 \u00c1frica do Sul. \u201cMas do ponto de vista pessoal e familiar, tem sido, sim, tem sido brutal.\u201d<\/p>\n<p>Embora o Cenot\u00e1fio fosse o foco do servi\u00e7o de mem\u00f3ria nacional, comunidades em todo o Reino Unido realizaram as suas pr\u00f3prias cerim\u00f3nias no domingo.<\/p>\n<p>Needham-Crofton, que serviu nos Royal Inniskilling Fusiliers antes de um acidente de caminh\u00e3o encerrar sua carreira militar, planejava participar de um servi\u00e7o militar local em Eastbourne, na costa sul da Inglaterra.<\/p>\n<p>Ele passou grande parte de seu tempo homenageando veteranos e tentando ajud\u00e1-los, incluindo 20 anos como volunt\u00e1rio na Taxi Charity for Military Veterans. Como algumas de suas tarefas militares, arrecadar dinheiro era bastante cansativo, pois envolvia ficar em frente \u00e0s esta\u00e7\u00f5es de metr\u00f4 de Londres coletando moedas para ajudar a financiar os esfor\u00e7os do grupo.<\/p>\n<p>\u201cGosto de respeitar todos os veteranos e fazer o que posso por eles\u201d, disse ele \u00e0 Associated Press. \u201c\u00c9 realmente uma irmandade. Mesmo que voc\u00ea n\u00e3o conhe\u00e7a um veterano que conhece, voc\u00ea sente uma afinidade por ele. Isso \u00e9 muito importante para mim. Serei assim pelo resto da minha vida.\u201d<\/p>\n<p><em>Direitos autorais 2024 da Associated Press. Todos os direitos reservados. Este material n\u00e3o pode ser publicado, transmitido, reescrito ou redistribu\u00eddo.<\/em><\/p>\n<div class=\"wp-block-newsletter\">\n\t<strong class=\"wp-block-newsletter__title\">Cadastre-se em nosso boletim informativo para receber as \u00faltimas not\u00edcias diretamente em sua caixa de entrada<\/strong><\/p>\n<\/div><\/div>\n<p><br \/>\n<br \/><a href=\"https:\/\/wsvn.com\/news\/us-world\/king-charles-iii-and-kate-attend-remembrance-event-as-both-slowly-return-to-duty\/\">Source link <\/a><\/p>","protected":false},"excerpt":{"rendered":"<p>LONDRES (AP) \u2013 O rei Carlos III liderou a na\u00e7\u00e3o no domingo em um sil\u00eancio de dois minutos em mem\u00f3ria dos militares mortos no centro de Londres enquanto a princesa&hellip;<\/p>","protected":false},"author":1,"featured_media":57251,"comment_status":"closed","ping_status":"open","sticky":false,"template":"","format":"standard","meta":{"content-type":"","footnotes":""},"categories":[1],"tags":[],"class_list":["post-57250","post","type-post","status-publish","format-standard","has-post-thumbnail","hentry","category-uncategorized"],"_links":{"self":[{"href":"https:\/\/tvbrazilusa.com\/pt\/wp-json\/wp\/v2\/posts\/57250","targetHints":{"allow":["GET"]}}],"collection":[{"href":"https:\/\/tvbrazilusa.com\/pt\/wp-json\/wp\/v2\/posts"}],"about":[{"href":"https:\/\/tvbrazilusa.com\/pt\/wp-json\/wp\/v2\/types\/post"}],"author":[{"embeddable":true,"href":"https:\/\/tvbrazilusa.com\/pt\/wp-json\/wp\/v2\/users\/1"}],"replies":[{"embeddable":true,"href":"https:\/\/tvbrazilusa.com\/pt\/wp-json\/wp\/v2\/comments?post=57250"}],"version-history":[{"count":1,"href":"https:\/\/tvbrazilusa.com\/pt\/wp-json\/wp\/v2\/posts\/57250\/revisions"}],"predecessor-version":[{"id":57252,"href":"https:\/\/tvbrazilusa.com\/pt\/wp-json\/wp\/v2\/posts\/57250\/revisions\/57252"}],"wp:featuredmedia":[{"embeddable":true,"href":"https:\/\/tvbrazilusa.com\/pt\/wp-json\/wp\/v2\/media\/57251"}],"wp:attachment":[{"href":"https:\/\/tvbrazilusa.com\/pt\/wp-json\/wp\/v2\/media?parent=57250"}],"wp:term":[{"taxonomy":"category","embeddable":true,"href":"https:\/\/tvbrazilusa.com\/pt\/wp-json\/wp\/v2\/categories?post=57250"},{"taxonomy":"post_tag","embeddable":true,"href":"https:\/\/tvbrazilusa.com\/pt\/wp-json\/wp\/v2\/tags?post=57250"}],"curies":[{"name":"wp","href":"https:\/\/api.w.org\/{rel}","templated":true}]}}