{"id":57259,"date":"2024-11-10T17:36:28","date_gmt":"2024-11-10T17:36:28","guid":{"rendered":"https:\/\/tvbrazilusa.com\/2024\/11\/10\/estudantes-dizem-que-o-novo-ensino-medio-dificulta-a-realizacao-da-prova-do-enem-saiba-o-motivo\/"},"modified":"2024-11-10T17:36:29","modified_gmt":"2024-11-10T17:36:29","slug":"estudantes-dizem-que-o-novo-ensino-medio-dificulta-a-realizacao-da-prova-do-enem-saiba-o-motivo","status":"publish","type":"post","link":"https:\/\/tvbrazilusa.com\/pt\/2024\/11\/10\/estudantes-dizem-que-o-novo-ensino-medio-dificulta-a-realizacao-da-prova-do-enem-saiba-o-motivo\/","title":{"rendered":"Estudantes dizem que o novo ensino m\u00e9dio dificulta a realiza\u00e7\u00e3o da prova do ENEM; saiba o motivo"},"content":{"rendered":"<p> <script async src=\"https:\/\/pagead2.googlesyndication.com\/pagead\/js\/adsbygoogle.js?client=ca-pub-8864793242727901\"\r\n     crossorigin=\"anonymous\"><\/script><br \/>\n<\/p>\n<div id=\"taboola-read-more\" style=\"display:block; width:100%\">\n<p>Alunos que fazem a prova do Enem no Recife apontaram a ado\u00e7\u00e3o do novo ensino m\u00e9dio como um dos desafios para se preparar para o exame, principal porta de entrada para o ensino superior no pa\u00eds. Neste domingo (10), os candidatos respondem a quest\u00f5es de matem\u00e1tica e ci\u00eancias da natureza.\n<\/p>\n<p>Aline Guedes, de 17 anos, vai tentar uma vaga no curso de an\u00e1lise de sistemas, mas disse que as expectativas est\u00e3o baixas por causa do atual modelo do ensino m\u00e9dio.<\/p>\n<p>\u201cA prova de linguagens e de humanas tinha muita filosofia, muita sociologia, e foi justamente as mat\u00e9rias que cortaram no ensino m\u00e9dio, que a gente n\u00e3o tinha aula. A minha sorte \u00e9 que como eu estava na \u00e1rea de exatas na escola, eu tinha mais aulas de matem\u00e1tica, enquanto os outros n\u00e3o tinham\u201d, contou a jovem.\n<\/p>\n<p>A recifense Evelyn Arruda, de 17 anos, tamb\u00e9m disse ter se sentido prejudicada pelo modelo do novo ensino m\u00e9dio. \u201cFoi muito melhor dar uma desistida das trilhas (de aprendizagem) e focar mais, estudar mais para o Enem\u201d, afirmou a adolescente, que quer cursar odontologia.\n<\/p>\n<p>Evelyn, que j\u00e1 fez o Enem de forma experimental no ano passado, disse que a experi\u00eancia a tranquilizou para a prova deste ano. \u201cVai ser mais f\u00e1cil gerenciar o meu tempo, n\u00e3o perder tanto tempo em quest\u00f5es que eu n\u00e3o entendo\u201d, explicou.\n<\/p>\n<p>O sentimento \u00e9 parecido com o de Felipe Albuquerque, de 25 anos, que j\u00e1 fez o exame algumas vezes, mas tenta novamente entrar no curso de medicina de uma universidade p\u00fablica \u2014 atualmente, ele faz o primeiro per\u00edodo do curso numa faculdade particular.\n<\/p>\n<p>\u201cAcho que se a gente for fazer a prova com a cabe\u00e7a muito nervosa, muito quente, inclusive o que a gente sabe, a gente esquece na hora. Ent\u00e3o a gente tem que fazer bem, confiando no que a gente sabe\u201d, disse o rapaz, antes de entrar no pr\u00e9dio.\n<\/p>\n<p>Em Pernambuco, mais de 275 mil pessoas se inscreveram para fazer o exame em 2024.\n<\/p>\n<p><strong>O que \u00e9 o novo ensino m\u00e9dio?<\/strong>\n<\/p>\n<p>O novo modelo de ensino m\u00e9dio, que come\u00e7ou a ser implementado em 2022, aumentou a carga hor\u00e1ria de disciplinas obrigat\u00f3rias, como portugu\u00eas e matem\u00e1tica, e um reduziu o que foi considerado uma parte optativa do curr\u00edculo.\n<\/p>\n<p>Desde 2023, cada estudante passou a poder montar seu pr\u00f3prio ensino m\u00e9dio, escolhendo as \u00e1reas nas quais se aprofundar\u00e1. A inten\u00e7\u00e3o \u00e9 que os tr\u00eas anos do curr\u00edculo tenham conte\u00fados eletivos (1.200 horas focadas nos objetivos pessoais e profissionais dos alunos) mais a parte fixa (1.800 horas de ci\u00eancias da natureza, ci\u00eancias humanas, linguagens e matem\u00e1tica).\n<\/p>\n<p>O novo modelo \u00e9 obrigat\u00f3rio e deve ser seguido por todas as escolas do pa\u00eds, p\u00fablicas e privadas.\n<\/p>\n<p>A lei determina um aumento progressivo da carga hor\u00e1ria. No modelo anterior, eram, no m\u00ednimo, 800 horas-aula por ano (total de 2.400 no ensino m\u00e9dio inteiro). No novo modelo, a carga deve chegar a 3.000 horas ao final dos tr\u00eas anos.\n<\/p>\n<p>As disciplinas tradicionais passaram a ser agrupadas em \u00e1reas do conhecimento (linguagens, matem\u00e1tica, ci\u00eancias da natureza e ci\u00eancias humanas).\n<\/p>\n<p>A altera\u00e7\u00e3o tamb\u00e9m colocou a possibilidade de os alunos escolherem disciplinas optativas durante o per\u00edodo de forma\u00e7\u00e3o e deu uma flexibilidade maior para a grade curricular dos cursos t\u00e9cnicos &#8211; nos quais as disciplinas eletivas podem ocupar uma fatia maior da carga hor\u00e1ria de aulas.\n<\/p>\n<p>As mudan\u00e7as t\u00eam provocado um debate sobre as desigualdades que o novo modelo possibilita entre alunos de escolas particulares e p\u00fablicas quanto a amplitude dos assuntos estudados e sobre as diferen\u00e7as no aprendizado que podem afetar tamb\u00e9m o desempenho no ensino superior.\n<\/p>\n<\/p>\n<p>Fonte: g1              <\/p>\n<\/div>\n<p><br \/>\n<br \/><a href=\"https:\/\/diariodobrasilnoticias.com.br\/noticia\/estudantes-dizem-que-o-novo-ensino-medio-dificulta-a-realizacao-da-prova-do-enem-saiba-o-motivo-6730db7c6cdc2\">Source link <\/a><\/p>","protected":false},"excerpt":{"rendered":"<p>Alunos que fazem a prova do Enem no Recife apontaram a ado\u00e7\u00e3o do novo ensino m\u00e9dio como um dos desafios para se preparar para o exame, principal porta de entrada&hellip;<\/p>","protected":false},"author":1,"featured_media":57260,"comment_status":"closed","ping_status":"open","sticky":false,"template":"","format":"standard","meta":{"content-type":"","footnotes":""},"categories":[16],"tags":[123,2448,5313,1267],"class_list":["post-57259","post","type-post","status-publish","format-standard","has-post-thumbnail","hentry","category-noticias","tag-brasil","tag-diario","tag-noticia","tag-noticias"],"_links":{"self":[{"href":"https:\/\/tvbrazilusa.com\/pt\/wp-json\/wp\/v2\/posts\/57259","targetHints":{"allow":["GET"]}}],"collection":[{"href":"https:\/\/tvbrazilusa.com\/pt\/wp-json\/wp\/v2\/posts"}],"about":[{"href":"https:\/\/tvbrazilusa.com\/pt\/wp-json\/wp\/v2\/types\/post"}],"author":[{"embeddable":true,"href":"https:\/\/tvbrazilusa.com\/pt\/wp-json\/wp\/v2\/users\/1"}],"replies":[{"embeddable":true,"href":"https:\/\/tvbrazilusa.com\/pt\/wp-json\/wp\/v2\/comments?post=57259"}],"version-history":[{"count":1,"href":"https:\/\/tvbrazilusa.com\/pt\/wp-json\/wp\/v2\/posts\/57259\/revisions"}],"predecessor-version":[{"id":57261,"href":"https:\/\/tvbrazilusa.com\/pt\/wp-json\/wp\/v2\/posts\/57259\/revisions\/57261"}],"wp:featuredmedia":[{"embeddable":true,"href":"https:\/\/tvbrazilusa.com\/pt\/wp-json\/wp\/v2\/media\/57260"}],"wp:attachment":[{"href":"https:\/\/tvbrazilusa.com\/pt\/wp-json\/wp\/v2\/media?parent=57259"}],"wp:term":[{"taxonomy":"category","embeddable":true,"href":"https:\/\/tvbrazilusa.com\/pt\/wp-json\/wp\/v2\/categories?post=57259"},{"taxonomy":"post_tag","embeddable":true,"href":"https:\/\/tvbrazilusa.com\/pt\/wp-json\/wp\/v2\/tags?post=57259"}],"curies":[{"name":"wp","href":"https:\/\/api.w.org\/{rel}","templated":true}]}}