{"id":57318,"date":"2024-11-10T20:06:07","date_gmt":"2024-11-10T20:06:07","guid":{"rendered":"https:\/\/tvbrazilusa.com\/2024\/11\/10\/empresa-brasileira-embraer-faz-acordo-para-fornecer-avioes-para-as-forcas-armadas-da-suecia\/"},"modified":"2024-11-10T20:06:08","modified_gmt":"2024-11-10T20:06:08","slug":"empresa-brasileira-embraer-faz-acordo-para-fornecer-avioes-para-as-forcas-armadas-da-suecia","status":"publish","type":"post","link":"https:\/\/tvbrazilusa.com\/pt\/2024\/11\/10\/empresa-brasileira-embraer-faz-acordo-para-fornecer-avioes-para-as-forcas-armadas-da-suecia\/","title":{"rendered":"Empresa brasileira Embraer faz acordo para fornecer avi\u00f5es para as For\u00e7as Armadas da Su\u00e9cia"},"content":{"rendered":"<p> <script async src=\"https:\/\/pagead2.googlesyndication.com\/pagead\/js\/adsbygoogle.js?client=ca-pub-8864793242727901\"\r\n     crossorigin=\"anonymous\"><\/script><br \/>\n<\/p>\n<div id=\"taboola-read-more\" style=\"display:block; width:100%\">\n<p>A Embraer anunciou, na noite deste s\u00e1bado (9), que o C-390 Millennium foi selecionado como avi\u00e3o de transporte militar pela Su\u00e9cia. O n\u00famero de aeronaves previstas no acordo e o valor do contrato ainda n\u00e3o foram divulgados.\n<\/p>\n<p>Segundo a fabricante de aeronaves brasileira, que tem sede em S\u00e3o Jos\u00e9 dos Campos (SP), a Su\u00e9cia, pa\u00eds-membro da OTAN, escolheu a aeronave multimiss\u00e3o C-390 da Embraer para modernizar sua frota de transporte t\u00e1tico militar.<\/p>\n<p>Al\u00e9m da Su\u00e9cia, outros cinco pa\u00edses europeus j\u00e1 utilizam o cargueiro, como a \u00c1ustria, a Rep\u00fablica Tcheca, a Hungria, a Holanda e Portugal.\n<\/p>\n<p>O modelo \u00e9 operado pela For\u00e7a A\u00e9rea Brasileira desde 2019, e mais recentemente pela Defesa Portuguesa.\n<\/p>\n<p>&#8220;Desde sua entrada em servi\u00e7o com a For\u00e7a A\u00e9rea Brasileira, em 2019, e na For\u00e7a A\u00e9rea Portuguesa, em 2023, a frota em opera\u00e7\u00e3o acumulou mais de 15.000 horas de voo, disponibilidade operacional em 93% e taxas de conclus\u00e3o de miss\u00e3o acima de 99%, demonstrando produtividade excepcional na categoria&#8221;, afirmou a Embraer.\n<\/p>\n<p><strong>Como \u00e9 o cargueiro<\/strong>\n<\/p>\n<p>A aeronave C-390 \u00e9 um projeto da FAB com a Embraer para produ\u00e7\u00e3o de um avi\u00e3o de transporte militar t\u00e1tico que representa um avan\u00e7o significativo em termos de tecnologia e inova\u00e7\u00e3o para a ind\u00fastria aeron\u00e1utica brasileira.\n<\/p>\n<p>A Embraer oferece tamb\u00e9m a vers\u00e3o do cargueiro com reabastecimento em voo, como \u00e9 o caso dos modelos entregues \u00e0 For\u00e7a A\u00e9rea Brasileira. Nestes casos, as aeronaves s\u00e3o batizadas como KC-390.\n<\/p>\n<p>A aeronave foi usada, por exemplo, no resgate de brasileiros que deixaram Ucr\u00e2nia ap\u00f3s o in\u00edcio da guerra com a R\u00fassia em 2022.\n<\/p>\n<p>O cargueiro come\u00e7ou a ser desenvolvido em 2009, na unidade da Embraer em Gavi\u00e3o Peixoto (SP). Ele foi projetado para estabelecer novos padr\u00f5es em sua categoria, com menor custo operacional e flexibilidade para executar uma ampla gama de miss\u00f5es: transporte e lan\u00e7amento de cargas e tropas, reabastecimento a\u00e9reo, busca e resgate e combate a inc\u00eandios florestais, entre outras.\n<\/p>\n<p>Com turbinas a jato, o C-390 pode alcan\u00e7ar a velocidade de 850 km\/h. Uma aeronave poder\u00e1 decolar de Bras\u00edlia e chegar sem escalas a qualquer capital brasileira com 23 toneladas de carga, sua capacidade m\u00e1xima.\n<\/p>\n<p>O compartimento de carga tem 18,54 metros de comprimento, um pouco maior que uma quadra de v\u00f4lei. A largura \u00e9 de 3,45 metros e a altura \u00e9 de 2,95 metros.\n<\/p>\n<p>O espa\u00e7o \u00e9 suficiente para acomodar equipamentos de grandes dimens\u00f5es, al\u00e9m de blindados, pe\u00e7as de artilharia, armamentos e at\u00e9 aeronaves semi-desmontadas.\n<\/p>\n<p>Tamb\u00e9m poder\u00e3o ser levados 80 soldados em uma configura\u00e7\u00e3o de transporte de tropa, 64 paraquedistas, 74 macas mais uma equipe m\u00e9dica ou ainda cont\u00eaineres, carros blindados e outros equipamentos.\n<\/p>\n<p>Fonte: g1<\/p>\n<\/div>\n<p><br \/>\n<br \/><a href=\"https:\/\/diariodobrasilnoticias.com.br\/noticia\/empresa-brasileira-embraer-faz-acordo-para-fornecer-avioes-para-as-forcas-armadas-da-suecia-6730d4c4f0b35\">Source link <\/a><\/p>","protected":false},"excerpt":{"rendered":"<p>A Embraer anunciou, na noite deste s\u00e1bado (9), que o C-390 Millennium foi selecionado como avi\u00e3o de transporte militar pela Su\u00e9cia. O n\u00famero de aeronaves previstas no acordo e o&hellip;<\/p>","protected":false},"author":1,"featured_media":57319,"comment_status":"closed","ping_status":"open","sticky":false,"template":"","format":"standard","meta":{"content-type":"","footnotes":""},"categories":[16],"tags":[123,2448,5313,1267],"class_list":["post-57318","post","type-post","status-publish","format-standard","has-post-thumbnail","hentry","category-noticias","tag-brasil","tag-diario","tag-noticia","tag-noticias"],"_links":{"self":[{"href":"https:\/\/tvbrazilusa.com\/pt\/wp-json\/wp\/v2\/posts\/57318","targetHints":{"allow":["GET"]}}],"collection":[{"href":"https:\/\/tvbrazilusa.com\/pt\/wp-json\/wp\/v2\/posts"}],"about":[{"href":"https:\/\/tvbrazilusa.com\/pt\/wp-json\/wp\/v2\/types\/post"}],"author":[{"embeddable":true,"href":"https:\/\/tvbrazilusa.com\/pt\/wp-json\/wp\/v2\/users\/1"}],"replies":[{"embeddable":true,"href":"https:\/\/tvbrazilusa.com\/pt\/wp-json\/wp\/v2\/comments?post=57318"}],"version-history":[{"count":1,"href":"https:\/\/tvbrazilusa.com\/pt\/wp-json\/wp\/v2\/posts\/57318\/revisions"}],"predecessor-version":[{"id":57320,"href":"https:\/\/tvbrazilusa.com\/pt\/wp-json\/wp\/v2\/posts\/57318\/revisions\/57320"}],"wp:featuredmedia":[{"embeddable":true,"href":"https:\/\/tvbrazilusa.com\/pt\/wp-json\/wp\/v2\/media\/57319"}],"wp:attachment":[{"href":"https:\/\/tvbrazilusa.com\/pt\/wp-json\/wp\/v2\/media?parent=57318"}],"wp:term":[{"taxonomy":"category","embeddable":true,"href":"https:\/\/tvbrazilusa.com\/pt\/wp-json\/wp\/v2\/categories?post=57318"},{"taxonomy":"post_tag","embeddable":true,"href":"https:\/\/tvbrazilusa.com\/pt\/wp-json\/wp\/v2\/tags?post=57318"}],"curies":[{"name":"wp","href":"https:\/\/api.w.org\/{rel}","templated":true}]}}