{"id":57333,"date":"2024-11-10T21:01:54","date_gmt":"2024-11-10T21:01:54","guid":{"rendered":"https:\/\/tvbrazilusa.com\/2024\/11\/10\/grupo-terrorista-taliba-participara-de-conferencia-climatica-da-onu-pela-primeira-vez\/"},"modified":"2024-11-10T21:01:55","modified_gmt":"2024-11-10T21:01:55","slug":"grupo-terrorista-taliba-participara-de-conferencia-climatica-da-onu-pela-primeira-vez","status":"publish","type":"post","link":"https:\/\/tvbrazilusa.com\/pt\/2024\/11\/10\/grupo-terrorista-taliba-participara-de-conferencia-climatica-da-onu-pela-primeira-vez\/","title":{"rendered":"Grupo terrorista Talib\u00e3 participar\u00e1 de confer\u00eancia clim\u00e1tica da ONU pela primeira vez"},"content":{"rendered":"<p> <script async src=\"https:\/\/pagead2.googlesyndication.com\/pagead\/js\/adsbygoogle.js?client=ca-pub-8864793242727901\"\r\n     crossorigin=\"anonymous\"><\/script><br \/>\n<\/p>\n<div id=\"taboola-read-more\" style=\"display:block; width:100%\">\n<p>O\u00a0grupo terrorista Talib\u00e3 participar\u00e1 de uma confer\u00eancia clim\u00e1tica da ONU pela primeira vez desde que assumiu o controle do Afeganist\u00e3o, em 2021, informou a ag\u00eancia nacional de meio ambiente afeg\u00e3 neste domingo (10). A COP-29, Confer\u00eancia das Na\u00e7\u00f5es Unidas sobre as Mudan\u00e7as Clim\u00e1ticas de 2024, come\u00e7a nesta segunda-feira (11) e ser\u00e1 sediada no Azerbaij\u00e3o. Os terroristas do Talib\u00e3 anunciaram que v\u00e3o ao evento mesmo n\u00e3o tendo reconhecimento oficial como governo leg\u00edtimo do Afeganist\u00e3o por nenhum pa\u00eds do mundo.\n<\/p>\n<p>R7\u00a0<\/p>\n<\/p><\/div>\n<p><br \/>\n<br \/><a href=\"https:\/\/diariodobrasilnoticias.com.br\/noticia\/grupo-terrorista-taliba-participara-de-conferencia-climatica-da-onu-pela-primeira-vez-673117b950d6d\">Source link <\/a><\/p>","protected":false},"excerpt":{"rendered":"<p>O\u00a0grupo terrorista Talib\u00e3 participar\u00e1 de uma confer\u00eancia clim\u00e1tica da ONU pela primeira vez desde que assumiu o controle do Afeganist\u00e3o, em 2021, informou a ag\u00eancia nacional de meio ambiente afeg\u00e3&hellip;<\/p>","protected":false},"author":1,"featured_media":57334,"comment_status":"closed","ping_status":"open","sticky":false,"template":"","format":"standard","meta":{"content-type":"","footnotes":""},"categories":[16],"tags":[123,2448,5313,1267],"class_list":["post-57333","post","type-post","status-publish","format-standard","has-post-thumbnail","hentry","category-noticias","tag-brasil","tag-diario","tag-noticia","tag-noticias"],"_links":{"self":[{"href":"https:\/\/tvbrazilusa.com\/pt\/wp-json\/wp\/v2\/posts\/57333","targetHints":{"allow":["GET"]}}],"collection":[{"href":"https:\/\/tvbrazilusa.com\/pt\/wp-json\/wp\/v2\/posts"}],"about":[{"href":"https:\/\/tvbrazilusa.com\/pt\/wp-json\/wp\/v2\/types\/post"}],"author":[{"embeddable":true,"href":"https:\/\/tvbrazilusa.com\/pt\/wp-json\/wp\/v2\/users\/1"}],"replies":[{"embeddable":true,"href":"https:\/\/tvbrazilusa.com\/pt\/wp-json\/wp\/v2\/comments?post=57333"}],"version-history":[{"count":1,"href":"https:\/\/tvbrazilusa.com\/pt\/wp-json\/wp\/v2\/posts\/57333\/revisions"}],"predecessor-version":[{"id":57335,"href":"https:\/\/tvbrazilusa.com\/pt\/wp-json\/wp\/v2\/posts\/57333\/revisions\/57335"}],"wp:featuredmedia":[{"embeddable":true,"href":"https:\/\/tvbrazilusa.com\/pt\/wp-json\/wp\/v2\/media\/57334"}],"wp:attachment":[{"href":"https:\/\/tvbrazilusa.com\/pt\/wp-json\/wp\/v2\/media?parent=57333"}],"wp:term":[{"taxonomy":"category","embeddable":true,"href":"https:\/\/tvbrazilusa.com\/pt\/wp-json\/wp\/v2\/categories?post=57333"},{"taxonomy":"post_tag","embeddable":true,"href":"https:\/\/tvbrazilusa.com\/pt\/wp-json\/wp\/v2\/tags?post=57333"}],"curies":[{"name":"wp","href":"https:\/\/api.w.org\/{rel}","templated":true}]}}