{"id":57354,"date":"2024-11-10T04:32:42","date_gmt":"2024-11-10T04:32:42","guid":{"rendered":"https:\/\/tvbrazilusa.com\/2024\/11\/10\/funcionario-da-fema-disse-aos-trabalhadores-humanitarios-para-evitarem-casas-pro-trump-na-florida\/"},"modified":"2024-11-10T21:50:36","modified_gmt":"2024-11-10T21:50:36","slug":"funcionario-da-fema-disse-aos-trabalhadores-humanitarios-para-evitarem-casas-pro-trump-na-florida","status":"publish","type":"post","link":"https:\/\/tvbrazilusa.com\/pt\/2024\/11\/10\/funcionario-da-fema-disse-aos-trabalhadores-humanitarios-para-evitarem-casas-pro-trump-na-florida\/","title":{"rendered":"Funcion\u00e1rio da FEMA disse aos trabalhadores humanit\u00e1rios para evitarem casas pr\u00f3-Trump na Fl\u00f3rida"},"content":{"rendered":"<p> <script async src=\"https:\/\/pagead2.googlesyndication.com\/pagead\/js\/adsbygoogle.js?client=ca-pub-8864793242727901\"\r\n     crossorigin=\"anonymous\"><\/script><br \/>\n<\/p>\n<div>\n<p>FL\u00d3RIDA \u2013 Um supervisor da FEMA foi demitido por dizer aos trabalhadores humanit\u00e1rios que evitassem as casas na Fl\u00f3rida com cartazes pr\u00f3-Trump ap\u00f3s o furac\u00e3o Milton, de acordo com v\u00e1rios relat\u00f3rios. <\/p>\n<\/div>\n<div>\n<p>A administradora da FEMA, Deanne Criswell, confirmou a demiss\u00e3o do funcion\u00e1rio em um comunicado <a href=\"https:\/\/twitter.com\/FEMA_Deanne\/status\/1855322112719741197\" target=\"_blank\" rel=\"nofollow noopener\">postado em X<\/a>antigo Twitter<\/p>\n<p>\u201cRecentemente, uma funcion\u00e1ria da FEMA desviou-se dos valores (da ag\u00eancia) para aconselhar a sua equipa de assist\u00eancia aos sobreviventes a n\u00e3o ir a casas com sinais de quintal apoiando o presidente eleito Trump. Isto \u00e9 uma clara viola\u00e7\u00e3o dos valores (e) princ\u00edpios fundamentais da FEMA para ajudar as pessoas, independentemente da sua filia\u00e7\u00e3o pol\u00edtica\u201d, escreveu Criswell. <\/p>\n<\/div>\n<div>\n<p>O funcion\u00e1rio disse aos trabalhadores que examinavam a \u00e1rea de Lake Placid para \u201cevitar casas que anunciassem Trump\u201d, disse um funcion\u00e1rio da FEMA <a href=\"https:\/\/www.foxnews.com\/us\/fema-official-removed-from-role-directing-hurricane-relief-away-from-trump-supporters-homes\" target=\"_blank\" rel=\"nofollow noopener\">disse \u00e0 Fox News<\/a>. <\/p>\n<p>\u201cIsso foi repreens\u00edvel. Quero deixar claro para todos os meus funcion\u00e1rios e para o povo americano que este tipo de comportamento e a\u00e7\u00e3o n\u00e3o ser\u00e1 tolerado na FEMA e responsabilizaremos as pessoas se violarem esses padr\u00f5es de conduta\u201d, escreveu Criswell. <\/p>\n<\/div>\n<div>\n<p>A quest\u00e3o foi encaminhada ao Gabinete do Conselho Especial para investiga\u00e7\u00e3o, acrescentou ela.<\/p>\n<p>O governador Ron DeSantis tamb\u00e9m falou sobre o assunto. <\/p>\n<\/div>\n<div>\n<p>\u201cA flagrante armamento do governo por ativistas partid\u00e1rios da burocracia federal \u00e9 mais uma raz\u00e3o pela qual a administra\u00e7\u00e3o Biden-Harris est\u00e1 em seus \u00faltimos dias\u201d, <a href=\"https:\/\/x.com\/GovRonDeSantis\/status\/1855030970140770445\" target=\"_blank\" rel=\"nofollow noopener\">ele postou no X<\/a>. \u201cSob minha orienta\u00e7\u00e3o, a Divis\u00e3o de Gest\u00e3o de Emerg\u00eancias est\u00e1 lan\u00e7ando uma investiga\u00e7\u00e3o sobre a discrimina\u00e7\u00e3o direcionada do governo federal aos moradores da Fl\u00f3rida que apoiam Donald Trump.\u201d<\/p>\n<\/div>\n<p><script async src=\"\/\/platform.twitter.com\/widgets.js\" charset=\"utf-8\"><\/script><br \/>\n<br \/><br \/>\n<br \/><a href=\"http:\/\/patch.com\/florida\/southtampa\/fema-employee-told-relief-workers-avoid-pro-trump-homes-fl?utm_source=article-mostrecent&#038;utm_medium=rss&#038;utm_term=community%20corner&#038;utm_campaign=recirc&#038;utm_content=aol\">Source link <\/a><\/p>","protected":false},"excerpt":{"rendered":"<p>FL\u00d3RIDA \u2013 Um supervisor da FEMA foi demitido por dizer aos trabalhadores humanit\u00e1rios que evitassem as casas na Fl\u00f3rida com cartazes pr\u00f3-Trump ap\u00f3s o furac\u00e3o Milton, de acordo com v\u00e1rios&hellip;<\/p>","protected":false},"author":1,"featured_media":57355,"comment_status":"closed","ping_status":"open","sticky":false,"template":"","format":"standard","meta":{"content-type":"","footnotes":""},"categories":[1],"tags":[],"class_list":["post-57354","post","type-post","status-publish","format-standard","has-post-thumbnail","hentry","category-uncategorized"],"_links":{"self":[{"href":"https:\/\/tvbrazilusa.com\/pt\/wp-json\/wp\/v2\/posts\/57354","targetHints":{"allow":["GET"]}}],"collection":[{"href":"https:\/\/tvbrazilusa.com\/pt\/wp-json\/wp\/v2\/posts"}],"about":[{"href":"https:\/\/tvbrazilusa.com\/pt\/wp-json\/wp\/v2\/types\/post"}],"author":[{"embeddable":true,"href":"https:\/\/tvbrazilusa.com\/pt\/wp-json\/wp\/v2\/users\/1"}],"replies":[{"embeddable":true,"href":"https:\/\/tvbrazilusa.com\/pt\/wp-json\/wp\/v2\/comments?post=57354"}],"version-history":[{"count":1,"href":"https:\/\/tvbrazilusa.com\/pt\/wp-json\/wp\/v2\/posts\/57354\/revisions"}],"predecessor-version":[{"id":57356,"href":"https:\/\/tvbrazilusa.com\/pt\/wp-json\/wp\/v2\/posts\/57354\/revisions\/57356"}],"wp:featuredmedia":[{"embeddable":true,"href":"https:\/\/tvbrazilusa.com\/pt\/wp-json\/wp\/v2\/media\/57355"}],"wp:attachment":[{"href":"https:\/\/tvbrazilusa.com\/pt\/wp-json\/wp\/v2\/media?parent=57354"}],"wp:term":[{"taxonomy":"category","embeddable":true,"href":"https:\/\/tvbrazilusa.com\/pt\/wp-json\/wp\/v2\/categories?post=57354"},{"taxonomy":"post_tag","embeddable":true,"href":"https:\/\/tvbrazilusa.com\/pt\/wp-json\/wp\/v2\/tags?post=57354"}],"curies":[{"name":"wp","href":"https:\/\/api.w.org\/{rel}","templated":true}]}}