{"id":57380,"date":"2024-11-07T19:58:14","date_gmt":"2024-11-07T19:58:14","guid":{"rendered":"https:\/\/tvbrazilusa.com\/2024\/11\/07\/o-dia-dos-veteranos-e-o-memorial-day-nao-sao-iguais-5-coisas-a-saber\/"},"modified":"2024-11-10T22:18:40","modified_gmt":"2024-11-10T22:18:40","slug":"o-dia-dos-veteranos-e-o-memorial-day-nao-sao-iguais-5-coisas-a-saber","status":"publish","type":"post","link":"https:\/\/tvbrazilusa.com\/pt\/2024\/11\/07\/o-dia-dos-veteranos-e-o-memorial-day-nao-sao-iguais-5-coisas-a-saber\/","title":{"rendered":"O Dia dos Veteranos e o Memorial Day n\u00e3o s\u00e3o iguais: 5 coisas a saber"},"content":{"rendered":"<p> <script async src=\"https:\/\/pagead2.googlesyndication.com\/pagead\/js\/adsbygoogle.js?client=ca-pub-8864793242727901\"\r\n     crossorigin=\"anonymous\"><\/script><br \/>\n<\/p>\n<div id=\"\">\n<div class=\"styles_HTMLContent__LDG2k\">\n<p>Segunda-feira \u00e9 <a href=\"https:\/\/www.va.gov\/opa\/publications\/celebrate\/vetday.pdf\" rel=\"nofollow noopener\" target=\"_blank\">Dia dos Veteranos<\/a>sempre comemorado em 11 de novembro, no anivers\u00e1rio da assinatura do armist\u00edcio que encerrou a Primeira Guerra Mundial, \u00e0s 11h do 11\u00ba dia do 11\u00ba m\u00eas de 1918. Feriado federal, homenageia qualquer membro que serviu nas for\u00e7as armadas dos EUA, vivendo ou morto.<\/p>\n<\/div>\n<div class=\"styles_HTMLContent__LDG2k\">\n<p>Embora originalmente chamado de Dia do Armist\u00edcio em defer\u00eancia ao tratado, a comemora\u00e7\u00e3o foi alterada para Dia dos Veteranos em 1954 para incluir veteranos que serviram na Segunda Guerra Mundial e na Guerra da Cor\u00e9ia. <\/p>\n<p>No entanto, a primeira celebra\u00e7\u00e3o usando o termo Dia dos Veteranos foi realizada em Birmingham, Alabama, em 1947. Raymond Weeks, um veterano da Segunda Guerra Mundial, organizou um desfile do \u201cDia Nacional dos Veteranos\u201d e outras festividades para homenagear os veteranos, independentemente da guerra ou conflito. durante seu servi\u00e7o. <\/p>\n<\/div>\n<div class=\"ContentBlocks_CardDetail__SubscribeBlock__4zBcQ ContentBlocks_CardDetail__SubscribeBlock--mobile__18tT_\">\n<section class=\"styles_SubscribeForm__0dj5n\">\n<h2 class=\"styles_SubscribeForm__title__F_olP\">Descubra o que est\u00e1 acontecendo em toda a Am\u00e9rica<span class=\"styles_SubscribeForm__title--nextLine__FTO3K\">com atualiza\u00e7\u00f5es gratuitas e em tempo real do Patch.<\/span><\/h2>\n<\/section>\n<\/div>\n<div class=\"styles_HTMLContent__LDG2k\">\n<p>Cerca de 15,8 milh\u00f5es de pessoas, ou 6,1% da popula\u00e7\u00e3o civil, s\u00e3o veteranos das for\u00e7as armadas, de acordo com um estudo<a href=\"https:\/\/www.census.gov\/newsroom\/facts-for-features\/2024\/veterans-day.html\" rel=\"nofollow noopener\" target=\"_blank\"> Relat\u00f3rio do Censo<\/a>. Dentro da popula\u00e7\u00e3o veterana, 0,6 por cento serviram na Segunda Guerra Mundial, 3,5 por cento na Guerra da Cor\u00e9ia, 33 por cento durante a Guerra do Vietn\u00e3, 24,8 por cento durante a Guerra do Golfo P\u00e9rsico e 28,0 por cento durante o per\u00edodo p\u00f3s-11 de setembro de 2001 a o presente.<\/p>\n<p>O relat\u00f3rio, baseado em dados de 2023, tamb\u00e9m mostra que 1,7 milh\u00f5es de mulheres (10,9 por cento da popula\u00e7\u00e3o total de veteranos) serviram nas for\u00e7as armadas. Al\u00e9m disso, 12,6% dos veteranos s\u00e3o negros ou afro-americanos e 8,6% dos veteranos s\u00e3o hisp\u00e2nicos ou latinos.<\/p>\n<\/div>\n<div class=\"ContentBlocks_CardDetail__SubscribeBlock__4zBcQ ContentBlocks_CardDetail__SubscribeBlock--desktop__oN6vv\">\n<section class=\"styles_SubscribeForm__0dj5n\">\n<h2 class=\"styles_SubscribeForm__title__F_olP\">Descubra o que est\u00e1 acontecendo em toda a Am\u00e9rica<span class=\"styles_SubscribeForm__title--nextLine__FTO3K\">com atualiza\u00e7\u00f5es gratuitas e em tempo real do Patch.<\/span><\/h2>\n<\/section>\n<\/div>\n<div class=\"styles_HTMLContent__LDG2k\">\n<p>Um relat\u00f3rio separado do Museu Nacional da Segunda Guerra Mundial em Nova Orleans estima que apenas 66.143 dos 16,4 milh\u00f5es <a href=\"https:\/\/www.nationalww2museum.org\/war\/wwii-veteran-statistics#:~:text=They%20are%20dying%20quickly%E2%80%94according,II%20are%20alive%20in%202022.\" rel=\"nofollow noopener\" target=\"_blank\">Americanos que serviram na Segunda Guerra Mundial<\/a> ainda viviam no in\u00edcio de 2024.<\/p>\n<p>Aqui est\u00e3o 5 coisas que voc\u00ea talvez n\u00e3o saiba sobre o Dia dos Veteranos:<\/p>\n<\/div>\n<div class=\"styles_HTMLContent__LDG2k\">\n<h3>N\u00e3o \u00e9 o Memorial Day<\/h3>\n<p>O Memorial Day em maio \u00e9 um dia para refletir sobre os militares que deram suas vidas a servi\u00e7o de seu pa\u00eds, especialmente em batalha ou devido a ferimentos associados \u00e0 batalha. <\/p>\n<p>O Dia dos Veteranos, por outro lado, homenageia aqueles que serviram o pa\u00eds na guerra ou na paz &#8211; vivos ou mortos &#8211; embora tenha como objetivo principal reconhecer os veteranos vivos pelos seus sacrif\u00edcios.<\/p>\n<\/div>\n<div class=\"styles_HTMLContent__LDG2k\">\n<p>Dos dois, o Memorial Day \u00e9 considerado o feriado muito mais significativo porque homenageia aqueles t\u00e3o devotados \u00e0s ideias da Am\u00e9rica e ao servi\u00e7o que estavam dispostos a sacrificar as suas vidas.<\/p>\n<h3>Como \u00e9 comemorado o Dia dos Veteranos?<\/h3>\n<p>Al\u00e9m da comemora\u00e7\u00e3o nacional do Dia dos Veteranos, realizada precisamente \u00e0s 11h11, todo dia 11 de novembro, na Tumba dos Soldados Desconhecidos no Cemit\u00e9rio Nacional de Arlington, homenagens semelhantes aprovadas pelo VA s\u00e3o realizadas em todo o pa\u00eds. Este ano, 56 comunidades em 29 estados e no Distrito de Columbia sediar\u00e3o cerim\u00f4nias oficiais reconhecidas pelo VA. <a href=\"https:\/\/news.va.gov\/135596\/veterans-day-national-committee-selects-regional-sites-for-2024\/\" rel=\"nofollow noopener\" target=\"_blank\">Encontre um evento regional do Dia dos Veteranos<\/a>.<\/p>\n<p>Comunidades em todo o pa\u00eds incluem eventos locais aprovados pela VA. <a href=\"https:\/\/news.va.gov\/136071\/find-your-veterans-day-events-2024\/\" rel=\"nofollow noopener\" target=\"_blank\">Encontre um evento local do Dia dos Veteranos<\/a>. Os eventos incluem servi\u00e7os em cemit\u00e9rios de veteranos nacionais e estaduais, desfiles e festivais.<\/p>\n<p>Como o Dia dos Veteranos \u00e9 um feriado federal, muitos escrit\u00f3rios governamentais estar\u00e3o fechados, assim como os bancos e os Correios.<\/p>\n<h3>Os veterin\u00e1rios podem n\u00e3o querer ser agradecidos<\/h3>\n<p>Com todas as boas inten\u00e7\u00f5es, as pessoas muitas vezes <a href=\"https:\/\/www.military.com\/spousebuzz\/2017\/11\/3-things-veterans-want-know-veterans-day.html\" rel=\"nofollow noopener\" target=\"_blank\">agradecer aos veteranos por seu servi\u00e7o<\/a>.<\/p>\n<\/div>\n<div class=\"styles_HTMLContent__LDG2k\">\n<p>\u201cIsso pode surpreend\u00ea-lo, mas n\u00e3o me sinto confort\u00e1vel em dizer &#8216;obrigado&#8217; por seu servi\u00e7o\u201d, disse o tenente aposentado Robert Yates, comandante de helic\u00f3ptero e piloto de busca e resgate. <a href=\"https:\/\/www.military.com\/\" rel=\"nofollow noopener\" target=\"_blank\">Militar.com<\/a>um site de not\u00edcias e recursos para veteranos, militares e suas fam\u00edlias.<\/p>\n<p>\u201cA maioria de n\u00f3s estava apenas fazendo o que tinha que fazer\u201d, disse ele. \u201cN\u00e3o foi uma miss\u00e3o nobre; foi simplesmente fazer um trabalho que se esperava de n\u00f3s.\u201d<\/p>\n<p>Yates disse que sua escolha de servir nas for\u00e7as armadas n\u00e3o o tornou \u201cmais ou menos merecedor de gratid\u00e3o do que qualquer outro cargo de servi\u00e7o\u201d.<\/p>\n<p>A melhor abordagem \u00e9 sentar e conversar com um veterano. Mas \u201cleia a sala\u201d antes de iniciar uma conversa, aconselhou Military.com, porque muitos veteranos reviver\u00e3o alguns dos dias mais dif\u00edceis de suas vidas no Dia dos Veteranos.<\/p>\n<p>Al\u00e9m disso, n\u00e3o pergunte aos veteranos em quantas mortes ou batalhas eles participaram, de acordo com a Legi\u00e3o Americana, que tamb\u00e9m observa que <a href=\"https:\/\/www.usatoday.com\/story\/news\/nation\/2021\/11\/10\/happy-veterans-day-veterans-explain-what-not-say-veterans-day\/6367768001\/\" rel=\"nofollow noopener\" target=\"_blank\">O Dia dos Veteranos \u00e9 para todos os veteranos<\/a>n\u00e3o apenas para aqueles que serviram em combate. <\/p>\n<\/div>\n<div class=\"styles_HTMLContent__LDG2k\">\n<h3>Veterin\u00e1rios esquecidos definham em uma prateleira<\/h3>\n<p>A VA estima que o <a href=\"https:\/\/news.va.gov\/126762\/burial-and-honor-for-unclaimed-veterans\/#:~:text=VA%20collaborated%20with%20the%20National,state%20and%20tribal%20Veterans%20cemeteries.\" rel=\"nofollow noopener\" target=\"_blank\">cremains de entre 11.500 e 52.600 veteranos<\/a>alguns que serviram ao seu pa\u00eds desde a Guerra Civil, n\u00e3o s\u00e3o reclamados em casas funer\u00e1rias e necrot\u00e9rios em todo o pa\u00eds. <\/p>\n<p>Existem v\u00e1rios motivos pelos quais os restos mortais de um veterano podem permanecer em uma prateleira aguardando o enterro, de acordo com o <a href=\"https:\/\/www.miap.us\/\" rel=\"nofollow noopener\" target=\"_blank\">Projeto Desaparecido na Am\u00e9rica<\/a>que proporcionou milhares de enterros dignos para veteranos esquecidos desde 2006. Suas fam\u00edlias podem n\u00e3o ter condi\u00e7\u00f5es de pagar pelo enterro, ou podem ter sido um dos mais de <a href=\"https:\/\/www.va.gov\/homeless\/pit_count.asp#:~:text=The%20total%20number%20of%20Veterans,programs%20or%20other%20supportive%20settings.\" rel=\"nofollow noopener\" target=\"_blank\">35.500 veteranos desabrigados<\/a>.<\/p>\n<p>O Projeto Desaparecido na Am\u00e9rica visa localizar, identificar e entreter restos n\u00e3o reclamados de veteranos por meio de esfor\u00e7os conjuntos de organiza\u00e7\u00f5es privadas, estaduais e federais. O primeiro servi\u00e7o desse tipo foi realizado em 2006, quando os restos mortais de 21 veteranos foram enterrados com todas as honras militares no Cemit\u00e9rio de Veteranos do Estado de Idaho. Desde ent\u00e3o, servi\u00e7os militares semelhantes foram realizados em todos os estados.<\/p>\n<p>Este ano, em um culto p\u00f3s-Dia dos Veteranos, em 20 de novembro, o <a href=\"https:\/\/www.miap.us\/uploads\/10-25-2024-15-42-34_event_file_246.pdf\" rel=\"nofollow noopener\" target=\"_blank\">restos mortais de 19 veteranos n\u00e3o reclamados<\/a> e duas esposas de veteranos ser\u00e3o enterradas no Cemit\u00e9rio Memorial Nacional do Arizona, localizado em 23029 N. Cave Creek Road, em Phoenix.<\/p>\n<p>\u201cEste projeto est\u00e1 apenas come\u00e7ando. Precisamos cobrir todos os necrot\u00e9rios e cemit\u00e9rios dos Estados Unidos e inform\u00e1-los que h\u00e1 pessoas que desejam reivindicar nossos veteranos\u201d, disse o grupo em seu site. \u201cEstes veteranos esquecidos serviram o nosso pa\u00eds e, como tal, merecem ser enterrados com honra e respeito.\u201d<\/p>\n<\/div>\n<div class=\"styles_HTMLContent__LDG2k\">\n<h3>Como falar com as crian\u00e7as sobre o Dia dos Veteranos<\/h3>\n<p>O autor best-seller do New York Times, Marcus Brotherton, autor de \u201cA Bright and Blinding Sun: A World War II Story of Survival, Love and Redemption\u201d, escreveu em um ensaio na Fox News que o Dia dos Veteranos \u00e9 uma plataforma para <a href=\"https:\/\/www.foxnews.com\/opinion\/top-5-lessons-convey-children-about-war\" rel=\"nofollow noopener\" target=\"_blank\">converse com as crian\u00e7as sobre a guerra<\/a>.<\/p>\n<p>Algumas li\u00e7\u00f5es que ele transmitiria:<\/p>\n<ul>\n<li>Seja um pacificador. Quando surgirem conflitos, pense em como resolver as diferen\u00e7as de forma pac\u00edfica, \u00e0 semelhan\u00e7a da forma como os pa\u00edses utilizam san\u00e7\u00f5es e embargos. <\/li>\n<li>Repita as palavras do Presidente Franklin D. Roosevelt, que disse no seu discurso ao Congresso sobre o \u201cDia da Inf\u00e2mia\u201d de 1941 que \u201cexistem hostilidades\u201d. O mesmo \u00e9 verdade hoje, embora as hostilidades existam em diferentes formas. \u201cLamentavelmente\u201d, escreveu Brotherton, \u201cquando crian\u00e7as, voc\u00eas precisam saber que nem todos no mundo amam voc\u00eas ou seu pa\u00eds\u201d. <\/li>\n<li>Diga \u00e0s crian\u00e7as que um dia poder\u00e3o ter que lutar pelo seu pa\u00eds. \u201cPense desta forma: duas crian\u00e7as est\u00e3o brigando no parquinho e voc\u00ea sabe que \u00e9 melhor ficar fora disso\u201d, escreveu Brotherton. \u201cMas e se uma crian\u00e7a for intimidada por uma crian\u00e7a m\u00e1? Voc\u00ea gostaria de deter o agressor, sozinho ou chamando um professor para intervir.\u201d <\/li>\n<li>A guerra, apesar das imagens triunfantes dos soldados voltando para casa, \u00e9 sempre horr\u00edvel. \u201cQuando jovens soldados v\u00e3o para a guerra, n\u00e3o \u00e9 como se fossem jogadores de futebol correndo para o campo para o grande jogo\u201d, escreveu ele. \u201cA guerra n\u00e3o \u00e9 uma reuni\u00e3o de incentivo. A guerra \u00e9 um inferno cruel. Deve ser evitado sempre que poss\u00edvel porque \u00e9 sempre altamente destrutivo.\u201d <\/li>\n<\/ul>\n<h3>Outros pa\u00edses tamb\u00e9m observam isso<\/h3>\n<p>A Primeira Guerra Mundial foi um esfor\u00e7o multinacional, e os aliados dos EUA observam as suas pr\u00f3prias tradi\u00e7\u00f5es no dia 11 de Novembro. <\/p>\n<p>No Canad\u00e1 e na Austr\u00e1lia, a comemora\u00e7\u00e3o \u00e9 conhecida como \u201cDia da Mem\u00f3ria\u201d. Uma grande diferen\u00e7a no Canad\u00e1 \u00e9 que as pessoas usam flores de papoula, uma tradi\u00e7\u00e3o associada nos Estados Unidos ao Memorial Day. Na Austr\u00e1lia, a observ\u00e2ncia \u00e9 semelhante \u00e0 observ\u00e2ncia do Memorial Day nos EUA.<\/p>\n<p>A comemora\u00e7\u00e3o tamb\u00e9m \u00e9 o Dia da Mem\u00f3ria na Gr\u00e3-Bretanha, mas \u00e9 comemorada no domingo mais pr\u00f3ximo de 11 de novembro, com desfiles, servi\u00e7os religiosos e dois minutos de sil\u00eancio em Londres para homenagear aqueles que perderam a vida na guerra.<\/p>\n<\/div>\n<hr\/>\n<p>Receba mais not\u00edcias locais diretamente em sua caixa de entrada.<!-- --> <a target=\"_blank\" href=\"http:\/\/patch.com\/subscribe\" class=\"\" rel=\"noopener\">Inscreva-se para receber boletins informativos e alertas gratuitos sobre Patch.<\/a><\/div>\n<p><br \/>\n<br \/><a href=\"http:\/\/patch.com\/us\/across-america\/veterans-day-memorial-day-are-not-same-5-things-know?utm_source=article-mostrecent&#038;utm_medium=rss&#038;utm_term=seasonal%20%26%20holidays&#038;utm_campaign=recirc&#038;utm_content=aol\">Source link <\/a><\/p>","protected":false},"excerpt":{"rendered":"<p>Segunda-feira \u00e9 Dia dos Veteranossempre comemorado em 11 de novembro, no anivers\u00e1rio da assinatura do armist\u00edcio que encerrou a Primeira Guerra Mundial, \u00e0s 11h do 11\u00ba dia do 11\u00ba m\u00eas&hellip;<\/p>","protected":false},"author":1,"featured_media":57381,"comment_status":"closed","ping_status":"open","sticky":false,"template":"","format":"standard","meta":{"content-type":"","footnotes":""},"categories":[1],"tags":[],"class_list":["post-57380","post","type-post","status-publish","format-standard","has-post-thumbnail","hentry","category-uncategorized"],"_links":{"self":[{"href":"https:\/\/tvbrazilusa.com\/pt\/wp-json\/wp\/v2\/posts\/57380","targetHints":{"allow":["GET"]}}],"collection":[{"href":"https:\/\/tvbrazilusa.com\/pt\/wp-json\/wp\/v2\/posts"}],"about":[{"href":"https:\/\/tvbrazilusa.com\/pt\/wp-json\/wp\/v2\/types\/post"}],"author":[{"embeddable":true,"href":"https:\/\/tvbrazilusa.com\/pt\/wp-json\/wp\/v2\/users\/1"}],"replies":[{"embeddable":true,"href":"https:\/\/tvbrazilusa.com\/pt\/wp-json\/wp\/v2\/comments?post=57380"}],"version-history":[{"count":1,"href":"https:\/\/tvbrazilusa.com\/pt\/wp-json\/wp\/v2\/posts\/57380\/revisions"}],"predecessor-version":[{"id":57382,"href":"https:\/\/tvbrazilusa.com\/pt\/wp-json\/wp\/v2\/posts\/57380\/revisions\/57382"}],"wp:featuredmedia":[{"embeddable":true,"href":"https:\/\/tvbrazilusa.com\/pt\/wp-json\/wp\/v2\/media\/57381"}],"wp:attachment":[{"href":"https:\/\/tvbrazilusa.com\/pt\/wp-json\/wp\/v2\/media?parent=57380"}],"wp:term":[{"taxonomy":"category","embeddable":true,"href":"https:\/\/tvbrazilusa.com\/pt\/wp-json\/wp\/v2\/categories?post=57380"},{"taxonomy":"post_tag","embeddable":true,"href":"https:\/\/tvbrazilusa.com\/pt\/wp-json\/wp\/v2\/tags?post=57380"}],"curies":[{"name":"wp","href":"https:\/\/api.w.org\/{rel}","templated":true}]}}