{"id":5742,"date":"2024-07-22T20:01:12","date_gmt":"2024-07-22T20:01:12","guid":{"rendered":"https:\/\/tvbrazilusa.com\/2024\/07\/22\/conselho-federal-de-medicina-solicita-a-anvisa-a-liberacao-do-uso-de-fenol\/"},"modified":"2024-07-22T20:02:04","modified_gmt":"2024-07-22T20:02:04","slug":"conselho-federal-de-medicina-solicita-a-anvisa-a-liberacao-do-uso-de-fenol","status":"publish","type":"post","link":"https:\/\/tvbrazilusa.com\/pt\/2024\/07\/22\/conselho-federal-de-medicina-solicita-a-anvisa-a-liberacao-do-uso-de-fenol\/","title":{"rendered":"Conselho Federal de Medicina solicita \u00e0 Anvisa a libera\u00e7\u00e3o do uso de fenol"},"content":{"rendered":"<p> <script async src=\"https:\/\/pagead2.googlesyndication.com\/pagead\/js\/adsbygoogle.js?client=ca-pub-8864793242727901\"\r\n     crossorigin=\"anonymous\"><\/script><br \/>\n<\/p>\n<div>\n<p><em>foto: reprodu\u00e7\u00e3o <\/em><\/p>\n<p>A pol\u00eamica est\u00e1 instalada no cen\u00e1rio da sa\u00fade brasileira ap\u00f3s a recente decis\u00e3o da Anvisa de proibir produtos \u00e0 base de fenol. O <strong>Conselho Federal de Medicina (CFM)<\/strong>, juntamente com a Sociedade Brasileira de Dermatologia (SBD) e a Sociedade Brasileira de Cirurgia Pl\u00e1stica (SBCP), se mobiliza contra a Resolu\u00e7\u00e3o 2.384\/2024, que impede a importa\u00e7\u00e3o e uso desses produtos em tratamentos de sa\u00fade e est\u00e9tica.<\/p>\n<p>A decis\u00e3o da Anvisa veio \u00e0 luz depois da morte de Henrique Chagas durante um peeling de fenol, que desencadeou uma revis\u00e3o regulat\u00f3ria sobre a seguran\u00e7a desses procedimentos. Com 27 anos, Chagas teve uma <strong>parada cardiorrespirat\u00f3ria<\/strong> ap\u00f3s um edema pulmonar agudo, resultado da inala\u00e7\u00e3o do produto. Isso levantou questionamentos sobre a regulamenta\u00e7\u00e3o e controle de subst\u00e2ncias perigosas nos procedimentos est\u00e9ticos no pa\u00eds.<\/p>\n<h2 class=\"wp-block-heading\">O que diz a Resolu\u00e7\u00e3o da Anvisa sobre o fenol?<\/h2>\n<p>Segundo a Anvisa, a resolu\u00e7\u00e3o publicada em junho mira a prote\u00e7\u00e3o da sa\u00fade p\u00fablica, proibindo o fenol em est\u00e9tica devido \u00e0 falta de estudos que comprovem sua efic\u00e1cia e seguran\u00e7a. At\u00e9 o momento, nenhum produto \u00e0 base de fenol estava regulamentado pela ag\u00eancia para uso em peeling.<\/p>\n<h2 class=\"wp-block-heading\">Por que as entidades m\u00e9dicas est\u00e3o preocupadas?<\/h2>\n<p>As rea\u00e7\u00f5es das entidades m\u00e9dicas n\u00e3o se fizeram esperar. Segundo elas, a proibi\u00e7\u00e3o afeta diretamente a qualidade do atendimento a milhares de pacientes em todo o Brasil, principalmente aqueles em tratamento de c\u00e2ncer de pele, onde o fenol \u00e9 frequentemente utilizado. Eles argumentam que o fenol pode ser seguro se aplicado sob protocolos m\u00e9dicos rigorosos, inclusive com avalia\u00e7\u00f5es pr\u00e9vias detalhadas do estado de sa\u00fade do paciente.<\/p>\n<h2 class=\"wp-block-heading\">Propostas e Rea\u00e7\u00f5es frente \u00e0 decis\u00e3o da Anvisa<\/h2>\n<p>\u00a0<\/p>\n<p>Oportunidade de reavalia\u00e7\u00e3o: As sociedades m\u00e9dicas solicitaram que a Anvisa permita o uso de fenol, condicionado \u00e0 prescri\u00e7\u00e3o m\u00e9dica detalhada.<\/p>\n<ul class=\"wp-block-list\">\n<li>\n<p>Apelo \u00e0 seguran\u00e7a: Uma an\u00e1lise mais aprofundada do caso de Henrique Chagas poderia ajudar a definir protocolos mais seguros para o uso do fenol, minimizando riscos aos pacientes<\/p>\n<p>\u00a0<\/li>\n<li>\n<p>Impacto na pr\u00e1tica m\u00e9dica: M\u00e9dicos de diversas especialidades, como dermatologia e oncologia, expressam preocupa\u00e7\u00e3o com as limita\u00e7\u00f5es impostas, que poderiam atrasar ou impedir tratamentos importantes.<\/p>\n<p><\/li>\n<\/ul>\n<p>A luta das entidades m\u00e9dicas contra a nova normativa da Anvisa destaca a complexidade e os desafios da regulamenta\u00e7\u00e3o m\u00e9dica. A necessidade de equilibrar seguran\u00e7a e efic\u00e1cia, especialmente em tratamentos que envolvem riscos, \u00e9 um tema de constante debate no Brasil e no mundo. Enquanto a discuss\u00e3o continua, a sa\u00fade e a seguran\u00e7a dos pacientes permanecem no centro das aten\u00e7\u00f5es.<\/p>\n<\/p><\/div>\n<p><br \/>\n<br \/><a href=\"https:\/\/terrabrasilnoticias.com\/2024\/07\/conselho-federal-de-medicina-solicita-a-anvisa-a-liberacao-do-uso-de-fenol\/\">Source link <\/a><\/p>","protected":false},"excerpt":{"rendered":"<p>foto: reprodu\u00e7\u00e3o A pol\u00eamica est\u00e1 instalada no cen\u00e1rio da sa\u00fade brasileira ap\u00f3s a recente decis\u00e3o da Anvisa de proibir produtos \u00e0 base de fenol. O Conselho Federal de Medicina (CFM),&hellip;<\/p>","protected":false},"author":1,"featured_media":5743,"comment_status":"closed","ping_status":"open","sticky":false,"template":"","format":"standard","meta":{"content-type":"","footnotes":""},"categories":[16],"tags":[],"class_list":["post-5742","post","type-post","status-publish","format-standard","has-post-thumbnail","hentry","category-noticias"],"_links":{"self":[{"href":"https:\/\/tvbrazilusa.com\/pt\/wp-json\/wp\/v2\/posts\/5742","targetHints":{"allow":["GET"]}}],"collection":[{"href":"https:\/\/tvbrazilusa.com\/pt\/wp-json\/wp\/v2\/posts"}],"about":[{"href":"https:\/\/tvbrazilusa.com\/pt\/wp-json\/wp\/v2\/types\/post"}],"author":[{"embeddable":true,"href":"https:\/\/tvbrazilusa.com\/pt\/wp-json\/wp\/v2\/users\/1"}],"replies":[{"embeddable":true,"href":"https:\/\/tvbrazilusa.com\/pt\/wp-json\/wp\/v2\/comments?post=5742"}],"version-history":[{"count":1,"href":"https:\/\/tvbrazilusa.com\/pt\/wp-json\/wp\/v2\/posts\/5742\/revisions"}],"predecessor-version":[{"id":5744,"href":"https:\/\/tvbrazilusa.com\/pt\/wp-json\/wp\/v2\/posts\/5742\/revisions\/5744"}],"wp:featuredmedia":[{"embeddable":true,"href":"https:\/\/tvbrazilusa.com\/pt\/wp-json\/wp\/v2\/media\/5743"}],"wp:attachment":[{"href":"https:\/\/tvbrazilusa.com\/pt\/wp-json\/wp\/v2\/media?parent=5742"}],"wp:term":[{"taxonomy":"category","embeddable":true,"href":"https:\/\/tvbrazilusa.com\/pt\/wp-json\/wp\/v2\/categories?post=5742"},{"taxonomy":"post_tag","embeddable":true,"href":"https:\/\/tvbrazilusa.com\/pt\/wp-json\/wp\/v2\/tags?post=5742"}],"curies":[{"name":"wp","href":"https:\/\/api.w.org\/{rel}","templated":true}]}}