{"id":5753,"date":"2024-07-22T20:00:00","date_gmt":"2024-07-22T20:00:00","guid":{"rendered":"https:\/\/tvbrazilusa.com\/2024\/07\/22\/coutinho-estreia-pelo-vasco-mas-nao-como-titular-ter-paciencia\/"},"modified":"2024-07-22T20:26:08","modified_gmt":"2024-07-22T20:26:08","slug":"coutinho-estreia-pelo-vasco-mas-nao-como-titular-ter-paciencia","status":"publish","type":"post","link":"https:\/\/tvbrazilusa.com\/pt\/2024\/07\/22\/coutinho-estreia-pelo-vasco-mas-nao-como-titular-ter-paciencia\/","title":{"rendered":"Coutinho estreia pelo Vasco, mas n\u00e3o como titular: \u2018ter paci\u00eancia\u2019"},"content":{"rendered":"<p> <script async src=\"https:\/\/pagead2.googlesyndication.com\/pagead\/js\/adsbygoogle.js?client=ca-pub-8864793242727901\"\r\n     crossorigin=\"anonymous\"><\/script><br \/>\n<\/p>\n<div>\n<p>A tarde do \u00faltimo domingo foi marcada pela vit\u00f3ria do Atl\u00e9tico-MG sobre o Vasco por 2 a 0, um resultado que decepcionou muitos dos torcedores do Gigante da Colina que estavam ansiosos pela estreia de Philippe Coutinho. O meio-campista, que entrou no segundo tempo, ainda aguarda sua consolida\u00e7\u00e3o como titular ap\u00f3s sua volta ao futebol brasileiro.<\/p>\n<p>Durante a partida na Arena MRV, o talentoso jogador, que j\u00e1 brilhou em campos europeus, ficou como op\u00e7\u00e3o no banco de reservas, gerando debates entre os aficionados por futebol. A gest\u00e3o cautelosa de Rafael Paiva, t\u00e9cnico do <a href=\"https:\/\/vasco.com.br\/\" target=\"_blank\" rel=\"noreferrer noopener\">Vasco<\/a>, sugere uma adapta\u00e7\u00e3o progressiva para Coutinho.<\/p>\n<div class=\"wp-block-image\">\n<figure class=\"aligncenter size-full\"><picture decoding=\"async\" class=\"wp-image-153936\"><source type=\"image\/webp\" srcset=\"https:\/\/terrabrasilnoticias.com\/wp-content\/uploads\/2024\/07\/coutinho1.png.webp 816w, https:\/\/terrabrasilnoticias.com\/wp-content\/uploads\/2024\/07\/coutinho1-300x202.png.webp 300w, https:\/\/terrabrasilnoticias.com\/wp-content\/uploads\/2024\/07\/coutinho1-768x517.png.webp 768w, https:\/\/terrabrasilnoticias.com\/wp-content\/uploads\/2024\/07\/coutinho1-750x505.png.webp 750w\" sizes=\"(max-width: 816px) 100vw, 816px\"\/><\/picture><figcaption class=\"wp-element-caption\">Imagem promocional oficial do Vasco para apresenta\u00e7\u00e3o de Coutinho. \u2013 Imagem: Divulga\u00e7\u00e3o \/ VascodaGama<\/figcaption><\/figure>\n<\/div>\n<h2 class=\"wp-block-heading\">Por Que Coutinho N\u00e3o Come\u00e7ou Jogando?<\/h2>\n<p>O t\u00e9cnico<strong> Rafael Paiva<\/strong> destacou em coletiva que Philippe Coutinho \u00e9 um profissional exemplar, mas enfatizou a necessidade de respeitar o tempo de readapta\u00e7\u00e3o do atleta, especialmente considerando seu hist\u00f3rico de les\u00f5es nos \u00faltimos anos na Europa. \u201c<strong>Coutinho \u00e9 extremamente dedicado e j\u00e1 mostrou estar disposto a contribuir com o time, no entanto, \u00e9 fundamental termos paci\u00eancia durante este per\u00edodo de adapta\u00e7\u00e3o<\/strong>\u201c, comentou Paiva.<\/p>\n<h2 class=\"wp-block-heading\">Recep\u00e7\u00e3o da Torcida e Expectativas Futuras<\/h2>\n<p>Ao entrar em campo, Coutinho foi recebido com aplausos pela torcida, um sinal claro da expectativa que acompanha seu desempenho no <a href=\"https:\/\/vasco.com.br\/\" target=\"_blank\" rel=\"noreferrer noopener\">Vasco<\/a>. Embora muitos gostariam de v\u00ea-lo iniciar o jogo, a decis\u00e3o t\u00e9cnica foi alvo de discuss\u00f5es. Engajados, os torcedores esperam que, com o tempo, Coutinho possa contribuir significativamente para o sucesso do time na temporada.<\/p>\n<h2 class=\"wp-block-heading\">O Hist\u00f3rico de Les\u00f5es de Coutinho e a Paci\u00eancia Necess\u00e1ria<\/h2>\n<p>Durante seus per\u00edodos no <strong>Barcelona <\/strong>e no<strong> Aston Villa<\/strong>, Philippe enfrentou diversos desafios relacionados a les\u00f5es graves, que impactaram sua capacidade de jogar com regularidade. Essa hist\u00f3ria refor\u00e7a a prud\u00eancia do clube em sua reutiliza\u00e7\u00e3o no cen\u00e1rio competitivo brasileiro. A esperan\u00e7a \u00e9 que, com uma integra\u00e7\u00e3o cautelosa, Coutinho possa recuperar sua melhor forma f\u00edsica e t\u00e9cnica sem riscos adicionais.<\/p>\n<p>O pr\u00f3ximo jogo, ap\u00f3s um per\u00edodo maior de prepara\u00e7\u00e3o devido ao adiamento da partida contra o Cuiab\u00e1, ser\u00e1 uma nova oportunidade para testar a condi\u00e7\u00e3o e a adapta\u00e7\u00e3o do jogador. <strong>A torcida e a comiss\u00e3o t\u00e9cnica est\u00e3o otimistas que Coutinho trar\u00e1 alegrias<\/strong> e possivelmente uma nova din\u00e2mica ao meio-campo vasca\u00edno.<\/p>\n<p>As expectativas em torno de Philippe Coutinho continuam altas, e a gest\u00e3o de sua sa\u00fade e forma f\u00edsica ser\u00e1 crucial para determinar seu impacto no <a href=\"https:\/\/vasco.com.br\/\" target=\"_blank\" rel=\"noreferrer noopener\">Vasco da Gama<\/a> ao longo da temporada. Com a base de f\u00e3s e a equipe de gest\u00e3o alinhadas em paci\u00eancia e apoio, as pr\u00f3ximas semanas ser\u00e3o decisivas para o astro do futebol brasileiro.<\/p>\n<\/p><\/div>\n<p><br \/>\n<br \/><a href=\"https:\/\/terrabrasilnoticias.com\/2024\/07\/coutinho-estreia-pelo-vasco-mas-nao-como-titular-ter-paciencia\/\">Source link <\/a><\/p>","protected":false},"excerpt":{"rendered":"<p>A tarde do \u00faltimo domingo foi marcada pela vit\u00f3ria do Atl\u00e9tico-MG sobre o Vasco por 2 a 0, um resultado que decepcionou muitos dos torcedores do Gigante da Colina que&hellip;<\/p>","protected":false},"author":1,"featured_media":5754,"comment_status":"closed","ping_status":"open","sticky":false,"template":"","format":"standard","meta":{"content-type":"","footnotes":""},"categories":[16],"tags":[],"class_list":["post-5753","post","type-post","status-publish","format-standard","has-post-thumbnail","hentry","category-noticias"],"_links":{"self":[{"href":"https:\/\/tvbrazilusa.com\/pt\/wp-json\/wp\/v2\/posts\/5753","targetHints":{"allow":["GET"]}}],"collection":[{"href":"https:\/\/tvbrazilusa.com\/pt\/wp-json\/wp\/v2\/posts"}],"about":[{"href":"https:\/\/tvbrazilusa.com\/pt\/wp-json\/wp\/v2\/types\/post"}],"author":[{"embeddable":true,"href":"https:\/\/tvbrazilusa.com\/pt\/wp-json\/wp\/v2\/users\/1"}],"replies":[{"embeddable":true,"href":"https:\/\/tvbrazilusa.com\/pt\/wp-json\/wp\/v2\/comments?post=5753"}],"version-history":[{"count":1,"href":"https:\/\/tvbrazilusa.com\/pt\/wp-json\/wp\/v2\/posts\/5753\/revisions"}],"predecessor-version":[{"id":5755,"href":"https:\/\/tvbrazilusa.com\/pt\/wp-json\/wp\/v2\/posts\/5753\/revisions\/5755"}],"wp:featuredmedia":[{"embeddable":true,"href":"https:\/\/tvbrazilusa.com\/pt\/wp-json\/wp\/v2\/media\/5754"}],"wp:attachment":[{"href":"https:\/\/tvbrazilusa.com\/pt\/wp-json\/wp\/v2\/media?parent=5753"}],"wp:term":[{"taxonomy":"category","embeddable":true,"href":"https:\/\/tvbrazilusa.com\/pt\/wp-json\/wp\/v2\/categories?post=5753"},{"taxonomy":"post_tag","embeddable":true,"href":"https:\/\/tvbrazilusa.com\/pt\/wp-json\/wp\/v2\/tags?post=5753"}],"curies":[{"name":"wp","href":"https:\/\/api.w.org\/{rel}","templated":true}]}}