{"id":58133,"date":"2024-11-12T13:22:36","date_gmt":"2024-11-12T13:22:36","guid":{"rendered":"https:\/\/tvbrazilusa.com\/2024\/11\/12\/haddad-afirma-que-lula-solicitou-a-inclusao-de-mais-um-ministerio-no-corte-de-gastos-interlocutores-dizem-que-a-defesa-foi-chamada-para-a-reuniao\/"},"modified":"2024-11-12T13:22:38","modified_gmt":"2024-11-12T13:22:38","slug":"haddad-afirma-que-lula-solicitou-a-inclusao-de-mais-um-ministerio-no-corte-de-gastos-interlocutores-dizem-que-a-defesa-foi-chamada-para-a-reuniao","status":"publish","type":"post","link":"https:\/\/tvbrazilusa.com\/pt\/2024\/11\/12\/haddad-afirma-que-lula-solicitou-a-inclusao-de-mais-um-ministerio-no-corte-de-gastos-interlocutores-dizem-que-a-defesa-foi-chamada-para-a-reuniao\/","title":{"rendered":"Haddad afirma que Lula solicitou a inclus\u00e3o de mais um minist\u00e9rio no corte de gastos; interlocutores dizem que a Defesa foi chamada para a reuni\u00e3o"},"content":{"rendered":"<p> <script async src=\"https:\/\/pagead2.googlesyndication.com\/pagead\/js\/adsbygoogle.js?client=ca-pub-8864793242727901\"\r\n     crossorigin=\"anonymous\"><\/script><br \/>\n<\/p>\n<div id=\"taboola-read-more\" style=\"display:block; width:100%\">\n<p>O ministro da Fazenda, Fernando Haddad, afirmou nesta segunda-feira (11) que o presidente Luiz In\u00e1cio Lula da Silva pediu a inclus\u00e3o de mais um minist\u00e9rio, at\u00e9 agora ausente, nas medidas que o governo tenta fechar para cortar gastos e garantir as metas fiscais dos pr\u00f3ximos anos.\n<\/p>\n<p>Segundo Haddad, o debate j\u00e1 foi &#8220;conclu\u00eddo&#8221; com os minist\u00e9rios que vinham se reunindo com a \u00e1rea econ\u00f4mica e com Lula na \u00faltima semana \u2013 por exemplo, Sa\u00fade, Educa\u00e7\u00e3o e Previd\u00eancia Social.<\/p>\n<p>Questionado, Haddad n\u00e3o quis dizer qual minist\u00e9rio foi alvo do pedido de Lula.\n<\/p>\n<p>&#8220;As reuni\u00f5es com ministros de Trabalho, Previd\u00eancia, Desenvolvimento Social, Sa\u00fade, Educa\u00e7\u00e3o, elas j\u00e1 se completaram. O presidente pediu para incluir um minist\u00e9rio nesse esfor\u00e7o, uma negocia\u00e7\u00e3o que deve ser conclu\u00edda at\u00e9 quarta-feira [13]. Eu n\u00e3o vou adiantar [qual], porque n\u00e3o sei se vai haver tempo h\u00e1bil de incorporar o pedido. Mas acredito que vai haver boa vontade&#8221;, declarou.\n<\/p>\n<p>A GloboNews apurou com interlocutores que a reuni\u00e3o ser\u00e1 com o Minist\u00e9rio da Defesa. E que pode, inclusive, atingir o regime de previd\u00eancia dos militares.\n<\/p>\n<p>At\u00e9 o momento, passaram pelas reuni\u00f5es representantes de 12 minist\u00e9rios \u2013 incluindo a &#8220;\u00e1rea econ\u00f4mica&#8221;, respons\u00e1vel por formular o pacote, e o &#8220;n\u00facleo duro&#8221;, respons\u00e1vel pela articula\u00e7\u00e3o pol\u00edtica e jur\u00eddica.\n<\/p>\n<p>S\u00e3o cinco, no entanto, os minist\u00e9rios que concentram os maiores gastos e devem ser atingidos pelo pacote:\n<\/p>\n<ul>\n<li>Sa\u00fade;<\/li>\n<li>Educa\u00e7\u00e3o;<\/li>\n<li>Trabalho e Empresa;<\/li>\n<li>Desenvolvimento Social;<\/li>\n<li>Previd\u00eancia Social.<\/li>\n<\/ul>\n<p>Se confirmado, o Minist\u00e9rio da Defesa \u2013 que abriga as tr\u00eas For\u00e7as Armadas e a folha de pagamento desses militares, ativos e inativos \u2013 seria o sexto minist\u00e9rio da lista.\n<\/p>\n<p>Reuni\u00f5es para ajustes finais<br \/>Nesta ter\u00e7a, a \u00e1rea econ\u00f4mica deve se reunir com Lula para tratar da melhor forma de encaminhar os textos para o Congresso.\n<\/p>\n<p>Na \u00faltima semana, o ministro j\u00e1 tinha avaliado que o pacote exigiria uma proposta de emenda \u00e0 Constitui\u00e7\u00e3o (PEC), por exemplo. O governo ainda deve decidir se divide o pacote em v\u00e1rios textos, se concentra tudo em um projeto s\u00f3 e se tenta enviar parte por medida provis\u00f3ria, por exemplo.\n<\/p>\n<p>Lula e Haddad tamb\u00e9m esperam apresentar o pacote aos presidentes da C\u00e2mara, Arthur Lira (PP-AL), e do Senado, Rodrigo Pacheco (PSD-MG), antes de divulgar a \u00edntegra da proposta. At\u00e9 esta segunda, no entanto, o compromisso ainda n\u00e3o tinha sido marcado.\n<\/p>\n<p>Perguntado novamente nesta segunda, Haddad n\u00e3o quis detalhar o pacote que est\u00e1 sendo costurado.\n<\/p>\n<p>&#8220;\u00c9 aquela diretriz que n\u00f3s anunciamos desde o come\u00e7o desse processo, de fortalecer o arcabou\u00e7o fiscal. Trazer para dentro do arcabou\u00e7o aquilo que eventualmente n\u00e3o estiver se comportando como esperamos, para consolidar essa transi\u00e7\u00e3o de um regime de d\u00e9ficit elevado e baixo crescimento para um regime equil\u00edbrio fiscal com crescimento sustent\u00e1vel&#8221;, disse.<\/p>\n<p>Fonte: g1              <\/p>\n<\/div>\n<p><br \/>\n<br \/><a href=\"https:\/\/diariodobrasilnoticias.com.br\/noticia\/haddad-afirma-que-lula-solicitou-a-inclusao-de-mais-um-ministerio-no-corte-de-gastos-interlocutores-dizem-que-a-defesa-foi-chamada-para-a-reuniao-6733318fe2b39\">Source link <\/a><\/p>","protected":false},"excerpt":{"rendered":"<p>O ministro da Fazenda, Fernando Haddad, afirmou nesta segunda-feira (11) que o presidente Luiz In\u00e1cio Lula da Silva pediu a inclus\u00e3o de mais um minist\u00e9rio, at\u00e9 agora ausente, nas medidas&hellip;<\/p>","protected":false},"author":1,"featured_media":58134,"comment_status":"closed","ping_status":"open","sticky":false,"template":"","format":"standard","meta":{"content-type":"","footnotes":""},"categories":[16],"tags":[123,2448,5313,1267],"class_list":["post-58133","post","type-post","status-publish","format-standard","has-post-thumbnail","hentry","category-noticias","tag-brasil","tag-diario","tag-noticia","tag-noticias"],"_links":{"self":[{"href":"https:\/\/tvbrazilusa.com\/pt\/wp-json\/wp\/v2\/posts\/58133","targetHints":{"allow":["GET"]}}],"collection":[{"href":"https:\/\/tvbrazilusa.com\/pt\/wp-json\/wp\/v2\/posts"}],"about":[{"href":"https:\/\/tvbrazilusa.com\/pt\/wp-json\/wp\/v2\/types\/post"}],"author":[{"embeddable":true,"href":"https:\/\/tvbrazilusa.com\/pt\/wp-json\/wp\/v2\/users\/1"}],"replies":[{"embeddable":true,"href":"https:\/\/tvbrazilusa.com\/pt\/wp-json\/wp\/v2\/comments?post=58133"}],"version-history":[{"count":1,"href":"https:\/\/tvbrazilusa.com\/pt\/wp-json\/wp\/v2\/posts\/58133\/revisions"}],"predecessor-version":[{"id":58135,"href":"https:\/\/tvbrazilusa.com\/pt\/wp-json\/wp\/v2\/posts\/58133\/revisions\/58135"}],"wp:featuredmedia":[{"embeddable":true,"href":"https:\/\/tvbrazilusa.com\/pt\/wp-json\/wp\/v2\/media\/58134"}],"wp:attachment":[{"href":"https:\/\/tvbrazilusa.com\/pt\/wp-json\/wp\/v2\/media?parent=58133"}],"wp:term":[{"taxonomy":"category","embeddable":true,"href":"https:\/\/tvbrazilusa.com\/pt\/wp-json\/wp\/v2\/categories?post=58133"},{"taxonomy":"post_tag","embeddable":true,"href":"https:\/\/tvbrazilusa.com\/pt\/wp-json\/wp\/v2\/tags?post=58133"}],"curies":[{"name":"wp","href":"https:\/\/api.w.org\/{rel}","templated":true}]}}