{"id":58166,"date":"2024-11-12T14:03:52","date_gmt":"2024-11-12T14:03:52","guid":{"rendered":"https:\/\/tvbrazilusa.com\/2024\/11\/12\/queen-bey-e-yale-a-universidade-da-ivy-league-vai-oferecer-um-curso-sobre-beyonce-e-seu-legado\/"},"modified":"2024-11-12T14:10:59","modified_gmt":"2024-11-12T14:10:59","slug":"queen-bey-e-yale-a-universidade-da-ivy-league-vai-oferecer-um-curso-sobre-beyonce-e-seu-legado","status":"publish","type":"post","link":"https:\/\/tvbrazilusa.com\/pt\/2024\/11\/12\/queen-bey-e-yale-a-universidade-da-ivy-league-vai-oferecer-um-curso-sobre-beyonce-e-seu-legado\/","title":{"rendered":"Queen Bey e Yale: A universidade da Ivy League vai oferecer um curso sobre Beyonc\u00e9 e seu legado"},"content":{"rendered":"<p> <script async src=\"https:\/\/pagead2.googlesyndication.com\/pagead\/js\/adsbygoogle.js?client=ca-pub-8864793242727901\"\r\n     crossorigin=\"anonymous\"><\/script><br \/>\n<\/p>\n<div id=\"\">\n<header class=\"m-article-header m-article-header--standard\">\n\t\t\t\t\t\t\t\t\t\t\t\t<span id=\"article-header-primary-term\"><br \/>\n\t\t\t\t\t\t\t\t<a class=\"a-term a-term--primary\" href=\"https:\/\/www.boston.com\/tag\/entertainment\/\"><\/p>\n<p>\t\t\t\t\t\t\t\tEntretenimento\t\t\t\t\t\t\t\t<\/a><br \/>\n\t\t\t\t\t\t\t<\/span><\/p>\n<h2 class=\"m-article-header__sub-headline\">Intitulada \u201cBeyonc\u00e9 faz hist\u00f3ria: tradi\u00e7\u00e3o radical negra, cultura, teoria e pol\u00edtica atrav\u00e9s da m\u00fasica\u201d, a aula de um cr\u00e9dito se concentrar\u00e1 no per\u00edodo de seu \u00e1lbum autointitulado de 2013 at\u00e9 o desafiador g\u00eanero deste ano, \u201cCowboy Carter\u201d.<\/h2>\n<figure class=\"a-photo m-article-header__photo\"><figcaption class=\"a-photo__caption\">\n<p>\tBeyonc\u00e9, \u00e0 esquerda, recebe o Pr\u00eamio Inovador durante o iHeartRadio Music Awards, em 1\u00ba de abril de 2024, no Dolby Theatre em Los Angeles. <em> Foto AP \/ Chris Pizzello, Arquivo<\/em>\t<\/figcaption><\/figure>\n<div class=\"m-article-header__meta\">\n<div class=\"m-article-header__byline\">\n<p class=\"m-article-header__author\">\n<p>\t\t\t\t\t\t\t\tPor SUSAN HAIGH, Associated Press\t\t\t\t\t\t\t<\/p>\n<p>\t\t\t\t\t\t\t\t\t\t\t\t\t\t\t<time class=\"m-article-header__date\"><\/p>\n<p>\t\t\t\t\t\t\t\t\t12 de novembro de 2024 | 9h03\t\t\t\t\t\t\t\t<\/time><\/p><\/div>\n<\/p><\/div>\n<\/header>\n<p>Com um recorde de 99 indica\u00e7\u00f5es ao Grammy e aclamada como uma das artistas mais influentes da hist\u00f3ria da m\u00fasica, a superestrela pop Beyonc\u00e9 e seu extenso legado cultural ser\u00e3o objeto de um novo curso na Universidade de Yale no pr\u00f3ximo ano.<\/p>\n<p>Intitulada \u201cBeyonc\u00e9 Makes History: Black Radical Tradition, Culture, Theory &#038; Politics Through Music\u201d, a aula de um cr\u00e9dito se concentrar\u00e1 no per\u00edodo desde seu \u00e1lbum autointitulado de 2013 at\u00e9 o desafiador g\u00eanero deste ano \u201cCowboy Carter\u201d e como o mundo -famoso cantor, compositor e empres\u00e1rio gerou consci\u00eancia e engajamento em ideologias sociais e pol\u00edticas.<\/p>\n<p>A professora de estudos afro-americanos da Universidade de Yale, Daphne Brooks, pretende usar o amplo repert\u00f3rio da artista, incluindo imagens de suas apresenta\u00e7\u00f5es ao vivo, como um \u201cportal\u201d para os alunos aprenderem sobre os intelectuais negros, de Frederick Douglass a Toni Morrison.<\/p>\n<p>\u201cVamos levar a s\u00e9rio as maneiras pelas quais o trabalho cr\u00edtico, o trabalho intelectual de alguns dos nossos maiores pensadores da cultura americana ressoa com a m\u00fasica de Beyonc\u00e9 e pensar sobre as maneiras pelas quais podemos aplicar suas filosofias ao trabalho dela\u201d e como \u00e0s vezes isso est\u00e1 em desacordo com a \u201ctradi\u00e7\u00e3o intelectual radical negra\u201d, disse Brooks.<\/p>\n<p>Beyonc\u00e9, cujo nome completo \u00e9 Beyonc\u00e9 Giselle Knowles-Carter, n\u00e3o \u00e9 a primeira artista a frequentar um curso de n\u00edvel universit\u00e1rio. Houve cursos sobre o cantor e compositor Bob Dylan ao longo dos anos e v\u00e1rias faculdades e universidades ofereceram recentemente aulas sobre a cantora Taylor Swift e suas letras e legado da cultura pop. Isso inclui professores de direito que esperam envolver uma nova gera\u00e7\u00e3o de advogados usando uma celebridade famosa como Swift para contextualizar conceitos complicados do mundo real.<\/p>\n<p>Professores de outras faculdades e universidades tamb\u00e9m incorporaram Beyonc\u00e9 em seus cursos ou ofereceram aulas sobre a superestrela.<\/p>\n<p>Brooks v\u00ea Beyonc\u00e9 em uma categoria \u00e0 parte, creditando a cantora por usar sua plataforma para \u201celevar espetacularmente a conscientiza\u00e7\u00e3o e o envolvimento com ideologias e movimentos sociais, pol\u00edticos e de base\u201d em sua m\u00fasica, incluindo o movimento Black Lives Matter e coment\u00e1rios feministas negros.<\/p>\n<p>\u201cVoc\u00ea consegue pensar em algum outro m\u00fasico pop que convidou uma s\u00e9rie de ativistas de base para participar desses projetos de \u00e1lbuns multim\u00eddia de longa dura\u00e7\u00e3o que ela nos deu desde 2013?\u201d, perguntou Brooks. Ela observou como Beyonc\u00e9 tamb\u00e9m tentou contar uma hist\u00f3ria atrav\u00e9s de sua m\u00fasica sobre \u201cra\u00e7a, g\u00eanero e sexualidade no contexto de mais de 400 anos de hist\u00f3ria de subjuga\u00e7\u00e3o afro-americana\u201d.<\/p>\n<p>\u201cEla \u00e9 uma artista fascinante porque a mem\u00f3ria hist\u00f3rica, como costumo me referir a ela, e tamb\u00e9m o tipo de impulso para ser um arquivo dessa mem\u00f3ria hist\u00f3rica, est\u00e3o presentes em todo o seu trabalho\u201d, disse Brooks. \u201cE voc\u00ea simplesmente n\u00e3o v\u00ea isso com nenhum outro artista.\u201d<\/p>\n<p>Brooks j\u00e1 deu uma aula bem recebida sobre mulheres negras na cultura musical popular na Universidade de Princeton e descobriu que seus alunos estavam muito entusiasmados com a parte dedicada a Beyonc\u00e9. Ela espera que suas aulas em Yale sejam especialmente populares, mas ela est\u00e1 tentando manter o tamanho do grupo relativamente pequeno.<\/p>\n<p>Para aqueles que conseguirem uma vaga no pr\u00f3ximo semestre, n\u00e3o devem ter muitas esperan\u00e7as de ver a Rainha Bey pessoalmente.<\/p>\n<p>\u201c\u00c9 uma pena porque se ela estivesse em turn\u00ea, eu definitivamente tentaria assistir \u00e0 aula para v\u00ea-la\u201d, disse Brooks.<\/p>\n<div class=\"m-block m-generic-cta\t m-generic-cta--post-content\t m-generic-cta--dark\t m-generic-cta--homepage\t m-generic-cta--email-signup\t\t m-generic-cta-block-style--default \tt-amp__generic-cta\"><\/p>\n<div class=\"m-generic-cta__wrap\">\n<div class=\"m-generic-cta__content\">\n<h3 class=\"m-generic-cta__title\">Alertas extras de not\u00edcias<\/h3>\n<p class=\"m-generic-cta__subtitle\">Receba as \u00faltimas atualiza\u00e7\u00f5es conforme elas acontecem.<\/p>\n<\/p><\/div>\n<\/p><\/div>\n<\/div><\/div>\n<p><script>\n\t\tvar consent=\"grant\";\n\t\t\/* The above code is parsing the JSON data from the local storage and storing it in a variable. *\/\n\t\t\t\t\tconst onetrustStorageConsent = JSON.parse(localStorage.getItem( 'consent_one_trust_bdc' ) );\n\t\t\tif ( ( onetrustStorageConsent !== null ) ) \n\t\t\t\t\/* Checking to see if the user has consented to the use of cookies.\n\t\t\t\t* If they have not, it is deleting the cookie.\n\t\t\t\t* This will comment for now, until further notice.\n\t\t\t\t*\/\n\t\t\t\t\/\/if ( onetrustStorageConsent.C0002 === false ) \n\t\t\t\t\/\/\tdocument.cookie=\"_fbp=;expires=Thu, 01 Jan 2010 00:00:00 UTC; path=\/; domain=.boston.com\";\n\t\t\t\t\/\/\n\t\t\t\t\/* Checking if the user has given consent for the cookie C0002.\n\t\t\t\t* If the user has given consent, the variable consent will be set to 'grant'.\n\t\t\t\t* If the user has not given consent,the variable consent will be set to 'revoke'.\n\t\t\t\t* Documentation https:\/\/developers.facebook.com\/docs\/meta-pixel\/implementation\/gdpr\n\t\t\t\t*\/\n\t\t\t\tif ( onetrustStorageConsent.C0002 !== true ) \n\t\t\t\t\tconsent=\"revoke\";\n\t\t\t\t!function(f,b,e,v,n,t,s)\n\t\tif(f.fbq)return;n=f.fbq=function()n.callMethod?\n\t\tn.callMethod.apply(n,arguments):n.queue.push(arguments);\n\t\tif(!f._fbq)f._fbq=n;n.push=n;n.loaded=!0;n.version='2.0';\n\t\tn.queue=[];t=b.createElement(e);t.async=!0;\n\t\tt.src=v;s=b.getElementsByTagName(e)[0];\n\t\ts.parentNode.insertBefore(t,s)(window, document,'script',\n\t\t'https:\/\/connect.facebook.net\/en_US\/fbevents.js');\n\t\tfbq('consent', consent);\n\t\tfbq('init', '989222871864976');\n\t\tfbq('track', 'PageView');\n\t<\/script><script type=\"module\">\n\t\tvar consent=\"grant\";\n\t\t\/* The above code is parsing the JSON data from the local storage and storing it in a variable. *\/\n\t\t\tconst onetrustStorageConsent = JSON.parse(localStorage.getItem( 'consent_one_trust_bdc' ) );\n\t\t\t\/* Checking to see if the user has consented to the use of cookies.\n\t\t\t* If they have not, it is deleting the cookie.\n\t\t\t* This will comment for now, until further notice.\n\t\t\t*\/\n\t\t\t\/\/if ( onetrustStorageConsent.C0002 === false ) \n\t\t\t\/\/\tdocument.cookie=\"_fbp=;expires=Thu, 01 Jan 2010 00:00:00 UTC; path=\/; domain=.boston.com\";\n\t\t\t\/\/\n\t\t\t\/* Checking if the user has given consent for the cookie C0002.\n\t\t\t* If the user has given consent, the variable consent will be set to 'grant'.\n\t\t\t* If the user has not given consent,the variable consent will be set to 'revoke'.\n\t\t\t* Documentation https:\/\/developers.facebook.com\/docs\/meta-pixel\/implementation\/gdpr\n\t\t\t*\/\n\t\t\tif ( ( onetrustStorageConsent !== null ) && (onetrustStorageConsent.C0002 !== true ) ) \n\t\t\t\tconsent=\"revoke\";\n\t\t\t\t!function(f,b,e,v,n,t,s)if(f.fbq)return;n=f.fbq=function()\n\t\tn.callMethod? n.callMethod.apply(n,arguments):n.queue.push(arguments)\n\t\t;if(!f._fbq)f._fbq=n;\n\t\tn.push=n;n.loaded=!0;n.version='2.0';n.queue=[];t=b.createElement(e);t.async=!0;\n\t\tt.src=v;s=b.getElementsByTagName(e)[0];s.parentNode.insertBefore(t,s)(window,\n\t\tdocument,'script','https:\/\/connect.facebook.net\/en_US\/fbevents.js');\n\t\tfbq('consent', consent);\n\t\tfbq('init', '813236348753005');\n\t\tfbq('track', \"PageView\");\n\t<\/script><br \/>\n<br \/><br \/>\n<br \/><a href=\"https:\/\/www.boston.com\/culture\/entertainment\/2024\/11\/12\/queen-bey-yale-ivy-league-university-course-beyonce-legacy\/\">Source link <\/a><\/p>","protected":false},"excerpt":{"rendered":"<p>Entretenimento Intitulada \u201cBeyonc\u00e9 faz hist\u00f3ria: tradi\u00e7\u00e3o radical negra, cultura, teoria e pol\u00edtica atrav\u00e9s da m\u00fasica\u201d, a aula de um cr\u00e9dito se concentrar\u00e1 no per\u00edodo de seu \u00e1lbum autointitulado de 2013&hellip;<\/p>","protected":false},"author":1,"featured_media":58167,"comment_status":"closed","ping_status":"open","sticky":false,"template":"","format":"standard","meta":{"content-type":"","footnotes":""},"categories":[1],"tags":[],"class_list":["post-58166","post","type-post","status-publish","format-standard","has-post-thumbnail","hentry","category-uncategorized"],"_links":{"self":[{"href":"https:\/\/tvbrazilusa.com\/pt\/wp-json\/wp\/v2\/posts\/58166","targetHints":{"allow":["GET"]}}],"collection":[{"href":"https:\/\/tvbrazilusa.com\/pt\/wp-json\/wp\/v2\/posts"}],"about":[{"href":"https:\/\/tvbrazilusa.com\/pt\/wp-json\/wp\/v2\/types\/post"}],"author":[{"embeddable":true,"href":"https:\/\/tvbrazilusa.com\/pt\/wp-json\/wp\/v2\/users\/1"}],"replies":[{"embeddable":true,"href":"https:\/\/tvbrazilusa.com\/pt\/wp-json\/wp\/v2\/comments?post=58166"}],"version-history":[{"count":1,"href":"https:\/\/tvbrazilusa.com\/pt\/wp-json\/wp\/v2\/posts\/58166\/revisions"}],"predecessor-version":[{"id":58168,"href":"https:\/\/tvbrazilusa.com\/pt\/wp-json\/wp\/v2\/posts\/58166\/revisions\/58168"}],"wp:featuredmedia":[{"embeddable":true,"href":"https:\/\/tvbrazilusa.com\/pt\/wp-json\/wp\/v2\/media\/58167"}],"wp:attachment":[{"href":"https:\/\/tvbrazilusa.com\/pt\/wp-json\/wp\/v2\/media?parent=58166"}],"wp:term":[{"taxonomy":"category","embeddable":true,"href":"https:\/\/tvbrazilusa.com\/pt\/wp-json\/wp\/v2\/categories?post=58166"},{"taxonomy":"post_tag","embeddable":true,"href":"https:\/\/tvbrazilusa.com\/pt\/wp-json\/wp\/v2\/tags?post=58166"}],"curies":[{"name":"wp","href":"https:\/\/api.w.org\/{rel}","templated":true}]}}