{"id":58192,"date":"2024-11-12T14:43:27","date_gmt":"2024-11-12T14:43:27","guid":{"rendered":"https:\/\/tvbrazilusa.com\/2024\/11\/12\/seguindo-uma-serie-de-frentes-wsvn-7news-noticias-de-miami-clima-esportes-fort-lauderdale\/"},"modified":"2024-11-12T14:54:45","modified_gmt":"2024-11-12T14:54:45","slug":"seguindo-uma-serie-de-frentes-wsvn-7news-noticias-de-miami-clima-esportes-fort-lauderdale","status":"publish","type":"post","link":"https:\/\/tvbrazilusa.com\/pt\/2024\/11\/12\/seguindo-uma-serie-de-frentes-wsvn-7news-noticias-de-miami-clima-esportes-fort-lauderdale\/","title":{"rendered":"Seguindo uma s\u00e9rie de frentes &#8211; WSVN 7News | Not\u00edcias de Miami, clima, esportes | Fort Lauderdale"},"content":{"rendered":"<p> <script async src=\"https:\/\/pagead2.googlesyndication.com\/pagead\/js\/adsbygoogle.js?client=ca-pub-8864793242727901\"\r\n     crossorigin=\"anonymous\"><\/script><br \/>\n<\/p>\n<div itemprop=\"articleBody\">\n<p>Uma s\u00e9rie de frentes fracas devem se mover para o sul da Fl\u00f3rida esta semana, trazendo algumas mudan\u00e7as interessantes. A primeira frente chega na manh\u00e3 de quarta-feira, o que far\u00e1 com que as condi\u00e7\u00f5es n\u00e3o pare\u00e7am t\u00e3o abafadas, com apenas uma pequena chance de ver algumas chuvas irregulares ao longo de uma brisa crescente. No final da semana, a segunda frente avan\u00e7a e trar\u00e1 ar mais seco para o fim de semana. As temperaturas tamb\u00e9m cair\u00e3o um pouco mais, com m\u00ednimas na casa dos 60 graus e m\u00e1ximas em torno de 80 graus, portanto, espere um padr\u00e3o confort\u00e1vel \u00e0 frente. <\/p>\n<figure class=\"wp-block-image size-large\"><\/figure>\n<p class=\"has-text-align-center\">Hoje nos Tr\u00f3picos<\/p>\n<p>Onda tropical sobre o Caribe Central est\u00e1 produzindo uma grande \u00e1rea de aguaceiros e tempestades desorganizadas. \u00c9 prov\u00e1vel que uma depress\u00e3o tropical se forme at\u00e9 o final da semana, \u00e0 medida que se move para oeste. Espera-se que ela serpenteie sobre o Mar do Caribe Ocidental durante o fim de semana.<\/p>\n<figure class=\"wp-block-image size-large\"><img fetchpriority=\"high\" decoding=\"async\" width=\"1920\" height=\"1080\" src=\"https:\/\/wsvn.com\/wp-content\/uploads\/sites\/2\/2024\/11\/Sara-Formation-Potential-Areas-KML-2.png?w=1024\" alt=\"\" class=\"wp-image-1504833\" srcset=\"https:\/\/wsvn.com\/wp-content\/uploads\/sites\/2\/2024\/11\/Sara-Formation-Potential-Areas-KML-2.png 1920w, https:\/\/wsvn.com\/wp-content\/uploads\/sites\/2\/2024\/11\/Sara-Formation-Potential-Areas-KML-2.png?resize=300,169 300w, https:\/\/wsvn.com\/wp-content\/uploads\/sites\/2\/2024\/11\/Sara-Formation-Potential-Areas-KML-2.png?resize=768,432 768w, https:\/\/wsvn.com\/wp-content\/uploads\/sites\/2\/2024\/11\/Sara-Formation-Potential-Areas-KML-2.png?resize=1024,576 1024w, https:\/\/wsvn.com\/wp-content\/uploads\/sites\/2\/2024\/11\/Sara-Formation-Potential-Areas-KML-2.png?resize=1536,864 1536w\" sizes=\"(max-width: 1920px) 100vw, 1920px\"\/><\/figure>\n<p>Tenha um dia maravilhoso no sul da Fl\u00f3rida e torne-o seguro! <\/p>\n<p>Viviane Gonz\u00e1lez<\/p>\n<p>Meteorologista, certificado pela AMS <\/p>\n<p>Canal 7 da WSVN <\/p>\n<div class=\"wp-block-newsletter\">\n\t<strong class=\"wp-block-newsletter__title\">Cadastre-se em nosso boletim informativo para receber as \u00faltimas not\u00edcias diretamente na sua caixa de entrada<\/strong><\/p>\n<\/div><\/div>\n<p><br \/>\n<br \/><a href=\"https:\/\/wsvn.com\/weather-blog\/following-a-series-of-fronts\/\">Source link <\/a><\/p>","protected":false},"excerpt":{"rendered":"<p>Uma s\u00e9rie de frentes fracas devem se mover para o sul da Fl\u00f3rida esta semana, trazendo algumas mudan\u00e7as interessantes. A primeira frente chega na manh\u00e3 de quarta-feira, o que far\u00e1&hellip;<\/p>","protected":false},"author":1,"featured_media":58193,"comment_status":"closed","ping_status":"open","sticky":false,"template":"","format":"standard","meta":{"content-type":"","footnotes":""},"categories":[1],"tags":[],"class_list":["post-58192","post","type-post","status-publish","format-standard","has-post-thumbnail","hentry","category-uncategorized"],"_links":{"self":[{"href":"https:\/\/tvbrazilusa.com\/pt\/wp-json\/wp\/v2\/posts\/58192","targetHints":{"allow":["GET"]}}],"collection":[{"href":"https:\/\/tvbrazilusa.com\/pt\/wp-json\/wp\/v2\/posts"}],"about":[{"href":"https:\/\/tvbrazilusa.com\/pt\/wp-json\/wp\/v2\/types\/post"}],"author":[{"embeddable":true,"href":"https:\/\/tvbrazilusa.com\/pt\/wp-json\/wp\/v2\/users\/1"}],"replies":[{"embeddable":true,"href":"https:\/\/tvbrazilusa.com\/pt\/wp-json\/wp\/v2\/comments?post=58192"}],"version-history":[{"count":1,"href":"https:\/\/tvbrazilusa.com\/pt\/wp-json\/wp\/v2\/posts\/58192\/revisions"}],"predecessor-version":[{"id":58194,"href":"https:\/\/tvbrazilusa.com\/pt\/wp-json\/wp\/v2\/posts\/58192\/revisions\/58194"}],"wp:featuredmedia":[{"embeddable":true,"href":"https:\/\/tvbrazilusa.com\/pt\/wp-json\/wp\/v2\/media\/58193"}],"wp:attachment":[{"href":"https:\/\/tvbrazilusa.com\/pt\/wp-json\/wp\/v2\/media?parent=58192"}],"wp:term":[{"taxonomy":"category","embeddable":true,"href":"https:\/\/tvbrazilusa.com\/pt\/wp-json\/wp\/v2\/categories?post=58192"},{"taxonomy":"post_tag","embeddable":true,"href":"https:\/\/tvbrazilusa.com\/pt\/wp-json\/wp\/v2\/tags?post=58192"}],"curies":[{"name":"wp","href":"https:\/\/api.w.org\/{rel}","templated":true}]}}