{"id":58207,"date":"2024-11-12T14:56:43","date_gmt":"2024-11-12T14:56:43","guid":{"rendered":"https:\/\/tvbrazilusa.com\/2024\/11\/12\/trump-convoca-os-republicanos-da-fl-rubio-e-waltz-para-funcoes-importantes-na-politica-externa\/"},"modified":"2024-11-12T15:11:15","modified_gmt":"2024-11-12T15:11:15","slug":"trump-convoca-os-republicanos-da-fl-rubio-e-waltz-para-funcoes-importantes-na-politica-externa","status":"publish","type":"post","link":"https:\/\/tvbrazilusa.com\/pt\/2024\/11\/12\/trump-convoca-os-republicanos-da-fl-rubio-e-waltz-para-funcoes-importantes-na-politica-externa\/","title":{"rendered":"Trump convoca os republicanos da FL Rubio e Waltz para fun\u00e7\u00f5es importantes na pol\u00edtica externa"},"content":{"rendered":"<p> <script async src=\"https:\/\/pagead2.googlesyndication.com\/pagead\/js\/adsbygoogle.js?client=ca-pub-8864793242727901\"\r\n     crossorigin=\"anonymous\"><\/script><br \/>\n<\/p>\n<div>\n<p>FL\u00d3RIDA \u2014 Espera-se que dois republicanos de alto escal\u00e3o da Fl\u00f3rida assumam fun\u00e7\u00f5es cr\u00edticas de pol\u00edtica externa e de seguran\u00e7a nacional na pr\u00f3xima administra\u00e7\u00e3o do presidente eleito Donald Trump, de acordo com v\u00e1rios relat\u00f3rios. <\/p>\n<\/div>\n<div>\n<p>Trump j\u00e1 pediu ao deputado norte-americano Mike Waltz para servir como seu conselheiro de seguran\u00e7a nacional e provavelmente contratar\u00e1 o senador norte-americano Marco Rubio como seu secret\u00e1rio de Estado, dizem os relat\u00f3rios. Anteriormente, ele nomeou Floridian Susie Wiles como sua nova chefe de gabinete. <\/p>\n<p>Waltz, um congressista do Partido Republicano com tr\u00eas mandatos do centro-leste da Fl\u00f3rida, foi o primeiro Boina Verde eleito para a C\u00e2mara dos EUA e foi facilmente reeleito na semana passada. Ele foi presidente do subcomit\u00ea de prontid\u00e3o dos Servi\u00e7os Armados da C\u00e2mara e membro do Comit\u00ea de Rela\u00e7\u00f5es Exteriores da C\u00e2mara e do Comit\u00ea Selecionado Permanente de Intelig\u00eancia.<\/p>\n<\/div>\n<div>\n<p>A medida colocaria Waltz na vanguarda de uma litania de crises de seguran\u00e7a nacional &#8211; que v\u00e3o desde o esfor\u00e7o cont\u00ednuo para fornecer armas \u00e0 Ucr\u00e2nia e as crescentes preocupa\u00e7\u00f5es sobre a crescente alian\u00e7a entre a R\u00fassia e a Coreia do Norte at\u00e9 aos ataques persistentes no M\u00e9dio Oriente por representantes do Ir\u00e3o e o impulso para um cessar-fogo entre Israel, o Hamas e o Hezbollah.<\/p>\n<p>Embora Trump ainda possa mudar de ideia antes de assumir o cargo, ele planeja oferecer o papel cr\u00edtico de secret\u00e1rio de Estado a Rubio antes de seu retorno \u00e0 Casa Branca em janeiro. <a href=\"https:\/\/www.nytimes.com\/2024\/11\/11\/us\/politics\/trump-rubio-secretary-of-state.html\" target=\"_blank\" rel=\"nofollow noopener\">o New York Times relatou<\/a>. <\/p>\n<\/div>\n<div>\n<p>Ric Grenell, ex-diretor interino de intelig\u00eancia nacional durante a primeira administra\u00e7\u00e3o de Trump, tamb\u00e9m est\u00e1 concorrendo ao cargo, <a href=\"https:\/\/www.cnn.com\/2024\/11\/11\/politics\/marco-rubio-secretary-of-state\/index.html\" target=\"_blank\" rel=\"nofollow noopener\">CNN disse<\/a>. <\/p>\n<p>Rubio, eleito para o Senado em 2010, foi anteriormente considerado por Trump como seu companheiro de chapa nas elei\u00e7\u00f5es presidenciais de 2024. No final das contas, o presidente eleito escolheu o senador americano JD Vance como sua escolha para vice-presidente.<\/p>\n<\/div>\n<div>\n<p>Filho de exilados cubanos, Rubio faz parte da Comiss\u00e3o de Intelig\u00eancia do Senado e da Comiss\u00e3o de Rela\u00e7\u00f5es Exteriores. Ele ocupa posi\u00e7\u00f5es semelhantes \u00e0s de Trump em v\u00e1rios conflitos internacionais, desde a invas\u00e3o da Ucr\u00e2nia pela R\u00fassia at\u00e9 a guerra de Israel com o Hamas, <a href=\"https:\/\/www.foxnews.com\/politics\/trump-expected-name-sen-marco-rubio-secretary-state-report\" target=\"_blank\" rel=\"nofollow noopener\">A Fox News disse<\/a>. Ele tamb\u00e9m adotou uma linha dura contra a China.<\/p>\n<p>O governador da Fl\u00f3rida, Ron DeSantis, desempenharia um papel fundamental para garantir que ambas as fun\u00e7\u00f5es vagas fossem preenchidas. Para a vaga na C\u00e2mara dos EUA, o governador precisaria definir uma data para uma elei\u00e7\u00e3o especial para substituir Waltz. Mesmo que ele agisse rapidamente, provavelmente ainda levaria v\u00e1rios meses at\u00e9 que uma elei\u00e7\u00e3o pudesse ser realizada, disse o Politico. <\/p>\n<\/div>\n<div>\n<p>Se Rubio for nomeado secret\u00e1rio de Estado, DeSantis nomear\u00e1 seu substituto tempor\u00e1rio, que servir\u00e1 no cargo at\u00e9 uma elei\u00e7\u00e3o especial de 2026 para completar os dois anos finais de seu mandato no Senado. <a href=\"https:\/\/www.cbsnews.com\/miami\/news\/ron-desantis-decides-rubio-senate-replacement-presidential-cabinet\/\" target=\"_blank\" rel=\"nofollow noopener\">Not\u00edcia da CBS relatada<\/a>. <\/p>\n<p>Entre aqueles que DeSantis pode considerar para a cadeira no Senado est\u00e3o a tenente-governadora Jeanette N\u00fa\u00f1ez a procuradora-geral da Fl\u00f3rida Ashley Moody o ex-presidente da C\u00e2mara da Fl\u00f3rida Jose Oliva ou o chefe de gabinete James Uthmeier <a href=\"https:\/\/www.politico.com\/news\/2024\/05\/13\/marco-rubio-vp-florida-politics-00157514?nname=florida-playbook&#038;nid=0000014f-1646-d88f-a1cf-5f46b4500000&#038;nrid=ea0617e2-44ea-42fb-91c4-57779df6b243&#038;nlid=630310\" target=\"_blank\" rel=\"nofollow noopener\">Pol\u00edtico relatado<\/a>. <\/p>\n<p><em>Este artigo inclui reportagens da Associated Press. <\/em><\/p>\n<\/div>\n<p><br \/>\n<br \/><a href=\"http:\/\/patch.com\/florida\/southtampa\/trump-taps-fl-republicans-rubio-waltz-key-foreign-policy-roles?utm_source=article-mostrecent&#038;utm_medium=rss&#038;utm_term=politics%20%26%20government&#038;utm_campaign=recirc&#038;utm_content=aol\">Source link <\/a><\/p>","protected":false},"excerpt":{"rendered":"<p>FL\u00d3RIDA \u2014 Espera-se que dois republicanos de alto escal\u00e3o da Fl\u00f3rida assumam fun\u00e7\u00f5es cr\u00edticas de pol\u00edtica externa e de seguran\u00e7a nacional na pr\u00f3xima administra\u00e7\u00e3o do presidente eleito Donald Trump, de&hellip;<\/p>","protected":false},"author":1,"featured_media":58208,"comment_status":"closed","ping_status":"open","sticky":false,"template":"","format":"standard","meta":{"content-type":"","footnotes":""},"categories":[1],"tags":[],"class_list":["post-58207","post","type-post","status-publish","format-standard","has-post-thumbnail","hentry","category-uncategorized"],"_links":{"self":[{"href":"https:\/\/tvbrazilusa.com\/pt\/wp-json\/wp\/v2\/posts\/58207","targetHints":{"allow":["GET"]}}],"collection":[{"href":"https:\/\/tvbrazilusa.com\/pt\/wp-json\/wp\/v2\/posts"}],"about":[{"href":"https:\/\/tvbrazilusa.com\/pt\/wp-json\/wp\/v2\/types\/post"}],"author":[{"embeddable":true,"href":"https:\/\/tvbrazilusa.com\/pt\/wp-json\/wp\/v2\/users\/1"}],"replies":[{"embeddable":true,"href":"https:\/\/tvbrazilusa.com\/pt\/wp-json\/wp\/v2\/comments?post=58207"}],"version-history":[{"count":1,"href":"https:\/\/tvbrazilusa.com\/pt\/wp-json\/wp\/v2\/posts\/58207\/revisions"}],"predecessor-version":[{"id":58209,"href":"https:\/\/tvbrazilusa.com\/pt\/wp-json\/wp\/v2\/posts\/58207\/revisions\/58209"}],"wp:featuredmedia":[{"embeddable":true,"href":"https:\/\/tvbrazilusa.com\/pt\/wp-json\/wp\/v2\/media\/58208"}],"wp:attachment":[{"href":"https:\/\/tvbrazilusa.com\/pt\/wp-json\/wp\/v2\/media?parent=58207"}],"wp:term":[{"taxonomy":"category","embeddable":true,"href":"https:\/\/tvbrazilusa.com\/pt\/wp-json\/wp\/v2\/categories?post=58207"},{"taxonomy":"post_tag","embeddable":true,"href":"https:\/\/tvbrazilusa.com\/pt\/wp-json\/wp\/v2\/tags?post=58207"}],"curies":[{"name":"wp","href":"https:\/\/api.w.org\/{rel}","templated":true}]}}