{"id":58239,"date":"2024-11-12T16:01:01","date_gmt":"2024-11-12T16:01:01","guid":{"rendered":"https:\/\/tvbrazilusa.com\/2024\/11\/12\/urgente-interceptacao-de-suposto-audio-sobre-negociacao-da-morte-de-empresario-por-pcc-e-policiais-ouca\/"},"modified":"2024-11-12T16:01:02","modified_gmt":"2024-11-12T16:01:02","slug":"urgente-interceptacao-de-suposto-audio-sobre-negociacao-da-morte-de-empresario-por-pcc-e-policiais-ouca","status":"publish","type":"post","link":"https:\/\/tvbrazilusa.com\/pt\/2024\/11\/12\/urgente-interceptacao-de-suposto-audio-sobre-negociacao-da-morte-de-empresario-por-pcc-e-policiais-ouca\/","title":{"rendered":"URGENTE: intercepta\u00e7\u00e3o de suposto \u00e1udio sobre negocia\u00e7\u00e3o da morte de empres\u00e1rio por PCC e policiais; OU\u00c7A"},"content":{"rendered":"<p> <script async src=\"https:\/\/pagead2.googlesyndication.com\/pagead\/js\/adsbygoogle.js?client=ca-pub-8864793242727901\"\r\n     crossorigin=\"anonymous\"><\/script><br \/>\n<\/p>\n<div>\n<figure class=\"post-image\">\n<\/figure>\n<p>            <span style=\"font-size: 12px\">Leonardo Amaro\/ Metr\u00f3poles<\/span><\/p>\n<p>            <!-- end metas --><br \/>\n            <!-- ADS --><\/p>\n<div id=\"taboola-read-more\" style=\"display:block; width:100%\">\n<p>Um \u00e1udio de uma conversa entre um policial civil e um integrante do Primeiro Comando da Capital (PCC) mostra negocia\u00e7\u00e3o da morte do empres\u00e1rio Vin\u00edcius Gritzbach, delator da fac\u00e7\u00e3o criminosa. Ele foi assassinado a tiros na \u00faltima sexta-feira (8\/11).\n<\/p>\n<p>O material, obtido pelo Metr\u00f3poles, foi gravado pelo pr\u00f3prio Vin\u00edcius, sem que os interlocutores soubessem, e entregue ao Minist\u00e9rio P\u00fablico de S\u00e3o Paulo (MPSP). Na conversa, a oferta pela morte do empres\u00e1rio \u00e9 de R$ 3 milh\u00f5es.<\/p>\n<p>Ou\u00e7a:\n<\/p>\n<blockquote class=\"twitter-tweet\" data-media-max-width=\"560\">\n<p dir=\"ltr\" lang=\"pt\">\u25b6 \u201cFacinho\u201d: \u00e1udio sugere negocia\u00e7\u00e3o da morte de delator do PCC. Ou\u00e7a<\/p>\n<p>Em \u00e1udio, policial e integrante do PCC estariam negociando morte de Vin\u00edcius Gritzbach por R$ 3 milh\u00f5es. Material foi entregue ao MPSP<\/p>\n<p>Leia: <a href=\"https:\/\/t.co\/mm2hYOcNHz\">https:\/\/t.co\/mm2hYOcNHz<\/a> <a href=\"https:\/\/t.co\/l72PucfQ34\">pic.twitter.com\/l72PucfQ34<\/a><br \/>\n\u2014 Metr\u00f3poles (@Metropoles) <a href=\"https:\/\/twitter.com\/Metropoles\/status\/1856321532831678969?ref_src=twsrc%5Etfw\">November 12, 2024<\/a><\/p>\n<\/blockquote>\n<\/div>\n<p>\u201cVoc\u00ea acha que tr\u00eas [milh\u00f5es] vai?\u201d, pergunta o integrante do PCC. \u201c\u00c9, pensa nos tr\u00eas, vai pensando, me fala depois\u201d, responde o policial. \u201cMas voc\u00ea acha que \u2018t\u00e1\u2019 f\u00e1cil resolver ou \u2018t\u00e1 complicado\u2019?\u201d, questiona o faccionado, ao que o policial afirma: \u201cT\u00e1 f\u00e1cil, facinho\u201d.\n<\/p>\n<p>O integrante do PCC ainda pergunta se \u201co passarinho t\u00e1 voando direto\u201d \u2014 se o Vin\u00edcius est\u00e1 saindo de casa. O policial responde que \u201c\u00e0s vezes voa, s\u00f3 que tem um seguran\u00e7a\u201d.\n<\/p>\n<p>O policial civil registrado na conversa \u00e9 o agente Valdenir Paulo de Almeida, conhecido como \u201cXixo\u201d. Ele foi preso pela Pol\u00edcia Federal (PF) em agosto ap\u00f3s registrar o recebimento de R$ 800 mil em propina paga por integrantes do PCC. Depois do t\u00e9rmino da liga\u00e7\u00e3o, \u201cXixo\u201d diz a Vin\u00edcius que ele \u00e9 \u201cseu irm\u00e3o\u201d.\n<\/p>\n<p>O empres\u00e1rio era jurado de morte pelo PCC por estar supostamente envolvido no assassinato de dois membros da maior fac\u00e7\u00e3o do Brasil, entre eles um chef\u00e3o. Vin\u00edcius havia sido alvo de uma tentativa de homic\u00eddio, a tiros, na noite de Natal do ano passado.\n<\/p>\n<p>O duplo homic\u00eddio ocorreu em 27 de dezembro de 2021 e teria sido cometido em parceria com o agente penitenci\u00e1rio David Moreira da Silva. No\u00e9 Alves Schaum, denunciado por ser o executor dos membros do PCC, foi assassinado em 16 de janeiro do ano passado.\n<\/p>\n<p>Vin\u00edcius fechou acordo de dela\u00e7\u00e3o premiada para ajudar na investiga\u00e7\u00e3o de um n\u00facleo do PCC envolvido com lavagem de dinheiro. Em um trecho do depoimento, obtido pelo Metr\u00f3poles, o empres\u00e1rio disse ter documentos que comprovam movimenta\u00e7\u00f5es financeiras da fac\u00e7\u00e3o.\n<\/p>\n<p>\u201cTenho planilhas de pagamentos, contrato, matr\u00edcula, contas de onde vinham seguindo o dinheiro. Ent\u00e3o, d\u00e1 para a gente fazer o caminho inverso. Tenho conversas de WhatsApp com os propriet\u00e1rios. Eu apresento [os documentos], mas a \u00fanica coisa que eu preciso, cada vez mais, \u00e9 de mais seguran\u00e7a. Eu preciso de um amparo de voc\u00eas tamb\u00e9m, sen\u00e3o voc\u00eas est\u00e3o falando com um morto-vivo hoje aqui\u201d, afirmou Vin\u00edcius Gritzbach.\n<\/p>\n<p><strong>Execu\u00e7\u00e3o no aeroporto<\/strong><br \/>Ant\u00f4nio Vin\u00edcius Lopes Gritzbach voltava de uma viagem junto com a namorada quando foi executado, na tarde da \u00faltima sexta-feira (8\/11), na \u00e1rea de desembarque do Terminal 2 do Aeroporto Internacional de S\u00e3o Paulo, em Guarulhos.\n<\/p>\n<p>Conforme apurado pelo Metr\u00f3poles, ele foi morto com um tiro de fuzil no rosto. C\u00e2meras de seguran\u00e7a registraram o momento em que os atiradores descem de um carro preto e executam o empres\u00e1rio.\n<\/p>\n<p>Outras tr\u00eas pessoas, sem nenhum v\u00ednculo com o empres\u00e1rio, ficaram feridas, segundo documento da Pol\u00edcia Civil obtido pela reportagem. Entre elas est\u00e1 o motorista Celso Ara\u00fajo Sampaio de Novais, de 41 anos. Ele morreu um dia ap\u00f3s ser encaminhado para a Unidade de Tratamento Intensivo do Hospital Geral de Guarulhos. As outras duas v\u00edtimas, de 28 e 39 anos, passam bem.<\/p>\n<p>Fonte: Metr\u00f3poles              <\/p>\n<\/div>\n<p><script async src=\"\/\/platform.twitter.com\/widgets.js\" charset=\"utf-8\"><\/script><br \/>\n<br \/><br \/>\n<br \/><a href=\"https:\/\/diariodobrasilnoticias.com.br\/noticia\/urgente-interceptacao-de-suposto-audio-sobre-negociacao-da-morte-de-empresario-por-pcc-e-policiais-ouca-67335e5df0105\">Source link <\/a><\/p>","protected":false},"excerpt":{"rendered":"<p>Leonardo Amaro\/ Metr\u00f3poles Um \u00e1udio de uma conversa entre um policial civil e um integrante do Primeiro Comando da Capital (PCC) mostra negocia\u00e7\u00e3o da morte do empres\u00e1rio Vin\u00edcius Gritzbach, delator&hellip;<\/p>","protected":false},"author":1,"featured_media":58240,"comment_status":"closed","ping_status":"open","sticky":false,"template":"","format":"standard","meta":{"content-type":"","footnotes":""},"categories":[16],"tags":[123,2448,5313,1267],"class_list":["post-58239","post","type-post","status-publish","format-standard","has-post-thumbnail","hentry","category-noticias","tag-brasil","tag-diario","tag-noticia","tag-noticias"],"_links":{"self":[{"href":"https:\/\/tvbrazilusa.com\/pt\/wp-json\/wp\/v2\/posts\/58239","targetHints":{"allow":["GET"]}}],"collection":[{"href":"https:\/\/tvbrazilusa.com\/pt\/wp-json\/wp\/v2\/posts"}],"about":[{"href":"https:\/\/tvbrazilusa.com\/pt\/wp-json\/wp\/v2\/types\/post"}],"author":[{"embeddable":true,"href":"https:\/\/tvbrazilusa.com\/pt\/wp-json\/wp\/v2\/users\/1"}],"replies":[{"embeddable":true,"href":"https:\/\/tvbrazilusa.com\/pt\/wp-json\/wp\/v2\/comments?post=58239"}],"version-history":[{"count":1,"href":"https:\/\/tvbrazilusa.com\/pt\/wp-json\/wp\/v2\/posts\/58239\/revisions"}],"predecessor-version":[{"id":58241,"href":"https:\/\/tvbrazilusa.com\/pt\/wp-json\/wp\/v2\/posts\/58239\/revisions\/58241"}],"wp:featuredmedia":[{"embeddable":true,"href":"https:\/\/tvbrazilusa.com\/pt\/wp-json\/wp\/v2\/media\/58240"}],"wp:attachment":[{"href":"https:\/\/tvbrazilusa.com\/pt\/wp-json\/wp\/v2\/media?parent=58239"}],"wp:term":[{"taxonomy":"category","embeddable":true,"href":"https:\/\/tvbrazilusa.com\/pt\/wp-json\/wp\/v2\/categories?post=58239"},{"taxonomy":"post_tag","embeddable":true,"href":"https:\/\/tvbrazilusa.com\/pt\/wp-json\/wp\/v2\/tags?post=58239"}],"curies":[{"name":"wp","href":"https:\/\/api.w.org\/{rel}","templated":true}]}}