{"id":58267,"date":"2024-11-12T16:41:42","date_gmt":"2024-11-12T16:41:42","guid":{"rendered":"https:\/\/tvbrazilusa.com\/2024\/11\/12\/pai-perde-o-controle-do-carro-atropela-e-mata-seus-filhos-gemeos-de-2-anos\/"},"modified":"2024-11-12T16:41:43","modified_gmt":"2024-11-12T16:41:43","slug":"pai-perde-o-controle-do-carro-atropela-e-mata-seus-filhos-gemeos-de-2-anos","status":"publish","type":"post","link":"https:\/\/tvbrazilusa.com\/pt\/2024\/11\/12\/pai-perde-o-controle-do-carro-atropela-e-mata-seus-filhos-gemeos-de-2-anos\/","title":{"rendered":"Pai perde o controle do carro, atropela e mata seus filhos g\u00eameos de 2 anos"},"content":{"rendered":"<p> <script async src=\"https:\/\/pagead2.googlesyndication.com\/pagead\/js\/adsbygoogle.js?client=ca-pub-8864793242727901\"\r\n     crossorigin=\"anonymous\"><\/script><br \/>\n<\/p>\n<div id=\"taboola-read-more\" style=\"display:block; width:100%\">\n<p>Dois irm\u00e3os g\u00eameos, de 2 anos, morreram ap\u00f3s serem atropelados pelo pr\u00f3prio pai na zona rural de Casa Nova, no norte da Bahia, na \u00faltima segunda-feira (11). De acordo com a Pol\u00edcia Civil, o pai das crian\u00e7as relatou que o acidente ocorreu devido a uma pane mec\u00e2nica no ve\u00edculo, e ele n\u00e3o possu\u00eda carteira de habilita\u00e7\u00e3o.\n<\/p>\n<p>Os g\u00eameos Gael Ravi Alves dos Santos e Cael Levi Alves dos Santos estavam com a m\u00e3e, pr\u00f3ximos \u00e0 resid\u00eancia da fam\u00edlia, aguardando a chegada do pai, que vinha de carro.<\/p>\n<p>Ao se aproximar da casa, o motorista n\u00e3o conseguiu frear nem desviar a tempo, atingindo os filhos, que foram prensados contra a parede da resid\u00eancia. A m\u00e3e tamb\u00e9m foi atingida.\n<\/p>\n<p>As v\u00edtimas foram socorridas e levadas ao Hospital Municipal, mas as crian\u00e7as n\u00e3o resistiram aos ferimentos.\n<\/p>\n<p>A m\u00e3e sofreu fraturas em uma das pernas e precisar\u00e1 passar por cirurgia, mas n\u00e3o corre risco de morte.<\/p>\n<p>Fonte: Gazeta Brasil              <\/p>\n<\/div>\n<p><br \/>\n<br \/><a href=\"https:\/\/diariodobrasilnoticias.com.br\/noticia\/pai-perde-o-controle-do-carro-atropela-e-mata-seus-filhos-gemeos-de-2-anos-673362f87daf2\">Source link <\/a><\/p>","protected":false},"excerpt":{"rendered":"<p>Dois irm\u00e3os g\u00eameos, de 2 anos, morreram ap\u00f3s serem atropelados pelo pr\u00f3prio pai na zona rural de Casa Nova, no norte da Bahia, na \u00faltima segunda-feira (11). De acordo com&hellip;<\/p>","protected":false},"author":1,"featured_media":58268,"comment_status":"closed","ping_status":"open","sticky":false,"template":"","format":"standard","meta":{"content-type":"","footnotes":""},"categories":[16],"tags":[123,2448,5313,1267],"class_list":["post-58267","post","type-post","status-publish","format-standard","has-post-thumbnail","hentry","category-noticias","tag-brasil","tag-diario","tag-noticia","tag-noticias"],"_links":{"self":[{"href":"https:\/\/tvbrazilusa.com\/pt\/wp-json\/wp\/v2\/posts\/58267","targetHints":{"allow":["GET"]}}],"collection":[{"href":"https:\/\/tvbrazilusa.com\/pt\/wp-json\/wp\/v2\/posts"}],"about":[{"href":"https:\/\/tvbrazilusa.com\/pt\/wp-json\/wp\/v2\/types\/post"}],"author":[{"embeddable":true,"href":"https:\/\/tvbrazilusa.com\/pt\/wp-json\/wp\/v2\/users\/1"}],"replies":[{"embeddable":true,"href":"https:\/\/tvbrazilusa.com\/pt\/wp-json\/wp\/v2\/comments?post=58267"}],"version-history":[{"count":1,"href":"https:\/\/tvbrazilusa.com\/pt\/wp-json\/wp\/v2\/posts\/58267\/revisions"}],"predecessor-version":[{"id":58269,"href":"https:\/\/tvbrazilusa.com\/pt\/wp-json\/wp\/v2\/posts\/58267\/revisions\/58269"}],"wp:featuredmedia":[{"embeddable":true,"href":"https:\/\/tvbrazilusa.com\/pt\/wp-json\/wp\/v2\/media\/58268"}],"wp:attachment":[{"href":"https:\/\/tvbrazilusa.com\/pt\/wp-json\/wp\/v2\/media?parent=58267"}],"wp:term":[{"taxonomy":"category","embeddable":true,"href":"https:\/\/tvbrazilusa.com\/pt\/wp-json\/wp\/v2\/categories?post=58267"},{"taxonomy":"post_tag","embeddable":true,"href":"https:\/\/tvbrazilusa.com\/pt\/wp-json\/wp\/v2\/tags?post=58267"}],"curies":[{"name":"wp","href":"https:\/\/api.w.org\/{rel}","templated":true}]}}