{"id":58272,"date":"2024-11-12T16:38:20","date_gmt":"2024-11-12T16:38:20","guid":{"rendered":"https:\/\/tvbrazilusa.com\/2024\/11\/12\/as-bibliotecas-da-area-de-boston-estao-contratando-assistentes-sociais-aqui-esta-o-porque\/"},"modified":"2024-11-12T16:49:03","modified_gmt":"2024-11-12T16:49:03","slug":"as-bibliotecas-da-area-de-boston-estao-contratando-assistentes-sociais-aqui-esta-o-porque","status":"publish","type":"post","link":"https:\/\/tvbrazilusa.com\/pt\/2024\/11\/12\/as-bibliotecas-da-area-de-boston-estao-contratando-assistentes-sociais-aqui-esta-o-porque\/","title":{"rendered":"As bibliotecas da \u00e1rea de Boston est\u00e3o contratando assistentes sociais. Aqui est\u00e1 o porqu\u00ea."},"content":{"rendered":"<p> <script async src=\"https:\/\/pagead2.googlesyndication.com\/pagead\/js\/adsbygoogle.js?client=ca-pub-8864793242727901\"\r\n     crossorigin=\"anonymous\"><\/script><br \/>\n<\/p>\n<div id=\"\">\n<header class=\"m-article-header m-article-header--standard\">\n\t\t\t\t\t\t\t\t\t\t\t\t<span id=\"article-header-primary-term\"><br \/>\n\t\t\t\t\t\t\t\t<a class=\"a-term a-term--primary\" href=\"https:\/\/www.boston.com\/tag\/local-news\/\"><\/p>\n<p>\t\t\t\t\t\t\t\tNot\u00edcias locais\t\t\t\t\t\t\t\t<\/a><br \/>\n\t\t\t\t\t\t\t<\/span><\/p>\n<h2 class=\"m-article-header__sub-headline\">Mais assistentes sociais est\u00e3o trabalhando em bibliotecas nos \u00faltimos anos.<\/h2>\n<figure class=\"a-photo m-article-header__photo\"><figcaption class=\"a-photo__caption\">\n<p>\tMarie Mathieu se tornou a primeira assistente social de biblioteca p\u00fablica do estado quando foi contratada para trabalhar na Biblioteca P\u00fablica de Cambridge.<em> Pat Greenhouse\/The Boston Globe<\/em>\t<\/figcaption><\/figure>\n<\/header>\n<p>Como assistente social na Biblioteca P\u00fablica de Cambridge, Marie Mathieu recebeu muitas chamadas de membros da comunidade \u2013 mas apenas uma de uma crian\u00e7a de 4 anos.<\/p>\n<p>&#8220;Muito obrigado, senhorita Marie!&#8221; a crian\u00e7a exclamou ao telefone.<\/p>\n<p>Mathieu, ex-assistente social da biblioteca, ajudou a colocar a crian\u00e7a em creche, ajudando seu respons\u00e1vel a preencher os documentos e comprovantes exigidos.<\/p>\n<p>\u201cReceber esse tipo de liga\u00e7\u00e3o de uma crian\u00e7a de 4 anos que estava apenas tentando ir para a escola e aprender foi muito, muito emocionante\u201d, disse Mathieu recentemente ao Boston.com.<\/p>\n<h2 class=\"wp-block-heading\" id=\"h-library-social-work-on-the-rise\"><strong>O trabalho social da biblioteca est\u00e1 em ascens\u00e3o<\/strong><\/h2>\n<p>Em mar\u00e7o de 2021, a Biblioteca P\u00fablica de Cambridge contratou Mathieu, tornando-se a primeira biblioteca p\u00fablica em Massachusetts a contratar um assistente social. <\/p>\n<p>\u201cEst\u00e1vamos preocupados com a falta de acesso equitativo aos servi\u00e7os de assist\u00eancia social entre os clientes e, ao mesmo tempo, perceb\u00edamos que precis\u00e1vamos ter mais aten\u00e7\u00e3o e cuidado com as pessoas que precisam desse alto n\u00edvel de assist\u00eancia\u201d, Diretor da Biblioteca P\u00fablica de Cambridge Maria McCauley disse ao Boston.com.<\/p>\n<p>Desde ent\u00e3o, outras bibliotecas come\u00e7aram a seguir o exemplo, \u00e0 medida que um n\u00famero crescente de assistentes sociais tem vindo a trabalhar nas bibliotecas nos \u00faltimos anos. <\/p>\n<p>Uma das suas principais fun\u00e7\u00f5es \u00e9 conectar as pessoas com programas de servi\u00e7o social para apoiar as suas necessidades.<\/p>\n<p>\u201cAs bibliotecas est\u00e3o come\u00e7ando a ver o valor de ter um assistente social para apoiar as pessoas necessitadas\u201d, disse Rebekah Gewirtz, diretora executiva da Associa\u00e7\u00e3o Nacional de Assistentes Sociais, ao Boston.com.<\/p>\n<p>Os servi\u00e7os sociais t\u00eam sido mais \u201cagu\u00e7ados\u201d desde a pandemia, disse Gewirtz, o que aumentou a necessidade de assistentes sociais para bibliotecas.<\/p>\n<p>\u201cEssas tend\u00eancias t\u00eam levado mais pessoas a procurar ajuda em espa\u00e7os p\u00fablicos\u201d, disse ela.<\/p>\n<p>Em muitas comunidades, as bibliotecas, \u201cum ref\u00fagio seguro para os menos favorecidos\u201d, s\u00e3o o \u201c\u00fanico espa\u00e7o livre que acolhe todos na comunidade\u201d, disse Michelle Eberle, consultora do Sistema de Bibliotecas de Massachusetts.<\/p>\n<h2 class=\"wp-block-heading\" id=\"h-what-do-library-social-workers-do\"><strong>O que fazem os assistentes sociais da biblioteca?<\/strong><\/h2>\n<p>Os assistentes sociais da biblioteca t\u00eam um duplo prop\u00f3sito de ajudar os usu\u00e1rios da biblioteca e, ao mesmo tempo, apoiar os funcion\u00e1rios da biblioteca com treinamento sobre como apoiar os membros da comunidade, disse Eberle ao Boston.com.<\/p>\n<p>Os assistentes sociais podem ajudar a conectar as pessoas com os recursos da comunidade para resolver quest\u00f5es como habita\u00e7\u00e3o, inseguran\u00e7a alimentar, desemprego e cuidados de sa\u00fade, disse ela. <\/p>\n<p>Os assistentes sociais tamb\u00e9m oferecem forma\u00e7\u00e3o ao pessoal sobre temas como desescalada, trauma, cuidados informados e autocuidado, disse Eberle.<\/p>\n<p>\u201cOs bibliotec\u00e1rios e funcion\u00e1rios da biblioteca n\u00e3o s\u00e3o treinados como assistentes sociais, portanto n\u00e3o possuem as habilidades espec\u00edficas para trabalhar com pessoas que est\u00e3o em crise\u201d, disse Michael Colford, diretor de Servi\u00e7os Bibliotec\u00e1rios da Biblioteca P\u00fablica de Boston, ao Boston.com.<\/p>\n<h2 class=\"wp-block-heading\" id=\"h-which-massachusetts-libraries-have-social-workers\"><strong>Quais bibliotecas de Massachusetts t\u00eam assistentes sociais?<\/strong><\/h2>\n<p>Boston, Cambridge, Somerville e Worcester t\u00eam assistentes sociais em sua equipe. <\/p>\n<p>A Biblioteca P\u00fablica de Boston contratou seu primeiro assistente social em maio de 2022.<\/p>\n<p>\u201cRapidamente ficou claro que havia muito trabalho a ser feito ali, e era muito mais do que uma pessoa poderia realizar\u201d, disse Colford ao Boston.com.<\/p>\n<p>Colford disse que pretende expandir o programa de servi\u00e7o social, criando um cargo de gerente de servi\u00e7o social, bem como um assistente social. A biblioteca tamb\u00e9m conta com estagi\u00e1rios de servi\u00e7o social e est\u00e1 iniciando o programa \u201cCare Navigator\u201d.<\/p>\n<p>\u201cUm navegador de pares \u00e9 algu\u00e9m que viveu experi\u00eancias de inseguran\u00e7a habitacional, depend\u00eancia ou doen\u00e7a mental e os superou e foi servido para trabalhar com colegas nessas quest\u00f5es\u201d, disse Colford.<\/p>\n<p>Al\u00e9m disso, h\u00e1 uma \u201ctend\u00eancia crescente\u201d de assistentes sociais comunit\u00e1rios que prestam servi\u00e7os em bibliotecas p\u00fablicas em todo o estado, segundo Eberle.<\/p>\n<p>\u201cAtualmente temos conhecimento de cerca de 20 assistentes sociais comunit\u00e1rios em Massachusetts que colaboram com bibliotecas p\u00fablicas\u201d, disse ela.<\/p>\n<p>Em Newburyport, uma assistente social local, que criou um cart\u00e3o de recursos para os bibliotec\u00e1rios encaminharem os clientes para recursos e apoio locais, tem horas semanais de trabalho social na biblioteca.<\/p>\n<p>Em Pittsfield, o assistente social municipal vai \u00e0 biblioteca pelo menos uma vez por semana e, em Ludlow, h\u00e1 hor\u00e1rios mensais de visita de trabalho social na biblioteca.<\/p>\n<h2 class=\"wp-block-heading\" id=\"h-beyond-massachusetts\"><strong>Al\u00e9m de Massachusetts<\/strong><\/h2>\n<p>Enquanto trabalhava na biblioteca de Cambridge, Mathieu disse que se conectava regularmente com um grupo de assistentes sociais de bibliotecas de todo o pa\u00eds.<\/p>\n<p>\u201cTodos n\u00f3s fal\u00e1vamos sobre os desafios que enfrent\u00e1vamos em nossa biblioteca espec\u00edfica ou ped\u00edamos conselhos sobre como eles lidaram com uma situa\u00e7\u00e3o espec\u00edfica\u201d, disse ela. \u201cN\u00f3s realmente nos apoiamos uns nos outros para obter muito apoio, especialmente na constru\u00e7\u00e3o desses novos programas.\u201d<\/p>\n<p>Mathieu disse que era uma \u201cpaisagem solit\u00e1ria\u201d ser o primeiro assistente social de biblioteca em Massachusetts.<\/p>\n<p>\u201cEu dependia muito dos meus colegas de outros estados\u201d, disse ela.<\/p>\n<p>Em 2009, a Biblioteca P\u00fablica de S\u00e3o Francisco tornou-se a <a href=\"https:\/\/www.pbs.org\/newshour\/show\/library-social-worker-helps-homeless-seeking-quiet-refuge\">primeira biblioteca do pa\u00eds<\/a> contratar uma assistente social.<\/p>\n<p>\u201cTer conversas com [people at the San Francisco Public Library] sobre sermos os pioneiros deste trabalho e receber conselhos deles foi realmente crucial e ben\u00e9fico para criar algo em Massachusetts\u201d, disse Mathieu.<\/p>\n<div class=\"o-author-single has-avatar\">\n<header class=\"m-author-card\">\n<div class=\"a-image a-image--square m-author-card__image\">\n\t\t<img decoding=\"async\" class=\"\" src=\"https:\/\/www.boston.com\/wp-content\/uploads\/2024\/09\/cropped-1708366528224-66f6a3bb1db19-66f6a3c33f251.jpg\" alt=\"Imagem do perfil de Lindsay Shachnow\"\/>\t<\/div>\n<\/header>\n<section class=\"author-info\">\n<hr class=\"m-author__section--hr\"\/>\n<div class=\"m-author__section\">\n<p>Lindsay Shachnow cobre not\u00edcias de atribui\u00e7\u00f5es gerais para <a href=\"http:\/\/boston.com\/\">Boston.com<\/a>reportando as \u00faltimas not\u00edcias, crimes e pol\u00edtica em toda a Nova Inglaterra.<\/p>\n<\/div>\n<hr class=\"m-author__section--hr\"\/>\t<\/section>\n<\/div>\n<div class=\"m-block m-generic-cta\t m-generic-cta--post-content\t m-generic-cta--dark\t m-generic-cta--homepage\t m-generic-cta--email-signup\t\t m-generic-cta-block-style--default \tt-amp__generic-cta\"><\/p>\n<div class=\"m-generic-cta__wrap\">\n<div class=\"m-generic-cta__content\">\n<h3 class=\"m-generic-cta__title\">Boston.com hoje<\/h3>\n<p class=\"m-generic-cta__subtitle\">Inscreva-se para receber as \u00faltimas manchetes em sua caixa de entrada todas as manh\u00e3s.<\/p>\n<\/p><\/div>\n<\/p><\/div>\n<\/div><\/div>\n<p><script>\n\t\tvar consent=\"grant\";\n\t\t\/* The above code is parsing the JSON data from the local storage and storing it in a variable. *\/\n\t\t\t\t\tconst onetrustStorageConsent = JSON.parse(localStorage.getItem( 'consent_one_trust_bdc' ) );\n\t\t\tif ( ( onetrustStorageConsent !== null ) ) {\n\t\t\t\t\/* Checking to see if the user has consented to the use of cookies.\n\t\t\t\t* If they have not, it is deleting the cookie.\n\t\t\t\t* This will comment for now, until further notice.\n\t\t\t\t*\/\n\t\t\t\t\/\/if ( onetrustStorageConsent.C0002 === false ) {\n\t\t\t\t\/\/\tdocument.cookie=\"_fbp=;expires=Thu, 01 Jan 2010 00:00:00 UTC; path=\/; domain=.boston.com\";\n\t\t\t\t\/\/}\n\t\t\t\t\/* Checking if the user has given consent for the cookie C0002.\n\t\t\t\t* If the user has given consent, the variable consent will be set to 'grant'.\n\t\t\t\t* If the user has not given consent,the variable consent will be set to 'revoke'.\n\t\t\t\t* Documentation https:\/\/developers.facebook.com\/docs\/meta-pixel\/implementation\/gdpr\n\t\t\t\t*\/\n\t\t\t\tif ( onetrustStorageConsent.C0002 !== true ) {\n\t\t\t\t\tconsent=\"revoke\";\n\t\t\t\t}\n\t\t\t}\n\t\t\t\t!function(f,b,e,v,n,t,s)\n\t\t{if(f.fbq)return;n=f.fbq=function(){n.callMethod?\n\t\tn.callMethod.apply(n,arguments):n.queue.push(arguments)};\n\t\tif(!f._fbq)f._fbq=n;n.push=n;n.loaded=!0;n.version='2.0';\n\t\tn.queue=[];t=b.createElement(e);t.async=!0;\n\t\tt.src=v;s=b.getElementsByTagName(e)[0];\n\t\ts.parentNode.insertBefore(t,s)}(window, document,'script',\n\t\t'https:\/\/connect.facebook.net\/en_US\/fbevents.js');\n\t\tfbq('consent', consent);\n\t\tfbq('init', '989222871864976');\n\t\tfbq('track', 'PageView');\n\t<\/script><script type=\"module\">\n\t\tvar consent=\"grant\";\n\t\t\/* The above code is parsing the JSON data from the local storage and storing it in a variable. *\/\n\t\t\tconst onetrustStorageConsent = JSON.parse(localStorage.getItem( 'consent_one_trust_bdc' ) );\n\t\t\t\/* Checking to see if the user has consented to the use of cookies.\n\t\t\t* If they have not, it is deleting the cookie.\n\t\t\t* This will comment for now, until further notice.\n\t\t\t*\/\n\t\t\t\/\/if ( onetrustStorageConsent.C0002 === false ) {\n\t\t\t\/\/\tdocument.cookie=\"_fbp=;expires=Thu, 01 Jan 2010 00:00:00 UTC; path=\/; domain=.boston.com\";\n\t\t\t\/\/}\n\t\t\t\/* Checking if the user has given consent for the cookie C0002.\n\t\t\t* If the user has given consent, the variable consent will be set to 'grant'.\n\t\t\t* If the user has not given consent,the variable consent will be set to 'revoke'.\n\t\t\t* Documentation https:\/\/developers.facebook.com\/docs\/meta-pixel\/implementation\/gdpr\n\t\t\t*\/\n\t\t\tif ( ( onetrustStorageConsent !== null ) && (onetrustStorageConsent.C0002 !== true ) ) {\n\t\t\t\tconsent=\"revoke\";\n\t\t\t}\n\t\t\t\t!function(f,b,e,v,n,t,s){if(f.fbq)return;n=f.fbq=function()\n\t\t{n.callMethod? n.callMethod.apply(n,arguments):n.queue.push(arguments)}\n\t\t;if(!f._fbq)f._fbq=n;\n\t\tn.push=n;n.loaded=!0;n.version='2.0';n.queue=[];t=b.createElement(e);t.async=!0;\n\t\tt.src=v;s=b.getElementsByTagName(e)[0];s.parentNode.insertBefore(t,s)}(window,\n\t\tdocument,'script','https:\/\/connect.facebook.net\/en_US\/fbevents.js');\n\t\tfbq('consent', consent);\n\t\tfbq('init', '813236348753005');\n\t\tfbq('track', \"PageView\");\n\t<\/script><br \/>\n<br \/><br \/>\n<br \/><a href=\"https:\/\/www.boston.com\/news\/local-news\/2024\/11\/12\/boston-area-libraries-are-employing-social-workers-heres-why\/\">Source link <\/a><\/p>","protected":false},"excerpt":{"rendered":"<p>Not\u00edcias locais Mais assistentes sociais est\u00e3o trabalhando em bibliotecas nos \u00faltimos anos. Marie Mathieu se tornou a primeira assistente social de biblioteca p\u00fablica do estado quando foi contratada para trabalhar&hellip;<\/p>","protected":false},"author":1,"featured_media":58273,"comment_status":"closed","ping_status":"open","sticky":false,"template":"","format":"standard","meta":{"content-type":"","footnotes":""},"categories":[1],"tags":[],"class_list":["post-58272","post","type-post","status-publish","format-standard","has-post-thumbnail","hentry","category-uncategorized"],"_links":{"self":[{"href":"https:\/\/tvbrazilusa.com\/pt\/wp-json\/wp\/v2\/posts\/58272","targetHints":{"allow":["GET"]}}],"collection":[{"href":"https:\/\/tvbrazilusa.com\/pt\/wp-json\/wp\/v2\/posts"}],"about":[{"href":"https:\/\/tvbrazilusa.com\/pt\/wp-json\/wp\/v2\/types\/post"}],"author":[{"embeddable":true,"href":"https:\/\/tvbrazilusa.com\/pt\/wp-json\/wp\/v2\/users\/1"}],"replies":[{"embeddable":true,"href":"https:\/\/tvbrazilusa.com\/pt\/wp-json\/wp\/v2\/comments?post=58272"}],"version-history":[{"count":1,"href":"https:\/\/tvbrazilusa.com\/pt\/wp-json\/wp\/v2\/posts\/58272\/revisions"}],"predecessor-version":[{"id":58274,"href":"https:\/\/tvbrazilusa.com\/pt\/wp-json\/wp\/v2\/posts\/58272\/revisions\/58274"}],"wp:featuredmedia":[{"embeddable":true,"href":"https:\/\/tvbrazilusa.com\/pt\/wp-json\/wp\/v2\/media\/58273"}],"wp:attachment":[{"href":"https:\/\/tvbrazilusa.com\/pt\/wp-json\/wp\/v2\/media?parent=58272"}],"wp:term":[{"taxonomy":"category","embeddable":true,"href":"https:\/\/tvbrazilusa.com\/pt\/wp-json\/wp\/v2\/categories?post=58272"},{"taxonomy":"post_tag","embeddable":true,"href":"https:\/\/tvbrazilusa.com\/pt\/wp-json\/wp\/v2\/tags?post=58272"}],"curies":[{"name":"wp","href":"https:\/\/api.w.org\/{rel}","templated":true}]}}