{"id":58281,"date":"2024-11-12T17:09:04","date_gmt":"2024-11-12T17:09:04","guid":{"rendered":"https:\/\/tvbrazilusa.com\/2024\/11\/12\/ex-assessor-montessori-acusado-de-bater-e-arrastar-crianca-de-2-anos-na-escola-de-nj\/"},"modified":"2024-11-12T17:09:53","modified_gmt":"2024-11-12T17:09:53","slug":"ex-assessor-montessori-acusado-de-bater-e-arrastar-crianca-de-2-anos-na-escola-de-nj","status":"publish","type":"post","link":"https:\/\/tvbrazilusa.com\/pt\/2024\/11\/12\/ex-assessor-montessori-acusado-de-bater-e-arrastar-crianca-de-2-anos-na-escola-de-nj\/","title":{"rendered":"Ex-assessor Montessori acusado de bater e arrastar crian\u00e7a de 2 anos na escola de NJ"},"content":{"rendered":"<script async src=\"https:\/\/pagead2.googlesyndication.com\/pagead\/js\/adsbygoogle.js?client=ca-pub-8864793242727901\"\r\n     crossorigin=\"anonymous\"><\/script>\n<div>\n<p class=\"article__paragraph article__paragraph--left\" id=\"VR7MQYY2GBH7TPNB7IZ3OULOLY\">Um ex-assessor de uma escola Apple Montessori no condado de Passaic foi acusado de agredir uma crian\u00e7a de 2 anos durante o ver\u00e3o, disseram as autoridades na ter\u00e7a-feira.<\/p>\n<p class=\"article__paragraph article__paragraph--left\" id=\"656ZKOBXABFXDNWQGUVGHNXZC4\">O incidente ocorreu em 13 de agosto na escola em Nevins Road, em Wayne, onde a mulher trabalhava, de acordo com a promotora do condado de Passaic, Camelia M. Valdes.<\/p>\n<p class=\"article__paragraph article__paragraph--left\" id=\"5FBP4EH7YZHB3JCUCDT73X4POQ\">A assessora de 19 anos \u201cbateu e arrastou uma crian\u00e7a de 2 anos sob seus cuidados, causando les\u00f5es corporais \u00e0 crian\u00e7a\u201d, disse Vald\u00e9s em comunicado na ter\u00e7a-feira.<\/p>\n<p class=\"article__paragraph article__paragraph--left\" id=\"FWMD6JXLG5FJJDF5QYB5FFA2QI\">O trabalhador, que mora em River Edge, no condado de Bergen, recebeu uma intima\u00e7\u00e3o para comparecer ao tribunal por abuso de crian\u00e7a em quarto grau e agress\u00e3o simples como crime de pessoa desordeira. <\/p>\n<p class=\"article__paragraph article__paragraph--left\" id=\"BLEMRVNWEFFXPN3L5ZTBJGUOZU\">O promotor disse que o assunto ser\u00e1 encaminhado a um grande j\u00fari para poss\u00edvel acusa\u00e7\u00e3o. As informa\u00e7\u00f5es do advogado da mulher n\u00e3o estavam dispon\u00edveis na ter\u00e7a-feira.<\/p>\n<p class=\"article__paragraph article__paragraph--left\" id=\"WDV4SOHFNNHTHDUDGOIJCPF524\">Um supervisor que atendeu o telefone na escola Wayne na ter\u00e7a-feira se recusou a responder perguntas, mas disse que a mulher n\u00e3o trabalha mais na escola.<\/p>\n<section class=\"Stories-By-Author-module_wrapper__ezbcK Stories-By-Author-module_nj__Ap1-Y\"\/>\n<p class=\"article__paragraph article__paragraph--left\" id=\"OZ4TH2ZU4ZBSJKUXYZQDCNI7SM\"><a href=\"https:\/\/connect.nj.com\/user\/AAttrino\/posts.html\"><i>Anthony G. Attrino<\/i><\/a><i>  pode ser alcan\u00e7ado em <\/i><a href=\"https:\/\/www.nj.com\/passaic-county\/2024\/11\/mailto:tattrino@njadvancemedia.com\"><i>tattrino@njadvancemedia.com<\/i><\/a><i>. Siga-o no Twitter <\/i><a href=\"https:\/\/twitter.com\/TonyAttrino\"><i>@TonyAttrino<\/i><\/a><i>. Encontrar <\/i><a href=\"https:\/\/https\/\/www.facebook.com\/BergenCountyNJ\/\"><i>NJ.com no Facebook<\/i><\/a><i>.<\/i><\/p>\n<\/div>\n<p><script async src=\"\/\/platform.twitter.com\/widgets.js\" charset=\"utf-8\"><\/script><br \/>\n<br \/><br \/>\n<br \/><a href=\"https:\/\/www.nj.com\/passaic-county\/2024\/11\/ex-montessori-aide-charged-with-slamming-dragging-2-year-old-at-nj-school.html\">Source link <\/a><\/p>","protected":false},"excerpt":{"rendered":"<p>Um ex-assessor de uma escola Apple Montessori no condado de Passaic foi acusado de agredir uma crian\u00e7a de 2 anos durante o ver\u00e3o, disseram as autoridades na ter\u00e7a-feira. O incidente&hellip;<\/p>","protected":false},"author":1,"featured_media":58282,"comment_status":"closed","ping_status":"open","sticky":false,"template":"","format":"standard","meta":{"content-type":"","footnotes":""},"categories":[1],"tags":[],"class_list":["post-58281","post","type-post","status-publish","format-standard","has-post-thumbnail","hentry","category-uncategorized"],"_links":{"self":[{"href":"https:\/\/tvbrazilusa.com\/pt\/wp-json\/wp\/v2\/posts\/58281","targetHints":{"allow":["GET"]}}],"collection":[{"href":"https:\/\/tvbrazilusa.com\/pt\/wp-json\/wp\/v2\/posts"}],"about":[{"href":"https:\/\/tvbrazilusa.com\/pt\/wp-json\/wp\/v2\/types\/post"}],"author":[{"embeddable":true,"href":"https:\/\/tvbrazilusa.com\/pt\/wp-json\/wp\/v2\/users\/1"}],"replies":[{"embeddable":true,"href":"https:\/\/tvbrazilusa.com\/pt\/wp-json\/wp\/v2\/comments?post=58281"}],"version-history":[{"count":1,"href":"https:\/\/tvbrazilusa.com\/pt\/wp-json\/wp\/v2\/posts\/58281\/revisions"}],"predecessor-version":[{"id":58283,"href":"https:\/\/tvbrazilusa.com\/pt\/wp-json\/wp\/v2\/posts\/58281\/revisions\/58283"}],"wp:featuredmedia":[{"embeddable":true,"href":"https:\/\/tvbrazilusa.com\/pt\/wp-json\/wp\/v2\/media\/58282"}],"wp:attachment":[{"href":"https:\/\/tvbrazilusa.com\/pt\/wp-json\/wp\/v2\/media?parent=58281"}],"wp:term":[{"taxonomy":"category","embeddable":true,"href":"https:\/\/tvbrazilusa.com\/pt\/wp-json\/wp\/v2\/categories?post=58281"},{"taxonomy":"post_tag","embeddable":true,"href":"https:\/\/tvbrazilusa.com\/pt\/wp-json\/wp\/v2\/tags?post=58281"}],"curies":[{"name":"wp","href":"https:\/\/api.w.org\/{rel}","templated":true}]}}