{"id":58295,"date":"2024-11-12T16:51:35","date_gmt":"2024-11-12T16:51:35","guid":{"rendered":"https:\/\/tvbrazilusa.com\/2024\/11\/12\/tempestade-tropical-sara-provavelmente-se-formara-como-frente-fria-esperada-na-florida\/"},"modified":"2024-11-12T17:36:46","modified_gmt":"2024-11-12T17:36:46","slug":"tempestade-tropical-sara-provavelmente-se-formara-como-frente-fria-esperada-na-florida","status":"publish","type":"post","link":"https:\/\/tvbrazilusa.com\/pt\/2024\/11\/12\/tempestade-tropical-sara-provavelmente-se-formara-como-frente-fria-esperada-na-florida\/","title":{"rendered":"Tempestade tropical Sara provavelmente se formar\u00e1 como frente fria esperada na Fl\u00f3rida"},"content":{"rendered":"<p> <script async src=\"https:\/\/pagead2.googlesyndication.com\/pagead\/js\/adsbygoogle.js?client=ca-pub-8864793242727901\"\r\n     crossorigin=\"anonymous\"><\/script><br \/>\n<\/p>\n<div>\n<p>FL\u00d3RIDA \u2013 Uma \u00e1rea na regi\u00e3o central do Mar do Caribe provavelmente se transformar\u00e1 na tempestade tropical Sara, j\u00e1 que uma frente fria dever\u00e1 chegar \u00e0 Fl\u00f3rida no meio da semana, disseram meteorologistas. <\/p>\n<\/div>\n<div>\n<p>A onda tropical no Mar do Caribe, que est\u00e1 produzindo aguaceiros e tempestades desorganizadas, tem 80% de chance de evoluir para uma depress\u00e3o ou tempestade tropical nos pr\u00f3ximos sete dias e 40% de chance nos pr\u00f3ximos dois dias. <a href=\"https:\/\/www.nhc.noaa.gov\/\" target=\"_blank\" rel=\"nofollow noopener\">o Centro Nacional de Furac\u00f5es disse<\/a>. <\/p>\n<p>O sistema provavelmente se desenvolver\u00e1 \u00e0 medida que se move lentamente para oeste, em dire\u00e7\u00e3o ao oeste do Mar do Caribe, disseram especialistas do NHC. \u201cDepois disso, espera-se que a perturba\u00e7\u00e3o serpenteie pelo oeste do Caribe<br \/>Mar durante o fim de semana e come\u00e7ar a mover-se lentamente, geralmente para noroeste, no in\u00edcio da pr\u00f3xima semana.<\/p>\n<\/div>\n<div>\n<p>Denis Phillips, meteorologista-chefe da ABC Action News, <a href=\"https:\/\/www.facebook.com\/denisphillipsweatherman\" target=\"_blank\" rel=\"nofollow noopener\">escreveu em uma postagem no Facebook<\/a>\u201cSara provavelmente se desenvolver\u00e1 neste fim de semana. H\u00e1 um acordo de modelo surpreendentemente bom at\u00e9 aqui. Se ficar no Caribe em vez de ir para a Am\u00e9rica Central, poder\u00e1 se tornar um furac\u00e3o.\u201d<\/p>\n<p>Embora a pista seja desconhecida, se afetar a Fl\u00f3rida, ser\u00e1 no meio da semana que vem, acrescentou Phillips. <\/p>\n<\/div>\n<div><a href=\"https:\/\/patch.com\/florida\/sarasota\/hurricane-season-lull-continue-less-storms-expected-accuweather\"><strong\/><\/a> <\/p>\n<p>Ao mesmo tempo, as temperaturas dever\u00e3o cair \u00e0 medida que uma frente fria avan\u00e7a na sexta-feira. Espera-se que traga ar mais frio e seco para partes do estado at\u00e9 o fim de semana.<\/p>\n<p>S\u00e1bado e domingo ser\u00e3o ensolarados, com m\u00e1ximas chegando aos 70 na Fl\u00f3rida Central, <a href=\"https:\/\/www.fox35orlando.com\/news\/orlando-weather-partly-cloudy-skies-warm-temperatures-veterans-day\" target=\"_blank\" rel=\"nofollow noopener\">Fox 35 relatado<\/a>. <\/p>\n<\/div>\n<div>\n<p>Enquanto isso, as m\u00ednimas noturnas na regi\u00e3o podem cair para os 50 graus, com as temperaturas chegando aos 40 graus a partir de Gainesville ao norte, <a href=\"https:\/\/www.weather.gov\/tbw\/\" target=\"_blank\" rel=\"nofollow noopener\">de acordo com o Servi\u00e7o Meteorol\u00f3gico Nacional<\/a>. <\/p>\n<p>A \u00e1rea de Tampa Bay pode registrar m\u00ednimas noturnas de cerca de 58 graus na sexta-feira, 57 graus no s\u00e1bado e cerca de 59 graus no domingo. <\/p>\n<\/div>\n<div>\n<p>O sul da Fl\u00f3rida tamb\u00e9m poder\u00e1 ver temperaturas matinais na casa dos 60 graus, <a href=\"https:\/\/www.nbcmiami.com\/news\/local\/a-cold-front-is-on-its-way-to-florida-heres-when-it-will-get-here-and-what-changes-are-expected\/3468946\/\" target=\"_blank\" rel=\"nofollow noopener\">NBC Miami disse<\/a>.<\/p>\n<\/div>\n<p><br \/>\n<br \/><a href=\"http:\/\/patch.com\/florida\/sarasota\/tropical-storm-sara-likely-form-cold-front-expected-fl?utm_source=article-mostrecent&#038;utm_medium=rss&#038;utm_term=weather&#038;utm_campaign=recirc&#038;utm_content=aol\">Source link <\/a><\/p>","protected":false},"excerpt":{"rendered":"<p>FL\u00d3RIDA \u2013 Uma \u00e1rea na regi\u00e3o central do Mar do Caribe provavelmente se transformar\u00e1 na tempestade tropical Sara, j\u00e1 que uma frente fria dever\u00e1 chegar \u00e0 Fl\u00f3rida no meio da&hellip;<\/p>","protected":false},"author":1,"featured_media":58296,"comment_status":"closed","ping_status":"open","sticky":false,"template":"","format":"standard","meta":{"content-type":"","footnotes":""},"categories":[1],"tags":[],"class_list":["post-58295","post","type-post","status-publish","format-standard","has-post-thumbnail","hentry","category-uncategorized"],"_links":{"self":[{"href":"https:\/\/tvbrazilusa.com\/pt\/wp-json\/wp\/v2\/posts\/58295","targetHints":{"allow":["GET"]}}],"collection":[{"href":"https:\/\/tvbrazilusa.com\/pt\/wp-json\/wp\/v2\/posts"}],"about":[{"href":"https:\/\/tvbrazilusa.com\/pt\/wp-json\/wp\/v2\/types\/post"}],"author":[{"embeddable":true,"href":"https:\/\/tvbrazilusa.com\/pt\/wp-json\/wp\/v2\/users\/1"}],"replies":[{"embeddable":true,"href":"https:\/\/tvbrazilusa.com\/pt\/wp-json\/wp\/v2\/comments?post=58295"}],"version-history":[{"count":1,"href":"https:\/\/tvbrazilusa.com\/pt\/wp-json\/wp\/v2\/posts\/58295\/revisions"}],"predecessor-version":[{"id":58297,"href":"https:\/\/tvbrazilusa.com\/pt\/wp-json\/wp\/v2\/posts\/58295\/revisions\/58297"}],"wp:featuredmedia":[{"embeddable":true,"href":"https:\/\/tvbrazilusa.com\/pt\/wp-json\/wp\/v2\/media\/58296"}],"wp:attachment":[{"href":"https:\/\/tvbrazilusa.com\/pt\/wp-json\/wp\/v2\/media?parent=58295"}],"wp:term":[{"taxonomy":"category","embeddable":true,"href":"https:\/\/tvbrazilusa.com\/pt\/wp-json\/wp\/v2\/categories?post=58295"},{"taxonomy":"post_tag","embeddable":true,"href":"https:\/\/tvbrazilusa.com\/pt\/wp-json\/wp\/v2\/tags?post=58295"}],"curies":[{"name":"wp","href":"https:\/\/api.w.org\/{rel}","templated":true}]}}