{"id":58313,"date":"2024-11-12T18:11:33","date_gmt":"2024-11-12T18:11:33","guid":{"rendered":"https:\/\/tvbrazilusa.com\/2024\/11\/12\/pt-e-partidos-de-esquerda-assinam-manifesto-contra-os-cortes-de-gastos-no-governo-lula\/"},"modified":"2024-11-12T18:11:35","modified_gmt":"2024-11-12T18:11:35","slug":"pt-e-partidos-de-esquerda-assinam-manifesto-contra-os-cortes-de-gastos-no-governo-lula","status":"publish","type":"post","link":"https:\/\/tvbrazilusa.com\/pt\/2024\/11\/12\/pt-e-partidos-de-esquerda-assinam-manifesto-contra-os-cortes-de-gastos-no-governo-lula\/","title":{"rendered":"PT e partidos de esquerda assinam manifesto contra os cortes de gastos no governo Lula."},"content":{"rendered":"<p> <script async src=\"https:\/\/pagead2.googlesyndication.com\/pagead\/js\/adsbygoogle.js?client=ca-pub-8864793242727901\"\r\n     crossorigin=\"anonymous\"><\/script><br \/>\n<\/p>\n<div id=\"taboola-read-more\" style=\"display:block; width:100%\">\n<p>O PT, o PDT, o Psol e o PCdoB assinaram um manifesto contra o corte de gastos em \u00e1reas sociais e com cr\u00edticas \u00e0 press\u00e3o pela apresenta\u00e7\u00e3o de um ajuste fiscal por parte do presidente Luiz In\u00e1cio Lula da Silva (PT).\n<\/p>\n<p>O texto foi encabe\u00e7ado por movimentos sociais ligados ao PT, partido do chefe do Planalto, e foi lan\u00e7ado no \u00faltimo domingo, 10. Desde a semana passada, Lula e sua equipe econ\u00f4mica ensaiam apresentar um pacote de conten\u00e7\u00e3o de despesas do Or\u00e7amento.<\/p>\n<p>A presidente nacional do PT, deputada Gleisi Hoffmann (PR), assinou o manifesto em nome do partido. Gleisi \u00e9 cr\u00edtica de medidas defendidas e discutidas pelo ministro da Fazenda, Fernando Haddad, e tem se colocado publicamente contra a desvincula\u00e7\u00e3o de benef\u00edcios \u00e0 valoriza\u00e7\u00e3o do sal\u00e1rio m\u00ednimo e mudan\u00e7as nos pisos de sa\u00fade e educa\u00e7\u00e3o \u2014 despesas que pressionam o arcabou\u00e7o fiscal.\n<\/p>\n<p>O que diz o manifesto contra o corte de gastos, que est\u00e1 \u201cem linha com falas recentes de Lula\u201d<br \/>O manifesto recebeu o t\u00edtulo de \u201cMercado financeiro e m\u00eddia n\u00e3o podem ditar as regras para o pa\u00eds\u201d. Nos bastidores, aliados do governo observam que o conte\u00fado est\u00e1 em linha com falas recentes do presidente Lula, que tem feito cr\u00edticas ao mercado financeiro quando o assunto \u00e9 corte de gastos e cobrado a taxa\u00e7\u00e3o de pessoas ricas e corte de subs\u00eddios.\n<\/p>\n<p>\u201cNo momento em que o governo federal, eleito para reconstruir o pa\u00eds, vem obtendo resultados significativos na recupera\u00e7\u00e3o do n\u00edvel de emprego, do sal\u00e1rio e da renda da popula\u00e7\u00e3o, tais avan\u00e7os s\u00e3o apresentados como pretexto para for\u00e7ar ainda mais a eleva\u00e7\u00e3o da taxa b\u00e1sica de juros, quando o pa\u00eds e suas for\u00e7as produtivas demandam exatamente o contr\u00e1rio: mais cr\u00e9dito e mais investimento para fazer a economia girar\u201d, diz a carta.\n<\/p>\n<p>O manifesto cr\u00edtica press\u00f5es que v\u00e3o contra o reajuste real (acima da infla\u00e7\u00e3o) do sal\u00e1rio m\u00ednimo, a vincula\u00e7\u00e3o do valor \u00e0s aposentadorias e ao Benef\u00edcio de Presta\u00e7\u00e3o Continuada (BPC), o seguro-desemprego, os direitos do trabalhador sobre o FGTS e os pisos constitucionais da sa\u00fade e da educa\u00e7\u00e3o.\n<\/p>\n<p>\u201cChega de hipocrisia e de chantagem! Cortar recursos de quem precisa do Estado e dos investimentos p\u00fablicos s\u00f3 vai levar o pa\u00eds de volta a um passado de exclus\u00e3o e injusti\u00e7a que os movimentos sociais e o povo lutam h\u00e1 tempos, todos os dias, para transformar numa sociedade melhor e mais justa\u201d, diz o texto.\n<\/p>\n<p><strong>Lula criticou \u201chipocrisia do mercado\u201d<\/strong><br \/>Na semana passada, Lula afirmou ver hipocrisia do mercado sobre o corte de gastos. Ele tamb\u00e9m cobrou que o Congresso e os empres\u00e1rios participem da redu\u00e7\u00e3o de despesas, fazendo refer\u00eancias \u00e0s ren\u00fancias tribut\u00e1rias e \u00e0s emendas parlamentares. \u201cEu, \u00e0s vezes, acho que o mercado age com uma certa hipocrisia, com uma contribui\u00e7\u00e3o muito grande da imprensa brasileira, para tentar criar confus\u00e3o na cabe\u00e7a da sociedade. Acontece que n\u00f3s n\u00e3o podemos mais, toda vez que precisar cortar alguma coisa, (fazer) em cima do ombro das pessoas mais necessitadas\u201d, disse o presidente.\n<\/p>\n<p>O PT e outros aliados de Lula torcem para que as \u00e1reas sociais n\u00e3o sofram cortes que possam machucar ainda mais a imagem do partido, especialmente depois das elei\u00e7\u00f5es municipais, em que a esquerda j\u00e1 saiu enfraquecida. O governo avalia submeter as principais despesas do Or\u00e7amento ao limite do arcabou\u00e7o fiscal, com teto de at\u00e9 2,5% de crescimento acima da infla\u00e7\u00e3o, mas Lula ainda n\u00e3o bateu o martelo e ainda n\u00e3o autorizou o an\u00fancio do pacote.\n<\/p>\n<p>Na \u00faltima segunda-feira, 11, depois de ru\u00eddos e brigas de ministros de \u00e1reas afetadas, Gleisi afirmou que o partido vai apoiar o que for anunciado por Lula. \u201cNa hora em que o presidente Lula definir o rumo, e a gente confia muito nele. O PT n\u00e3o faltar\u00e1 a ele, n\u00f3s vamos estar juntos\u201d, disse a presidente do partido em entrevista \u00e0 Revista F\u00f3rum.<\/p>\n<p>Fonte: Revista Oeste              <\/p>\n<\/div>\n<p><br \/>\n<br \/><a href=\"https:\/\/diariodobrasilnoticias.com.br\/noticia\/pt-e-partidos-de-esquerda-assinam-manifesto-contra-os-cortes-de-gastos-no-governo-lula-67336fd1937af\">Source link <\/a><\/p>","protected":false},"excerpt":{"rendered":"<p>O PT, o PDT, o Psol e o PCdoB assinaram um manifesto contra o corte de gastos em \u00e1reas sociais e com cr\u00edticas \u00e0 press\u00e3o pela apresenta\u00e7\u00e3o de um ajuste&hellip;<\/p>","protected":false},"author":1,"featured_media":58314,"comment_status":"closed","ping_status":"open","sticky":false,"template":"","format":"standard","meta":{"content-type":"","footnotes":""},"categories":[16],"tags":[123,2448,5313,1267],"class_list":["post-58313","post","type-post","status-publish","format-standard","has-post-thumbnail","hentry","category-noticias","tag-brasil","tag-diario","tag-noticia","tag-noticias"],"_links":{"self":[{"href":"https:\/\/tvbrazilusa.com\/pt\/wp-json\/wp\/v2\/posts\/58313","targetHints":{"allow":["GET"]}}],"collection":[{"href":"https:\/\/tvbrazilusa.com\/pt\/wp-json\/wp\/v2\/posts"}],"about":[{"href":"https:\/\/tvbrazilusa.com\/pt\/wp-json\/wp\/v2\/types\/post"}],"author":[{"embeddable":true,"href":"https:\/\/tvbrazilusa.com\/pt\/wp-json\/wp\/v2\/users\/1"}],"replies":[{"embeddable":true,"href":"https:\/\/tvbrazilusa.com\/pt\/wp-json\/wp\/v2\/comments?post=58313"}],"version-history":[{"count":1,"href":"https:\/\/tvbrazilusa.com\/pt\/wp-json\/wp\/v2\/posts\/58313\/revisions"}],"predecessor-version":[{"id":58315,"href":"https:\/\/tvbrazilusa.com\/pt\/wp-json\/wp\/v2\/posts\/58313\/revisions\/58315"}],"wp:featuredmedia":[{"embeddable":true,"href":"https:\/\/tvbrazilusa.com\/pt\/wp-json\/wp\/v2\/media\/58314"}],"wp:attachment":[{"href":"https:\/\/tvbrazilusa.com\/pt\/wp-json\/wp\/v2\/media?parent=58313"}],"wp:term":[{"taxonomy":"category","embeddable":true,"href":"https:\/\/tvbrazilusa.com\/pt\/wp-json\/wp\/v2\/categories?post=58313"},{"taxonomy":"post_tag","embeddable":true,"href":"https:\/\/tvbrazilusa.com\/pt\/wp-json\/wp\/v2\/tags?post=58313"}],"curies":[{"name":"wp","href":"https:\/\/api.w.org\/{rel}","templated":true}]}}