{"id":58351,"date":"2024-11-12T19:21:55","date_gmt":"2024-11-12T19:21:55","guid":{"rendered":"https:\/\/tvbrazilusa.com\/2024\/11\/12\/conselheiro-de-trump-e-cotado-para-novo-governo-foi-alvo-de-moraes\/"},"modified":"2024-11-12T19:21:56","modified_gmt":"2024-11-12T19:21:56","slug":"conselheiro-de-trump-e-cotado-para-novo-governo-foi-alvo-de-moraes","status":"publish","type":"post","link":"https:\/\/tvbrazilusa.com\/pt\/2024\/11\/12\/conselheiro-de-trump-e-cotado-para-novo-governo-foi-alvo-de-moraes\/","title":{"rendered":"Conselheiro de Trump e cotado para novo governo foi alvo de Moraes"},"content":{"rendered":"<p> <script async src=\"https:\/\/pagead2.googlesyndication.com\/pagead\/js\/adsbygoogle.js?client=ca-pub-8864793242727901\"\r\n     crossorigin=\"anonymous\"><\/script><br \/>\n<\/p>\n<div id=\"taboola-read-more\" style=\"display:block; width:100%\">\n<p>Jason Miller, um dos assessores mais pr\u00f3ximos de Donald Trump, com lugar garantido no governo do republicano (caso queira), n\u00e3o tem boa mem\u00f3ria de sua passagem pelo Brasil em 2021 e, particularmente, do ministro Alexandre de Moraes.\n<\/p>\n<p>Em 7 de setembro de 2021, quando chegou ao Brasil para participar do CPAC, maior evento conservador do mundo, Miller ficou detido por algumas horas no Aeroporto Internacional de Bras\u00edlia para um interrogat\u00f3rio feito pela Pol\u00edcia Federal (PF) a pedido de Moraes. O procedimento fez parte do inqu\u00e9rito das fake news, sediado no Supremo Tribunal Federal.<\/p>\n<p>Em uma entrevista dada dois dias depois de ser detido, ao norte-americano Matt Couch, do blog The DC Patriot, Miller, que tamb\u00e9m \u00e9 o fundador da rede social Gettr, disse que Moraes &#8220;\u00e9 como um vil\u00e3o de James Bond&#8221;. &#8220;Voc\u00ea tem que ver a foto dele&#8221;, comentou.\n<\/p>\n<p>\u00c0 Fox News, no mesmo dia, Miller explicou que, &#8220;no Brasil, um juiz da Suprema Corte tamb\u00e9m tem a capacidade de emitir intima\u00e7\u00f5es, mandar prender pessoas e muito mais&#8221;. &#8220;Eles s\u00e3o incontrol\u00e1veis&#8221;, afirmou.\n<\/p>\n<p>O motivo da presen\u00e7a de Miller no CPAC era promover sua rede social no Brasil. Al\u00e9m do contato com personalidades de direita no CPAC, Miller teve um encontro com o presidente Jair Bolsonaro durante sua visita.\n<\/p>\n<p><strong>Como foi o procedimento da pol\u00edcia <\/strong><br \/>Segundo o relato de Miller, ele e sua comitiva foram interrogados por tr\u00eas horas no aeroporto de Bras\u00edlia. &#8220;N\u00e3o fomos acusados de nenhum delito, e nos disseram que &#8216;queriam conversar&#8217;. Informamos que n\u00e3o t\u00ednhamos nada a dizer e, no fim, fomos liberados para voar de volta aos Estados Unidos. Nosso objetivo de promover a liberdade de express\u00e3o em todo o mundo continua!&#8221;, disse no Instagram.\n<\/p>\n<p>Na entrevista ao norte-americano Matt Couch, do blog The DC Patriot, em 2021, o fundador do Gettr acrescentou mais detalhes \u00e0 hist\u00f3ria. &#8220;Eu passo pelos detectores de metal no aeroporto e do outro lado chegam dois policiais federais \u00e0 paisana, esperando por mim: &#8216;N\u00f3s gostar\u00edamos que o senhor viesse por aqui'&#8221;, contou . Miller diz que ficou alerta porque j\u00e1 tinha ouvido hist\u00f3rias sobre as decis\u00f5es fora de controle do STF.\n<\/p>\n<p>Quando os oficiais come\u00e7aram a fazer perguntas mais espec\u00edficas sobre as investiga\u00e7\u00f5es em curso, Miller se recusou a continuar respondendo sem a presen\u00e7a de um advogado. &#8220;Eles falaram: &#8216;Diga todas as pessoas com quem voc\u00ea se encontrou enquanto esteve no pa\u00eds, e quem est\u00e1 ajudando voc\u00ea com o Gettr, quem s\u00e3o seus representantes&#8217;. A\u00ed eu pensei: &#8216;Chega, vamos ligar para a embaixada. Vamos chamar um advogado&#8217;.&#8221; A embaixada norte-americana interveio e, pouco tempo depois, Miller foi liberado.\n<\/p>\n<p>\u00c0 Jovem Pan, na \u00e9poca, Miller disse que a hist\u00f3ria &#8220;foi como algo sa\u00eddo de um filme&#8221;. Para ele, o objetivo do interrogat\u00f3rio &#8220;era puramente pol\u00edtico&#8221;. &#8220;Acho que \u00e9 porque sou uma pessoa que apoia a liberdade de express\u00e3o&#8221;, afirmou \u00e0 r\u00e1dio.\n<\/p>\n<p><strong>Jason Miller recusou cargo na Casa Branca ap\u00f3s elei\u00e7\u00f5es de 2016 <\/strong><br \/>Jason Miller trabalhou na campanha de Donald Trump, em 2016. Ap\u00f3s a vit\u00f3ria daquele ano, recusou o convite para assumir o cargo de diretor de comunica\u00e7\u00f5es da Casa Branca dois dias ap\u00f3s ser nomeado, alegando o desejo de continuar a gerenciar seus projetos pessoais. Mesmo assim, nunca deixou de estar pr\u00f3ximo de Trump, sendo seu porta-voz nas campanhas presidenciais de 2020 e 2024.<\/p>\n<p>Fonte: Gazeta do Povo              <\/p>\n<\/div>\n<p><br \/>\n<br \/><a href=\"https:\/\/diariodobrasilnoticias.com.br\/noticia\/conselheiro-de-trump-e-cotado-para-novo-governo-foi-alvo-de-moraes-67337ec6f18fb\">Source link <\/a><\/p>","protected":false},"excerpt":{"rendered":"<p>Jason Miller, um dos assessores mais pr\u00f3ximos de Donald Trump, com lugar garantido no governo do republicano (caso queira), n\u00e3o tem boa mem\u00f3ria de sua passagem pelo Brasil em 2021&hellip;<\/p>","protected":false},"author":1,"featured_media":58352,"comment_status":"closed","ping_status":"open","sticky":false,"template":"","format":"standard","meta":{"content-type":"","footnotes":""},"categories":[16],"tags":[123,2448,5313,1267],"class_list":["post-58351","post","type-post","status-publish","format-standard","has-post-thumbnail","hentry","category-noticias","tag-brasil","tag-diario","tag-noticia","tag-noticias"],"_links":{"self":[{"href":"https:\/\/tvbrazilusa.com\/pt\/wp-json\/wp\/v2\/posts\/58351","targetHints":{"allow":["GET"]}}],"collection":[{"href":"https:\/\/tvbrazilusa.com\/pt\/wp-json\/wp\/v2\/posts"}],"about":[{"href":"https:\/\/tvbrazilusa.com\/pt\/wp-json\/wp\/v2\/types\/post"}],"author":[{"embeddable":true,"href":"https:\/\/tvbrazilusa.com\/pt\/wp-json\/wp\/v2\/users\/1"}],"replies":[{"embeddable":true,"href":"https:\/\/tvbrazilusa.com\/pt\/wp-json\/wp\/v2\/comments?post=58351"}],"version-history":[{"count":1,"href":"https:\/\/tvbrazilusa.com\/pt\/wp-json\/wp\/v2\/posts\/58351\/revisions"}],"predecessor-version":[{"id":58353,"href":"https:\/\/tvbrazilusa.com\/pt\/wp-json\/wp\/v2\/posts\/58351\/revisions\/58353"}],"wp:featuredmedia":[{"embeddable":true,"href":"https:\/\/tvbrazilusa.com\/pt\/wp-json\/wp\/v2\/media\/58352"}],"wp:attachment":[{"href":"https:\/\/tvbrazilusa.com\/pt\/wp-json\/wp\/v2\/media?parent=58351"}],"wp:term":[{"taxonomy":"category","embeddable":true,"href":"https:\/\/tvbrazilusa.com\/pt\/wp-json\/wp\/v2\/categories?post=58351"},{"taxonomy":"post_tag","embeddable":true,"href":"https:\/\/tvbrazilusa.com\/pt\/wp-json\/wp\/v2\/tags?post=58351"}],"curies":[{"name":"wp","href":"https:\/\/api.w.org\/{rel}","templated":true}]}}