{"id":58362,"date":"2024-11-12T19:39:36","date_gmt":"2024-11-12T19:39:36","guid":{"rendered":"https:\/\/tvbrazilusa.com\/2024\/11\/12\/para-lula-o-apoio-de-elon-musk-a-campanha-de-trump-nao-foi-um-almoco-de-graca\/"},"modified":"2024-11-12T19:39:37","modified_gmt":"2024-11-12T19:39:37","slug":"para-lula-o-apoio-de-elon-musk-a-campanha-de-trump-nao-foi-um-almoco-de-graca","status":"publish","type":"post","link":"https:\/\/tvbrazilusa.com\/pt\/2024\/11\/12\/para-lula-o-apoio-de-elon-musk-a-campanha-de-trump-nao-foi-um-almoco-de-graca\/","title":{"rendered":"Para Lula, o apoio de Elon Musk \u00e0 campanha de Trump n\u00e3o foi um &#8216;almo\u00e7o de gra\u00e7a&#8217;"},"content":{"rendered":"<p> <script async src=\"https:\/\/pagead2.googlesyndication.com\/pagead\/js\/adsbygoogle.js?client=ca-pub-8864793242727901\"\r\n     crossorigin=\"anonymous\"><\/script><br \/>\n<\/p>\n<div id=\"taboola-read-more\" style=\"display:block; width:100%\">\n<p>Lula disse ontem no Pal\u00e1cio do Planalto, numa reuni\u00e3o a portas fechadas, que o apoio de Elon Musk \u00e0 campanha de Donald Trump \u00e0 reelei\u00e7\u00e3o nos EUA n\u00e3o foi um \u201calmo\u00e7o de gra\u00e7a\u201d. A fala foi direcionada a integrantes brasileiros do G20 Social, que no fim da semana v\u00e3o se encontrar com representantes de outros 20 pa\u00edses do bloco no Rio de Janeiro. Eles estiveram reunidos com o presidente em Bras\u00edlia.\n<\/p>\n<p>A men\u00e7\u00e3o do petista a Musk, que j\u00e1 vem sendo publicamente criticado, aconteceu durante uma explana\u00e7\u00e3o sobre a taxa\u00e7\u00e3o de super-ricos, discutida pelo G20. O Brasil est\u00e1 propondo aos outros pa\u00edses do grupo que se estabele\u00e7a um imposto anual de 2% sobre as fortunas de bilion\u00e1rios pelo mundo. A medida \u00e9 a principal entre as encampadas por Lula e pode render at\u00e9 US$ 250 bilh\u00f5es por ano, com cobran\u00e7as a cerca de 3 mil pessoas. Seria um padr\u00e3o de tributa\u00e7\u00e3o internacional.<\/p>\n<p>Dono de um imp\u00e9rio que inclui o X (antigo Twitter), a Tesla e a SpaceX, entre outras empresas, Musk tem uma fortuna superior a US$ 314 bilh\u00f5es. Apoiador de Trump, o empres\u00e1rio viu as a\u00e7\u00f5es de seus neg\u00f3cios (da Tesla, sobretudo) se valorizarem desde a semana passada, com a perspectiva de que a volta do presidente \u00e0 Casa Branca pode impactar positivamente a regulamenta\u00e7\u00e3o de suas atividades.\n<\/p>\n<p>Antes dessa valoriza\u00e7\u00e3o, Musk investiu mais de US$ 100 milh\u00f5es (por volta de R$ 570 milh\u00f5es) na campanha de Trump, participou de com\u00edcios e fez rifas de valores milion\u00e1rios para incentivar eleitores.\n<\/p>\n<p>Foi sobre esse suporte a Trump (e, depois, os ganhos financeiros de Musk) a que Lula se referiu:\n<\/p>\n<p>\u2014 Veja esse cara do Twitter, o Elon Musk. O que ele fez agora? Ele captou uma dinheirama na campanha do Trump. E n\u00e3o tinha almo\u00e7o de gra\u00e7a.<\/p>\n<p>Fonte: O Globo              <\/p>\n<\/div>\n<p><br \/>\n<br \/><a href=\"https:\/\/diariodobrasilnoticias.com.br\/noticia\/para-lula-o-apoio-de-elon-musk-a-campanha-de-trump-nao-foi-um-almoco-de-graca-67338ad89df54\">Source link <\/a><\/p>","protected":false},"excerpt":{"rendered":"<p>Lula disse ontem no Pal\u00e1cio do Planalto, numa reuni\u00e3o a portas fechadas, que o apoio de Elon Musk \u00e0 campanha de Donald Trump \u00e0 reelei\u00e7\u00e3o nos EUA n\u00e3o foi um&hellip;<\/p>","protected":false},"author":1,"featured_media":58363,"comment_status":"closed","ping_status":"open","sticky":false,"template":"","format":"standard","meta":{"content-type":"","footnotes":""},"categories":[16],"tags":[123,2448,5313,1267],"class_list":["post-58362","post","type-post","status-publish","format-standard","has-post-thumbnail","hentry","category-noticias","tag-brasil","tag-diario","tag-noticia","tag-noticias"],"_links":{"self":[{"href":"https:\/\/tvbrazilusa.com\/pt\/wp-json\/wp\/v2\/posts\/58362","targetHints":{"allow":["GET"]}}],"collection":[{"href":"https:\/\/tvbrazilusa.com\/pt\/wp-json\/wp\/v2\/posts"}],"about":[{"href":"https:\/\/tvbrazilusa.com\/pt\/wp-json\/wp\/v2\/types\/post"}],"author":[{"embeddable":true,"href":"https:\/\/tvbrazilusa.com\/pt\/wp-json\/wp\/v2\/users\/1"}],"replies":[{"embeddable":true,"href":"https:\/\/tvbrazilusa.com\/pt\/wp-json\/wp\/v2\/comments?post=58362"}],"version-history":[{"count":1,"href":"https:\/\/tvbrazilusa.com\/pt\/wp-json\/wp\/v2\/posts\/58362\/revisions"}],"predecessor-version":[{"id":58364,"href":"https:\/\/tvbrazilusa.com\/pt\/wp-json\/wp\/v2\/posts\/58362\/revisions\/58364"}],"wp:featuredmedia":[{"embeddable":true,"href":"https:\/\/tvbrazilusa.com\/pt\/wp-json\/wp\/v2\/media\/58363"}],"wp:attachment":[{"href":"https:\/\/tvbrazilusa.com\/pt\/wp-json\/wp\/v2\/media?parent=58362"}],"wp:term":[{"taxonomy":"category","embeddable":true,"href":"https:\/\/tvbrazilusa.com\/pt\/wp-json\/wp\/v2\/categories?post=58362"},{"taxonomy":"post_tag","embeddable":true,"href":"https:\/\/tvbrazilusa.com\/pt\/wp-json\/wp\/v2\/tags?post=58362"}],"curies":[{"name":"wp","href":"https:\/\/api.w.org\/{rel}","templated":true}]}}