{"id":58389,"date":"2024-11-12T20:19:32","date_gmt":"2024-11-12T20:19:32","guid":{"rendered":"https:\/\/tvbrazilusa.com\/2024\/11\/12\/sobrinha-do-tio-paulo-erika-de-souza-e-julgada-nesta-terca-feira-12\/"},"modified":"2024-11-12T20:19:33","modified_gmt":"2024-11-12T20:19:33","slug":"sobrinha-do-tio-paulo-erika-de-souza-e-julgada-nesta-terca-feira-12","status":"publish","type":"post","link":"https:\/\/tvbrazilusa.com\/pt\/2024\/11\/12\/sobrinha-do-tio-paulo-erika-de-souza-e-julgada-nesta-terca-feira-12\/","title":{"rendered":"Sobrinha do Tio Paulo, Erika de Souza \u00e9 julgada nesta ter\u00e7a-feira, 12"},"content":{"rendered":"<p> <script async src=\"https:\/\/pagead2.googlesyndication.com\/pagead\/js\/adsbygoogle.js?client=ca-pub-8864793242727901\"\r\n     crossorigin=\"anonymous\"><\/script><br \/>\n<\/p>\n<div id=\"taboola-read-more\" style=\"display:block; width:100%\">\n<p>A Audi\u00eancia de Instru\u00e7\u00e3o e Julgamento de Erika de Souza Vieira Nunes, de 43 anos, ocorre nesta ter\u00e7a-feira, 12, no Rio de Janeiro. Ela \u00e9 acusada de levar seu tio, Paulo, morto a um banco em Bangu, em abril do ano passado.\n<\/p>\n<p>Seu objetivo seria sacar um empr\u00e9stimo de R$ 17 mil. Paulo Roberto Braga, de 68 anos, chegou \u00e0 ag\u00eancia em uma cadeira de rodas, mas j\u00e1 estava falecido. O caso ficou conhecido nas redes sociais como o do \u201cTio Paulo\u201d.<\/p>\n<p>Uma funcion\u00e1ria do banco notou a situa\u00e7\u00e3o suspeita e acionou o Servi\u00e7o de Atendimento M\u00f3vel de Urg\u00eancia (Samu). Os agentes de sa\u00fade confirmaram que a morte ocorreu antes da chegada da dupla \u00e0 ag\u00eancia. Erika responde por vilip\u00eandio de cad\u00e1ver e estelionato.\n<\/p>\n<p>No dia do incidente, ela foi levada \u00e0 34\u00aa Delegacia de Pol\u00edcia de Bangu, onde ficou presa. Contudo, em maio, a ju\u00edza Luciana Mocco revogou sua pris\u00e3o preventiva e permitiu que ela aguardasse o julgamento em liberdade.\n<\/p>\n<p>A magistrada considerou que Erika \u00e9 r\u00e9 prim\u00e1ria, possui resid\u00eancia fixa e n\u00e3o representa risco \u00e0 ordem p\u00fablica. Em outubro, a defesa tentou adiar a audi\u00eancia sob a alega\u00e7\u00e3o de que a acusada passaria por uma cirurgia e estava com a sa\u00fade mental fragilizada.\n<\/p>\n<p>Entretanto, a ju\u00edza Yedda Christina Ching San Filizzola Assun\u00e7\u00e3o rejeitou o pedido de adiamento.\n<\/p>\n<p>Fonte: Revista Oeste\n              <\/p>\n<\/div>\n<p><br \/>\n<br \/><a href=\"https:\/\/diariodobrasilnoticias.com.br\/noticia\/sobrinha-do-tio-paulo-erika-de-souza-e-julgada-nesta-terca-feira-12-673396d35fd09\">Source link <\/a><\/p>","protected":false},"excerpt":{"rendered":"<p>A Audi\u00eancia de Instru\u00e7\u00e3o e Julgamento de Erika de Souza Vieira Nunes, de 43 anos, ocorre nesta ter\u00e7a-feira, 12, no Rio de Janeiro. Ela \u00e9 acusada de levar seu tio,&hellip;<\/p>","protected":false},"author":1,"featured_media":58390,"comment_status":"closed","ping_status":"open","sticky":false,"template":"","format":"standard","meta":{"content-type":"","footnotes":""},"categories":[16],"tags":[123,2448,5313,1267],"class_list":["post-58389","post","type-post","status-publish","format-standard","has-post-thumbnail","hentry","category-noticias","tag-brasil","tag-diario","tag-noticia","tag-noticias"],"_links":{"self":[{"href":"https:\/\/tvbrazilusa.com\/pt\/wp-json\/wp\/v2\/posts\/58389","targetHints":{"allow":["GET"]}}],"collection":[{"href":"https:\/\/tvbrazilusa.com\/pt\/wp-json\/wp\/v2\/posts"}],"about":[{"href":"https:\/\/tvbrazilusa.com\/pt\/wp-json\/wp\/v2\/types\/post"}],"author":[{"embeddable":true,"href":"https:\/\/tvbrazilusa.com\/pt\/wp-json\/wp\/v2\/users\/1"}],"replies":[{"embeddable":true,"href":"https:\/\/tvbrazilusa.com\/pt\/wp-json\/wp\/v2\/comments?post=58389"}],"version-history":[{"count":1,"href":"https:\/\/tvbrazilusa.com\/pt\/wp-json\/wp\/v2\/posts\/58389\/revisions"}],"predecessor-version":[{"id":58391,"href":"https:\/\/tvbrazilusa.com\/pt\/wp-json\/wp\/v2\/posts\/58389\/revisions\/58391"}],"wp:featuredmedia":[{"embeddable":true,"href":"https:\/\/tvbrazilusa.com\/pt\/wp-json\/wp\/v2\/media\/58390"}],"wp:attachment":[{"href":"https:\/\/tvbrazilusa.com\/pt\/wp-json\/wp\/v2\/media?parent=58389"}],"wp:term":[{"taxonomy":"category","embeddable":true,"href":"https:\/\/tvbrazilusa.com\/pt\/wp-json\/wp\/v2\/categories?post=58389"},{"taxonomy":"post_tag","embeddable":true,"href":"https:\/\/tvbrazilusa.com\/pt\/wp-json\/wp\/v2\/tags?post=58389"}],"curies":[{"name":"wp","href":"https:\/\/api.w.org\/{rel}","templated":true}]}}