{"id":58397,"date":"2024-11-12T20:35:09","date_gmt":"2024-11-12T20:35:09","guid":{"rendered":"https:\/\/tvbrazilusa.com\/2024\/11\/12\/hugo-motta-expressa-preocupacao-em-relacao-a-pec-que-propoe-o-fim-da-escala-6x1\/"},"modified":"2024-11-12T20:35:10","modified_gmt":"2024-11-12T20:35:10","slug":"hugo-motta-expressa-preocupacao-em-relacao-a-pec-que-propoe-o-fim-da-escala-6x1","status":"publish","type":"post","link":"https:\/\/tvbrazilusa.com\/pt\/2024\/11\/12\/hugo-motta-expressa-preocupacao-em-relacao-a-pec-que-propoe-o-fim-da-escala-6x1\/","title":{"rendered":"Hugo Motta expressa preocupa\u00e7\u00e3o em rela\u00e7\u00e3o \u00e0 PEC que prop\u00f5e o fim da escala 6&#215;1"},"content":{"rendered":"<p> <script async src=\"https:\/\/pagead2.googlesyndication.com\/pagead\/js\/adsbygoogle.js?client=ca-pub-8864793242727901\"\r\n     crossorigin=\"anonymous\"><\/script><br \/>\n<\/p>\n<div id=\"taboola-read-more\" style=\"display:block; width:100%\">\n<p>Candidato a presidente da C\u00e2mara dos Deputados, o deputado federal Hugo Motta (Republicanos-PB) disse nesta ter\u00e7a-feira (12) ter preocupa\u00e7\u00e3o com a Proposta de Emenda \u00e0 Constitui\u00e7\u00e3o (PEC) que d\u00e1 fim \u00e0 escala 6\u00d71 nas jornadas de trabalho, proposi\u00e7\u00e3o de autoria da deputada federal Erika Hilton (PSOL-SP).\n<\/p>\n<p>\u2013 Me preocupa muito, por exemplo, essa PEC agora recentemente apresentada, essa [que acaba com a jornada] 6 por 1, onde se criou um verdadeiro movimento nas redes sociais a favor da PEC, que \u00e9 um tema que n\u00f3s temos e n\u00f3s vamos discutir, mas n\u00e3o ouvindo apenas um lado. N\u00f3s temos que ouvir, tamb\u00e9m, quem emprega \u2013 declarou Motta em um almo\u00e7o com empres\u00e1rios.<\/p>\n<p>Motta disse tamb\u00e9m que \u00e9 preciso ouvir os dois lados, para que, no futuro, uma pauta que possa \u201cser danosa ao pa\u00eds\u201d n\u00e3o venha a ser aprovada no Parlamento. O l\u00edder do Republicanos fez quest\u00e3o de destacar que a sua posi\u00e7\u00e3o n\u00e3o \u00e9 nem favor\u00e1vel, nem contr\u00e1ria \u00e0 proposta de autoria da deputada Erika Hilton (PSOL-SP).\n<\/p>\n<p>\u2013 N\u00e3o estou aqui dizendo que sou a favor ou contra [a PEC]. Estou dizendo que o Parlamento tem que, na sua maturidade, discutir esses temas e discutir respeitando quem pensa o contr\u00e1rio. A C\u00e2mara n\u00e3o pode se transformar em uma Casa onde o debate fique prejudicado, \u00e0s vezes por agress\u00f5es pessoais e verbais, que em nada contribuem \u2013 apontou.\n<\/p>\n<p>Durante sua fala, Motta tamb\u00e9m disse querer \u201cavan\u00e7ar em uma agenda positiva\u201d sem prejudicar a gera\u00e7\u00e3o de empregos. No mesmo almo\u00e7o, o presidente da Frente Parlamentar do Empreendedorismo, Joaquim Passarinho (PL-PA), referiu-se \u00e0 PEC como uma \u201cbomba\u201d dentro do Congresso.\n<\/p>\n<p>Fonte: Pleno News              <\/p>\n<\/div>\n<p><br \/>\n<br \/><a href=\"https:\/\/diariodobrasilnoticias.com.br\/noticia\/hugo-motta-expressa-preocupacao-em-relacao-a-pec-que-propoe-o-fim-da-escala-6x1-673398a5aadaa\">Source link <\/a><\/p>","protected":false},"excerpt":{"rendered":"<p>Candidato a presidente da C\u00e2mara dos Deputados, o deputado federal Hugo Motta (Republicanos-PB) disse nesta ter\u00e7a-feira (12) ter preocupa\u00e7\u00e3o com a Proposta de Emenda \u00e0 Constitui\u00e7\u00e3o (PEC) que d\u00e1 fim&hellip;<\/p>","protected":false},"author":1,"featured_media":58398,"comment_status":"closed","ping_status":"open","sticky":false,"template":"","format":"standard","meta":{"content-type":"","footnotes":""},"categories":[16],"tags":[123,2448,5313,1267],"class_list":["post-58397","post","type-post","status-publish","format-standard","has-post-thumbnail","hentry","category-noticias","tag-brasil","tag-diario","tag-noticia","tag-noticias"],"_links":{"self":[{"href":"https:\/\/tvbrazilusa.com\/pt\/wp-json\/wp\/v2\/posts\/58397","targetHints":{"allow":["GET"]}}],"collection":[{"href":"https:\/\/tvbrazilusa.com\/pt\/wp-json\/wp\/v2\/posts"}],"about":[{"href":"https:\/\/tvbrazilusa.com\/pt\/wp-json\/wp\/v2\/types\/post"}],"author":[{"embeddable":true,"href":"https:\/\/tvbrazilusa.com\/pt\/wp-json\/wp\/v2\/users\/1"}],"replies":[{"embeddable":true,"href":"https:\/\/tvbrazilusa.com\/pt\/wp-json\/wp\/v2\/comments?post=58397"}],"version-history":[{"count":1,"href":"https:\/\/tvbrazilusa.com\/pt\/wp-json\/wp\/v2\/posts\/58397\/revisions"}],"predecessor-version":[{"id":58399,"href":"https:\/\/tvbrazilusa.com\/pt\/wp-json\/wp\/v2\/posts\/58397\/revisions\/58399"}],"wp:featuredmedia":[{"embeddable":true,"href":"https:\/\/tvbrazilusa.com\/pt\/wp-json\/wp\/v2\/media\/58398"}],"wp:attachment":[{"href":"https:\/\/tvbrazilusa.com\/pt\/wp-json\/wp\/v2\/media?parent=58397"}],"wp:term":[{"taxonomy":"category","embeddable":true,"href":"https:\/\/tvbrazilusa.com\/pt\/wp-json\/wp\/v2\/categories?post=58397"},{"taxonomy":"post_tag","embeddable":true,"href":"https:\/\/tvbrazilusa.com\/pt\/wp-json\/wp\/v2\/tags?post=58397"}],"curies":[{"name":"wp","href":"https:\/\/api.w.org\/{rel}","templated":true}]}}