{"id":58420,"date":"2024-11-12T21:07:42","date_gmt":"2024-11-12T21:07:42","guid":{"rendered":"https:\/\/tvbrazilusa.com\/2024\/11\/12\/lula-nao-ligou-para-trump-apos-vitoria-diz-ministro-das-relacoes-exteriores-trabalhando-nisso\/"},"modified":"2024-11-12T21:07:43","modified_gmt":"2024-11-12T21:07:43","slug":"lula-nao-ligou-para-trump-apos-vitoria-diz-ministro-das-relacoes-exteriores-trabalhando-nisso","status":"publish","type":"post","link":"https:\/\/tvbrazilusa.com\/pt\/2024\/11\/12\/lula-nao-ligou-para-trump-apos-vitoria-diz-ministro-das-relacoes-exteriores-trabalhando-nisso\/","title":{"rendered":"Lula n\u00e3o ligou para Trump ap\u00f3s vit\u00f3ria, diz ministro das Rela\u00e7\u00f5es Exteriores: \u2018Trabalhando nisso\u2019"},"content":{"rendered":"<p> <script async src=\"https:\/\/pagead2.googlesyndication.com\/pagead\/js\/adsbygoogle.js?client=ca-pub-8864793242727901\"\r\n     crossorigin=\"anonymous\"><\/script><br \/>\n<\/p>\n<div id=\"taboola-read-more\" style=\"display:block; width:100%\">\n<p>O ministro das Rela\u00e7\u00f5es Exteriores, Mauro Vieira, disse em entrevista ao UOL News desta ter\u00e7a (12) que o presidente Luiz In\u00e1cio Lula da Silva ainda n\u00e3o ligou para o presidente rec\u00e9m-eleito dos Estados Unidos, Donald Trump, e que a equipe ainda \u201cest\u00e1 trabalhando nisso\u201d.\n<\/p>\n<p>\u201c[Lula] At\u00e9 agora n\u00e3o [ligou para Trump], mas \u00e9 poss\u00edvel que ligue proximamente. Pode ser um dia, pode ser dois, depende da disponibilidade de todos. Por enquanto, o que eu posso dizer \u00e9 que ele n\u00e3o telefonou ainda\u201d, afirmou Vieira.<\/p>\n<p>Houve uma manifesta\u00e7\u00e3o, uma mensagem, um tweet do presidente [Lula]. Depois n\u00f3s vamos ver. Estamos trabalhando, j\u00e1 tivemos contatos com as equipes dos dois candidatos [Kamala e Trump]. Ent\u00e3o, estamos trabalhando nisso\u201d, completou.\n<\/p>\n<p>Sobre uma poss\u00edvel sa\u00edda dos EUA de acordos multilaterais, Vieira afirmou que \u00e9 preciso esperar que o governo rec\u00e9m-eleito fa\u00e7a sua avalia\u00e7\u00e3o, mas que o Brasil espera poder continuar a trabalhar com o governo dos EUA. Existe a possibilidade de que Trump deixe o Acordo de Paris, que estabelece metas para limitar o aquecimento global.\n<\/p>\n<p>\u201cA decis\u00e3o de sair de um acordo multilateral tem seu o pre\u00e7o, tem o seu \u00f4nus, n\u00e3o s\u00f3 na mat\u00e9ria espec\u00edfica tratada pelo acordo, como tamb\u00e9m na imagem internacional do pa\u00eds. Eu acho que todos os dados ser\u00e3o avaliados e ponderados de acordo com as orienta\u00e7\u00f5es do governo, do governo do presidente Trump, recentemente eleito\u201d, falou Vieira.\n<\/p>\n<p><strong>UOL<\/strong>              <\/p>\n<\/div>\n<p><br \/>\n<br \/><a href=\"https:\/\/diariodobrasilnoticias.com.br\/noticia\/lula-nao-ligou-para-trump-apos-vitoria-diz-ministro-das-relacoes-exteriores-trabalhando-nisso-6733a73968502\">Source link <\/a><\/p>","protected":false},"excerpt":{"rendered":"<p>O ministro das Rela\u00e7\u00f5es Exteriores, Mauro Vieira, disse em entrevista ao UOL News desta ter\u00e7a (12) que o presidente Luiz In\u00e1cio Lula da Silva ainda n\u00e3o ligou para o presidente&hellip;<\/p>","protected":false},"author":1,"featured_media":58421,"comment_status":"closed","ping_status":"open","sticky":false,"template":"","format":"standard","meta":{"content-type":"","footnotes":""},"categories":[16],"tags":[123,2448,5313,1267],"class_list":["post-58420","post","type-post","status-publish","format-standard","has-post-thumbnail","hentry","category-noticias","tag-brasil","tag-diario","tag-noticia","tag-noticias"],"_links":{"self":[{"href":"https:\/\/tvbrazilusa.com\/pt\/wp-json\/wp\/v2\/posts\/58420","targetHints":{"allow":["GET"]}}],"collection":[{"href":"https:\/\/tvbrazilusa.com\/pt\/wp-json\/wp\/v2\/posts"}],"about":[{"href":"https:\/\/tvbrazilusa.com\/pt\/wp-json\/wp\/v2\/types\/post"}],"author":[{"embeddable":true,"href":"https:\/\/tvbrazilusa.com\/pt\/wp-json\/wp\/v2\/users\/1"}],"replies":[{"embeddable":true,"href":"https:\/\/tvbrazilusa.com\/pt\/wp-json\/wp\/v2\/comments?post=58420"}],"version-history":[{"count":1,"href":"https:\/\/tvbrazilusa.com\/pt\/wp-json\/wp\/v2\/posts\/58420\/revisions"}],"predecessor-version":[{"id":58422,"href":"https:\/\/tvbrazilusa.com\/pt\/wp-json\/wp\/v2\/posts\/58420\/revisions\/58422"}],"wp:featuredmedia":[{"embeddable":true,"href":"https:\/\/tvbrazilusa.com\/pt\/wp-json\/wp\/v2\/media\/58421"}],"wp:attachment":[{"href":"https:\/\/tvbrazilusa.com\/pt\/wp-json\/wp\/v2\/media?parent=58420"}],"wp:term":[{"taxonomy":"category","embeddable":true,"href":"https:\/\/tvbrazilusa.com\/pt\/wp-json\/wp\/v2\/categories?post=58420"},{"taxonomy":"post_tag","embeddable":true,"href":"https:\/\/tvbrazilusa.com\/pt\/wp-json\/wp\/v2\/tags?post=58420"}],"curies":[{"name":"wp","href":"https:\/\/api.w.org\/{rel}","templated":true}]}}